{"id":13075,"date":"2020-08-06T15:20:43","date_gmt":"2020-08-06T18:20:43","guid":{"rendered":"https:\/\/temucotelevision.cl\/web\/?p=13075"},"modified":"2020-08-06T15:21:43","modified_gmt":"2020-08-06T18:21:43","slug":"complejo-asistencial-padre-las-casas-inauguro-scanner-de-ultima-generacion-con-paciente-de-la-comuna%ef%bb%bf","status":"publish","type":"post","link":"https:\/\/temucotelevision.cl\/web\/2020\/08\/06\/complejo-asistencial-padre-las-casas-inauguro-scanner-de-ultima-generacion-con-paciente-de-la-comuna%ef%bb%bf\/","title":{"rendered":"Complejo Asistencial Padre Las Casas inaugur\u00f3 scanner de \u00faltima generaci\u00f3n con paciente de la comuna\ufeff"},"content":{"rendered":"<div class=\"pvc_clear\"><\/div><p id=\"pvc_stats_13075\" class=\"pvc_stats total_only  \" data-element-id=\"13075\" style=\"\"><i class=\"pvc-stats-icon large\" aria-hidden=\"true\"><svg aria-hidden=\"true\" focusable=\"false\" data-prefix=\"far\" data-icon=\"chart-bar\" role=\"img\" xmlns=\"http:\/\/www.w3.org\/2000\/svg\" viewBox=\"0 0 512 512\" class=\"svg-inline--fa fa-chart-bar fa-w-16 fa-2x\"><path fill=\"currentColor\" d=\"M396.8 352h22.4c6.4 0 12.8-6.4 12.8-12.8V108.8c0-6.4-6.4-12.8-12.8-12.8h-22.4c-6.4 0-12.8 6.4-12.8 12.8v230.4c0 6.4 6.4 12.8 12.8 12.8zm-192 0h22.4c6.4 0 12.8-6.4 12.8-12.8V140.8c0-6.4-6.4-12.8-12.8-12.8h-22.4c-6.4 0-12.8 6.4-12.8 12.8v198.4c0 6.4 6.4 12.8 12.8 12.8zm96 0h22.4c6.4 0 12.8-6.4 12.8-12.8V204.8c0-6.4-6.4-12.8-12.8-12.8h-22.4c-6.4 0-12.8 6.4-12.8 12.8v134.4c0 6.4 6.4 12.8 12.8 12.8zM496 400H48V80c0-8.84-7.16-16-16-16H16C7.16 64 0 71.16 0 80v336c0 17.67 14.33 32 32 32h464c8.84 0 16-7.16 16-16v-16c0-8.84-7.16-16-16-16zm-387.2-48h22.4c6.4 0 12.8-6.4 12.8-12.8v-70.4c0-6.4-6.4-12.8-12.8-12.8h-22.4c-6.4 0-12.8 6.4-12.8 12.8v70.4c0 6.4 6.4 12.8 12.8 12.8z\" class=\"\"><\/path><\/svg><\/i> <img loading=\"lazy\" decoding=\"async\" width=\"16\" height=\"16\" alt=\"Loading\" src=\"https:\/\/temucotelevision.cl\/web\/wp-content\/plugins\/page-views-count\/ajax-loader-2x.gif\" border=0 \/><\/p><div class=\"pvc_clear\"><\/div>\n<p>El Complejo Asistencial Padre Las Casas (CAPLC) dio un nuevo gran paso, esta vez, para su servicio de Imagenolog\u00eda, con la primera tomograf\u00eda computarizada realizada con el nuevo equipo scanner. Hito que de manera significativa fue realizado con una paciente de 85 a\u00f1os que se mantiene hospitalizada en el recinto.<\/p>\n\n\n\n<p>\u201cHoy dimos un gran paso en nuestro servicio de Imagenolog\u00eda, tomamos la primera tomograf\u00eda computarizada a una paciente de Padre Las Casas que est\u00e1 hospitalizada en nuestro establecimiento\u201d. Con estas palabras la jefa de Imagenolog\u00eda del CAPLC, Dra. Daniela Su\u00e1rez, destac\u00f3 el procedimiento de scanner de cerebro, necesario para la evaluaci\u00f3n, diagn\u00f3stico y tratamiento de pacientes, con el que se dio el vamos a la esperada prestaci\u00f3n.<\/p>\n\n\n\n<p>En el contexto de la apertura anticipada del centro asistencial de mediana complejidad, la habilitaci\u00f3n del scanner toma relevancia ya que comienza a funcionar varios meses antes de lo previsto para dar soluci\u00f3n a una necesidad importante, ya que previo a la habilitaci\u00f3n del equipo se requer\u00eda llevar a un paciente a otros dispositivos de la red Araucan\u00eda Sur para realizar ex\u00e1menes.<\/p>\n\n\n\n<p>Al respecto el director del CAPLC, Dr. Christian Nilo, resalt\u00f3 que \u201cTuvimos una flamante inauguraci\u00f3n, con nuestra primera paciente, el examen result\u00f3 ser un control, y estamos muy contentos de contar con esta herramienta y la aprovecharemos al m\u00e1ximo para poder servir a la poblaci\u00f3n que le va a dar uso\u201d.&nbsp;<\/p>\n\n\n\n<p><strong>Nuevo Scanner<\/strong><\/p>\n\n\n\n<p>El scanner Siemens modelo SOMATOM go.All es un equipo que permite ex\u00e1menes para&nbsp;neurolog\u00eda, ortopedia&nbsp;con la realizaci\u00f3n de visualizaci\u00f3n en 3D,&nbsp;detecci\u00f3n precoz en c\u00e1ncer&nbsp;de colon y pulm\u00f3n,&nbsp;estudios vasculares,&nbsp;entre otros. Su sistema reduce los pasos repetitivos del escaneo y las dosis de radiaci\u00f3n,&nbsp;facilitando&nbsp;ex\u00e1menesconsiderados como&nbsp;complejos.<\/p>\n\n\n\n<p>Al respecto el tecn\u00f3logo m\u00e9dico supervisor de Imagenolog\u00eda del CAPLC, Luis Illesca, agreg\u00f3 que \u201cEste nuevo equipo nos va a permitir realizar estudios con y sin contraste, a pacientes hospitalizados de nuestro establecimiento y tambi\u00e9n a pacientes ambulatorios de nuestro nodo centro\u201d.<\/p>\n\n\n\n<p>Posterior a la toma del examen, el director del Servicio de Salud Araucan\u00eda Sur, Ren\u00e9 Lopetegui, hizo un \u00e9nfasis la integraci\u00f3n del nuevo recurso, que \u201ces un equipo muy anhelado para toda nuestra provincia de Caut\u00edn, dado que viene a reforzar el conjunto de equipos de imagenolog\u00eda disponibles para la red asistencial. Este scanner de \u00faltima generaci\u00f3n va a brindar un apoyo al equipo m\u00e9dico, para poder tomar la mejor decisi\u00f3n respecto al diagn\u00f3stico de un paciente\u201d, finaliz\u00f3.<\/p>\n\n\n\n<div class=\"wp-block-image\"><figure class=\"aligncenter\"><img loading=\"lazy\" decoding=\"async\" width=\"1024\" height=\"576\" src=\"https:\/\/temucotelevision.cl\/web\/wp-content\/uploads\/2020\/08\/Primer-Scanner-CAPLC-1-1024x576.jpg\" alt=\"\" class=\"wp-image-13079\" srcset=\"https:\/\/temucotelevision.cl\/web\/wp-content\/uploads\/2020\/08\/Primer-Scanner-CAPLC-1-1024x576.jpg 1024w, https:\/\/temucotelevision.cl\/web\/wp-content\/uploads\/2020\/08\/Primer-Scanner-CAPLC-1-768x432.jpg 768w, https:\/\/temucotelevision.cl\/web\/wp-content\/uploads\/2020\/08\/Primer-Scanner-CAPLC-1.jpg 1280w\" sizes=\"auto, (max-width: 1024px) 100vw, 1024px\" \/><\/figure><\/div>\n","protected":false},"excerpt":{"rendered":"<div class=\"pvc_clear\"><\/div>\n<p id=\"pvc_stats_13075\" class=\"pvc_stats total_only  \" data-element-id=\"13075\" style=\"\"><i class=\"pvc-stats-icon large\" aria-hidden=\"true\"><svg aria-hidden=\"true\" focusable=\"false\" data-prefix=\"far\" data-icon=\"chart-bar\" role=\"img\" xmlns=\"http:\/\/www.w3.org\/2000\/svg\" viewBox=\"0 0 512 512\" class=\"svg-inline--fa fa-chart-bar fa-w-16 fa-2x\"><path fill=\"currentColor\" d=\"M396.8 352h22.4c6.4 0 12.8-6.4 12.8-12.8V108.8c0-6.4-6.4-12.8-12.8-12.8h-22.4c-6.4 0-12.8 6.4-12.8 12.8v230.4c0 6.4 6.4 12.8 12.8 12.8zm-192 0h22.4c6.4 0 12.8-6.4 12.8-12.8V140.8c0-6.4-6.4-12.8-12.8-12.8h-22.4c-6.4 0-12.8 6.4-12.8 12.8v198.4c0 6.4 6.4 12.8 12.8 12.8zm96 0h22.4c6.4 0 12.8-6.4 12.8-12.8V204.8c0-6.4-6.4-12.8-12.8-12.8h-22.4c-6.4 0-12.8 6.4-12.8 12.8v134.4c0 6.4 6.4 12.8 12.8 12.8zM496 400H48V80c0-8.84-7.16-16-16-16H16C7.16 64 0 71.16 0 80v336c0 17.67 14.33 32 32 32h464c8.84 0 16-7.16 16-16v-16c0-8.84-7.16-16-16-16zm-387.2-48h22.4c6.4 0 12.8-6.4 12.8-12.8v-70.4c0-6.4-6.4-12.8-12.8-12.8h-22.4c-6.4 0-12.8 6.4-12.8 12.8v70.4c0 6.4 6.4 12.8 12.8 12.8z\" class=\"\"><\/path><\/svg><\/i> <img loading=\"lazy\" decoding=\"async\" width=\"16\" height=\"16\" alt=\"Loading\" src=\"https:\/\/temucotelevision.cl\/web\/wp-content\/plugins\/page-views-count\/ajax-loader-2x.gif\" border=0 \/><\/p>\n<div class=\"pvc_clear\"><\/div>\n<p>El Complejo Asistencial Padre Las Casas (CAPLC) dio un nuevo gran paso, esta vez, para su servicio de Imagenolog\u00eda, con<\/p>\n","protected":false},"author":1,"featured_media":13076,"comment_status":"open","ping_status":"open","sticky":false,"template":"","format":"standard","meta":{"colormag_page_container_layout":"default_layout","colormag_page_sidebar_layout":"default_layout","footnotes":""},"categories":[101],"tags":[146,131],"class_list":["post-13075","post","type-post","status-publish","format-standard","has-post-thumbnail","hentry","category-actualidad","tag-comuna","tag-salud"],"a3_pvc":{"activated":true,"total_views":96,"today_views":0},"_links":{"self":[{"href":"https:\/\/temucotelevision.cl\/web\/wp-json\/wp\/v2\/posts\/13075","targetHints":{"allow":["GET"]}}],"collection":[{"href":"https:\/\/temucotelevision.cl\/web\/wp-json\/wp\/v2\/posts"}],"about":[{"href":"https:\/\/temucotelevision.cl\/web\/wp-json\/wp\/v2\/types\/post"}],"author":[{"embeddable":true,"href":"https:\/\/temucotelevision.cl\/web\/wp-json\/wp\/v2\/users\/1"}],"replies":[{"embeddable":true,"href":"https:\/\/temucotelevision.cl\/web\/wp-json\/wp\/v2\/comments?post=13075"}],"version-history":[{"count":2,"href":"https:\/\/temucotelevision.cl\/web\/wp-json\/wp\/v2\/posts\/13075\/revisions"}],"predecessor-version":[{"id":13080,"href":"https:\/\/temucotelevision.cl\/web\/wp-json\/wp\/v2\/posts\/13075\/revisions\/13080"}],"wp:featuredmedia":[{"embeddable":true,"href":"https:\/\/temucotelevision.cl\/web\/wp-json\/wp\/v2\/media\/13076"}],"wp:attachment":[{"href":"https:\/\/temucotelevision.cl\/web\/wp-json\/wp\/v2\/media?parent=13075"}],"wp:term":[{"taxonomy":"category","embeddable":true,"href":"https:\/\/temucotelevision.cl\/web\/wp-json\/wp\/v2\/categories?post=13075"},{"taxonomy":"post_tag","embeddable":true,"href":"https:\/\/temucotelevision.cl\/web\/wp-json\/wp\/v2\/tags?post=13075"}],"curies":[{"name":"wp","href":"https:\/\/api.w.org\/{rel}","templated":true}]}}