{"id":13063,"date":"2020-08-06T14:45:34","date_gmt":"2020-08-06T17:45:34","guid":{"rendered":"https:\/\/temucotelevision.cl\/web\/?p=13063"},"modified":"2020-08-06T15:09:34","modified_gmt":"2020-08-06T18:09:34","slug":"intendente-manoli-se-reune-con-alcaldes-afectados-por-toma-para-trabajar-en-receso-de-reconstruccion","status":"publish","type":"post","link":"https:\/\/temucotelevision.cl\/web\/2020\/08\/06\/intendente-manoli-se-reune-con-alcaldes-afectados-por-toma-para-trabajar-en-receso-de-reconstruccion\/","title":{"rendered":"Intendente Manoli se re\u00fane con Alcaldes afectados por toma para trabajar en proceso de reconstrucci\u00f3n"},"content":{"rendered":"<div class=\"pvc_clear\"><\/div><p id=\"pvc_stats_13063\" class=\"pvc_stats total_only  \" data-element-id=\"13063\" style=\"\"><i class=\"pvc-stats-icon large\" aria-hidden=\"true\"><svg aria-hidden=\"true\" focusable=\"false\" data-prefix=\"far\" data-icon=\"chart-bar\" role=\"img\" xmlns=\"http:\/\/www.w3.org\/2000\/svg\" viewBox=\"0 0 512 512\" class=\"svg-inline--fa fa-chart-bar fa-w-16 fa-2x\"><path fill=\"currentColor\" d=\"M396.8 352h22.4c6.4 0 12.8-6.4 12.8-12.8V108.8c0-6.4-6.4-12.8-12.8-12.8h-22.4c-6.4 0-12.8 6.4-12.8 12.8v230.4c0 6.4 6.4 12.8 12.8 12.8zm-192 0h22.4c6.4 0 12.8-6.4 12.8-12.8V140.8c0-6.4-6.4-12.8-12.8-12.8h-22.4c-6.4 0-12.8 6.4-12.8 12.8v198.4c0 6.4 6.4 12.8 12.8 12.8zm96 0h22.4c6.4 0 12.8-6.4 12.8-12.8V204.8c0-6.4-6.4-12.8-12.8-12.8h-22.4c-6.4 0-12.8 6.4-12.8 12.8v134.4c0 6.4 6.4 12.8 12.8 12.8zM496 400H48V80c0-8.84-7.16-16-16-16H16C7.16 64 0 71.16 0 80v336c0 17.67 14.33 32 32 32h464c8.84 0 16-7.16 16-16v-16c0-8.84-7.16-16-16-16zm-387.2-48h22.4c6.4 0 12.8-6.4 12.8-12.8v-70.4c0-6.4-6.4-12.8-12.8-12.8h-22.4c-6.4 0-12.8 6.4-12.8 12.8v70.4c0 6.4 6.4 12.8 12.8 12.8z\" class=\"\"><\/path><\/svg><\/i> <img loading=\"lazy\" decoding=\"async\" width=\"16\" height=\"16\" alt=\"Loading\" src=\"https:\/\/temucotelevision.cl\/web\/wp-content\/plugins\/page-views-count\/ajax-loader-2x.gif\" border=0 \/><\/p><div class=\"pvc_clear\"><\/div>\n<ul class=\"wp-block-list\"><li>Durante estos d\u00edas, Subdere ha estado trabajando junto a los municipios para levantar proyectos de reposici\u00f3n.<br><br><\/li><\/ul>\n\n\n\n<p>Con el fin de comenzar a trabajar coordinadamente para la reconstrucci\u00f3n y reparaci\u00f3n de los cinco edificios municipales que resultaron con da\u00f1os por las tomas efectuadas durante la semana pasada, el intendente V\u00edctor Manoli sostuvo reuni\u00f3n con los cinco alcaldes afectados: Collipulli, Victoria, Ercilla, Curacaut\u00edn y Traiguen.<\/p>\n\n\n\n<p>Junto a la m\u00e1xima autoridad regional, tambi\u00e9n estuvo presente el Seremi de Desarrollo Social, Rodrigo Carrasco; la encargada de Subdere, Yurisan Castro y el administrador regional, Sergio N\u00fa\u00f1ez.<\/p>\n\n\n\n<p>En cuanto al financiamiento para la reconstrucci\u00f3n y reparaci\u00f3n de los edificios, el intendente V\u00edctor Manoli dijo que \u201cse ha estado trabajando y evaluando dos l\u00edneas de financiamiento: la primera, a trav\u00e9s de la Subdere para la reparaci\u00f3n de los inmuebles y adem\u00e1s, tenemos la l\u00ednea de equipamientos, el cual se trabajar\u00e1 por emergencia, dado los da\u00f1os que sufrieron los edificios\u201d.<\/p>\n\n\n\n<p>Por su parte, los alcaldes se\u00f1alaron que durante estos d\u00edas han estado trabajando junto a la Subdere para levantar proyectos de reposici\u00f3n de infraestructura da\u00f1ada. Por otro lado, los ediles a\u00fan est\u00e1n evaluando la p\u00e9rdida de equipamiento, por lo que a\u00fan no existe un monto oficial en cuanto al aval\u00fao de da\u00f1os.&nbsp;<\/p>\n\n\n\n<p>Por su parte, la encargada de Subdere, Yurisan Castro, dijo que \u201cdurante la ma\u00f1ana nos reunimos junto a nuestro intendente V\u00edctor Manoli, los cinco alcaldes que fueron sus municipios tomados y posteriormente en algunos casos quemados y otros que sufrieron da\u00f1os de diversa \u00edndole para tratar y empezar a trabajar tanto la construcci\u00f3n como habilitaci\u00f3n de algunos espacios municipales para que ellos puedan seguir brindando el servicio a las comunidades. Como SUBDERE\u00a0\u00a0estamos comprometidos en todo lo que es infraestructura para cuanto antes tener habilitado estos espacios\u201d.<\/p>\n\n\n\n<div class=\"wp-block-image\"><figure class=\"aligncenter\"><img loading=\"lazy\" decoding=\"async\" width=\"1024\" height=\"682\" src=\"https:\/\/temucotelevision.cl\/web\/wp-content\/uploads\/2020\/08\/reunion-alcaldes-1024x682.jpeg\" alt=\"\" class=\"wp-image-13073\" srcset=\"https:\/\/temucotelevision.cl\/web\/wp-content\/uploads\/2020\/08\/reunion-alcaldes-1024x682.jpeg 1024w, https:\/\/temucotelevision.cl\/web\/wp-content\/uploads\/2020\/08\/reunion-alcaldes-768x512.jpeg 768w, https:\/\/temucotelevision.cl\/web\/wp-content\/uploads\/2020\/08\/reunion-alcaldes.jpeg 1280w\" sizes=\"auto, (max-width: 1024px) 100vw, 1024px\" \/><\/figure><\/div>\n","protected":false},"excerpt":{"rendered":"<div class=\"pvc_clear\"><\/div>\n<p id=\"pvc_stats_13063\" class=\"pvc_stats total_only  \" data-element-id=\"13063\" style=\"\"><i class=\"pvc-stats-icon large\" aria-hidden=\"true\"><svg aria-hidden=\"true\" focusable=\"false\" data-prefix=\"far\" data-icon=\"chart-bar\" role=\"img\" xmlns=\"http:\/\/www.w3.org\/2000\/svg\" viewBox=\"0 0 512 512\" class=\"svg-inline--fa fa-chart-bar fa-w-16 fa-2x\"><path fill=\"currentColor\" d=\"M396.8 352h22.4c6.4 0 12.8-6.4 12.8-12.8V108.8c0-6.4-6.4-12.8-12.8-12.8h-22.4c-6.4 0-12.8 6.4-12.8 12.8v230.4c0 6.4 6.4 12.8 12.8 12.8zm-192 0h22.4c6.4 0 12.8-6.4 12.8-12.8V140.8c0-6.4-6.4-12.8-12.8-12.8h-22.4c-6.4 0-12.8 6.4-12.8 12.8v198.4c0 6.4 6.4 12.8 12.8 12.8zm96 0h22.4c6.4 0 12.8-6.4 12.8-12.8V204.8c0-6.4-6.4-12.8-12.8-12.8h-22.4c-6.4 0-12.8 6.4-12.8 12.8v134.4c0 6.4 6.4 12.8 12.8 12.8zM496 400H48V80c0-8.84-7.16-16-16-16H16C7.16 64 0 71.16 0 80v336c0 17.67 14.33 32 32 32h464c8.84 0 16-7.16 16-16v-16c0-8.84-7.16-16-16-16zm-387.2-48h22.4c6.4 0 12.8-6.4 12.8-12.8v-70.4c0-6.4-6.4-12.8-12.8-12.8h-22.4c-6.4 0-12.8 6.4-12.8 12.8v70.4c0 6.4 6.4 12.8 12.8 12.8z\" class=\"\"><\/path><\/svg><\/i> <img loading=\"lazy\" decoding=\"async\" width=\"16\" height=\"16\" alt=\"Loading\" src=\"https:\/\/temucotelevision.cl\/web\/wp-content\/plugins\/page-views-count\/ajax-loader-2x.gif\" border=0 \/><\/p>\n<div class=\"pvc_clear\"><\/div>\n<p>Durante estos d\u00edas, Subdere ha estado trabajando junto a los municipios para levantar proyectos de reposici\u00f3n. Con el fin de<\/p>\n","protected":false},"author":1,"featured_media":13064,"comment_status":"open","ping_status":"open","sticky":false,"template":"","format":"standard","meta":{"colormag_page_container_layout":"default_layout","colormag_page_sidebar_layout":"default_layout","footnotes":""},"categories":[15],"tags":[2380],"class_list":["post-13063","post","type-post","status-publish","format-standard","has-post-thumbnail","hentry","category-la-araucania","tag-municipios"],"a3_pvc":{"activated":true,"total_views":16,"today_views":0},"_links":{"self":[{"href":"https:\/\/temucotelevision.cl\/web\/wp-json\/wp\/v2\/posts\/13063","targetHints":{"allow":["GET"]}}],"collection":[{"href":"https:\/\/temucotelevision.cl\/web\/wp-json\/wp\/v2\/posts"}],"about":[{"href":"https:\/\/temucotelevision.cl\/web\/wp-json\/wp\/v2\/types\/post"}],"author":[{"embeddable":true,"href":"https:\/\/temucotelevision.cl\/web\/wp-json\/wp\/v2\/users\/1"}],"replies":[{"embeddable":true,"href":"https:\/\/temucotelevision.cl\/web\/wp-json\/wp\/v2\/comments?post=13063"}],"version-history":[{"count":3,"href":"https:\/\/temucotelevision.cl\/web\/wp-json\/wp\/v2\/posts\/13063\/revisions"}],"predecessor-version":[{"id":13074,"href":"https:\/\/temucotelevision.cl\/web\/wp-json\/wp\/v2\/posts\/13063\/revisions\/13074"}],"wp:featuredmedia":[{"embeddable":true,"href":"https:\/\/temucotelevision.cl\/web\/wp-json\/wp\/v2\/media\/13064"}],"wp:attachment":[{"href":"https:\/\/temucotelevision.cl\/web\/wp-json\/wp\/v2\/media?parent=13063"}],"wp:term":[{"taxonomy":"category","embeddable":true,"href":"https:\/\/temucotelevision.cl\/web\/wp-json\/wp\/v2\/categories?post=13063"},{"taxonomy":"post_tag","embeddable":true,"href":"https:\/\/temucotelevision.cl\/web\/wp-json\/wp\/v2\/tags?post=13063"}],"curies":[{"name":"wp","href":"https:\/\/api.w.org\/{rel}","templated":true}]}}