{"id":13056,"date":"2020-08-05T19:45:27","date_gmt":"2020-08-05T22:45:27","guid":{"rendered":"https:\/\/temucotelevision.cl\/web\/?p=13056"},"modified":"2020-08-05T19:45:29","modified_gmt":"2020-08-05T22:45:29","slug":"con-todo-el-fire-la-negra-roots-estrena-video-en-cuarentena%ef%bb%bf","status":"publish","type":"post","link":"https:\/\/temucotelevision.cl\/web\/2020\/08\/05\/con-todo-el-fire-la-negra-roots-estrena-video-en-cuarentena%ef%bb%bf\/","title":{"rendered":"Con todo el Fire, la Negra Roots estrena video en cuarentena\ufeff"},"content":{"rendered":"<div class=\"pvc_clear\"><\/div><p id=\"pvc_stats_13056\" class=\"pvc_stats total_only  \" data-element-id=\"13056\" style=\"\"><i class=\"pvc-stats-icon large\" aria-hidden=\"true\"><svg aria-hidden=\"true\" focusable=\"false\" data-prefix=\"far\" data-icon=\"chart-bar\" role=\"img\" xmlns=\"http:\/\/www.w3.org\/2000\/svg\" viewBox=\"0 0 512 512\" class=\"svg-inline--fa fa-chart-bar fa-w-16 fa-2x\"><path fill=\"currentColor\" d=\"M396.8 352h22.4c6.4 0 12.8-6.4 12.8-12.8V108.8c0-6.4-6.4-12.8-12.8-12.8h-22.4c-6.4 0-12.8 6.4-12.8 12.8v230.4c0 6.4 6.4 12.8 12.8 12.8zm-192 0h22.4c6.4 0 12.8-6.4 12.8-12.8V140.8c0-6.4-6.4-12.8-12.8-12.8h-22.4c-6.4 0-12.8 6.4-12.8 12.8v198.4c0 6.4 6.4 12.8 12.8 12.8zm96 0h22.4c6.4 0 12.8-6.4 12.8-12.8V204.8c0-6.4-6.4-12.8-12.8-12.8h-22.4c-6.4 0-12.8 6.4-12.8 12.8v134.4c0 6.4 6.4 12.8 12.8 12.8zM496 400H48V80c0-8.84-7.16-16-16-16H16C7.16 64 0 71.16 0 80v336c0 17.67 14.33 32 32 32h464c8.84 0 16-7.16 16-16v-16c0-8.84-7.16-16-16-16zm-387.2-48h22.4c6.4 0 12.8-6.4 12.8-12.8v-70.4c0-6.4-6.4-12.8-12.8-12.8h-22.4c-6.4 0-12.8 6.4-12.8 12.8v70.4c0 6.4 6.4 12.8 12.8 12.8z\" class=\"\"><\/path><\/svg><\/i> <img loading=\"lazy\" decoding=\"async\" width=\"16\" height=\"16\" alt=\"Loading\" src=\"https:\/\/temucotelevision.cl\/web\/wp-content\/plugins\/page-views-count\/ajax-loader-2x.gif\" border=0 \/><\/p><div class=\"pvc_clear\"><\/div>\n<p><em>Desde el Wallmapu La Negra te invita a expandir las mentes con el re lanzamiento de Fire In Your Mind, en su versi\u00f3n cuarentena<\/em><\/p>\n\n\n\n<p>A pesar de las limitaciones que la pandemia ha puesto sobre los trabajadores de la m\u00fasica en el pa\u00eds, regi\u00f3n y el mundo, La Negra Roots no se detiene y han realizado un trabajo constante durante los meses de encierro, es por esto que la banda de reggae sure\u00f1a compuesta por integrantes de Temuco y la Zona Lacustre del Wallmapu, re estrenaron un cl\u00e1sico de su repertorio,&nbsp;<em>Fire In Your Mind,<\/em>&nbsp;esta vez en una versi\u00f3n audiovisual casera desde sus hogares resguardados en cuarentena. Este material adem\u00e1s tiene la particularidad de mostrar a la nueva formaci\u00f3n de m\u00fasicos que se integraron desde Mayo del 2019 a la agrupaci\u00f3n (Voz principal, coros femeninos y guitarra).&nbsp;<\/p>\n\n\n\n<p><em>\u201cFire In Your Mind es una canci\u00f3n con un potente mensaje, que invita a la gente a expandir y despertar las mentes sobre todo en estos tiempos en donde abunda el miedo y la incertidumbre. Fire llama a la reflexi\u00f3n sobre lo que escuchamos y vemos, a no parar la lucha en busca de justicia y verdad, creyendo en nosotros mismos, aunque el camino sea dif\u00edcil\u201d.<\/em>(Se\u00f1alan desde la agrupaci\u00f3n)<\/p>\n\n\n\n<p>Adem\u00e1s, desde la banda hacen un llamado a que est\u00e9n atentos a las redes sociales ya que en la actualidad, se est\u00e1 preparando nuevo material in\u00e9dito 2020, en formato de audio profesional.<\/p>\n\n\n\n<iframe loading=\"lazy\" width=\"560\" height=\"315\" src=\"https:\/\/www.youtube.com\/embed\/pSqt4GRihr8\" frameborder=\"0\" allow=\"accelerometer; autoplay; encrypted-media; gyroscope; picture-in-picture\" allowfullscreen><\/iframe>\n\n\n\n<p>Puedes seguir a la agrupaci\u00f3n en sus redes sociales:<\/p>\n\n\n\n<p>Facebook: La Negra Roots \/ Instagram: lanegraroots<\/p>\n\n\n\n<p><strong>La Negra Roots \/ Fire in your mind<br><\/strong>Autor y compositor: Claudio Burgos<br>Arreglos: La Negra Roots<br>Edici\u00f3n, mezcla y master de audio: Mart\u00edn Arratia<br>Edici\u00f3n imagen: Mart\u00edn Arratia<\/p>\n","protected":false},"excerpt":{"rendered":"<div class=\"pvc_clear\"><\/div>\n<p id=\"pvc_stats_13056\" class=\"pvc_stats total_only  \" data-element-id=\"13056\" style=\"\"><i class=\"pvc-stats-icon large\" aria-hidden=\"true\"><svg aria-hidden=\"true\" focusable=\"false\" data-prefix=\"far\" data-icon=\"chart-bar\" role=\"img\" xmlns=\"http:\/\/www.w3.org\/2000\/svg\" viewBox=\"0 0 512 512\" class=\"svg-inline--fa fa-chart-bar fa-w-16 fa-2x\"><path fill=\"currentColor\" d=\"M396.8 352h22.4c6.4 0 12.8-6.4 12.8-12.8V108.8c0-6.4-6.4-12.8-12.8-12.8h-22.4c-6.4 0-12.8 6.4-12.8 12.8v230.4c0 6.4 6.4 12.8 12.8 12.8zm-192 0h22.4c6.4 0 12.8-6.4 12.8-12.8V140.8c0-6.4-6.4-12.8-12.8-12.8h-22.4c-6.4 0-12.8 6.4-12.8 12.8v198.4c0 6.4 6.4 12.8 12.8 12.8zm96 0h22.4c6.4 0 12.8-6.4 12.8-12.8V204.8c0-6.4-6.4-12.8-12.8-12.8h-22.4c-6.4 0-12.8 6.4-12.8 12.8v134.4c0 6.4 6.4 12.8 12.8 12.8zM496 400H48V80c0-8.84-7.16-16-16-16H16C7.16 64 0 71.16 0 80v336c0 17.67 14.33 32 32 32h464c8.84 0 16-7.16 16-16v-16c0-8.84-7.16-16-16-16zm-387.2-48h22.4c6.4 0 12.8-6.4 12.8-12.8v-70.4c0-6.4-6.4-12.8-12.8-12.8h-22.4c-6.4 0-12.8 6.4-12.8 12.8v70.4c0 6.4 6.4 12.8 12.8 12.8z\" class=\"\"><\/path><\/svg><\/i> <img loading=\"lazy\" decoding=\"async\" width=\"16\" height=\"16\" alt=\"Loading\" src=\"https:\/\/temucotelevision.cl\/web\/wp-content\/plugins\/page-views-count\/ajax-loader-2x.gif\" border=0 \/><\/p>\n<div class=\"pvc_clear\"><\/div>\n<p>Desde el Wallmapu La Negra te invita a expandir las mentes con el re lanzamiento de Fire In Your Mind,<\/p>\n","protected":false},"author":1,"featured_media":13057,"comment_status":"open","ping_status":"open","sticky":false,"template":"","format":"standard","meta":{"colormag_page_container_layout":"default_layout","colormag_page_sidebar_layout":"default_layout","footnotes":""},"categories":[369],"tags":[2322],"class_list":["post-13056","post","type-post","status-publish","format-standard","has-post-thumbnail","hentry","category-musica","tag-cuarentena"],"a3_pvc":{"activated":true,"total_views":60,"today_views":0},"_links":{"self":[{"href":"https:\/\/temucotelevision.cl\/web\/wp-json\/wp\/v2\/posts\/13056","targetHints":{"allow":["GET"]}}],"collection":[{"href":"https:\/\/temucotelevision.cl\/web\/wp-json\/wp\/v2\/posts"}],"about":[{"href":"https:\/\/temucotelevision.cl\/web\/wp-json\/wp\/v2\/types\/post"}],"author":[{"embeddable":true,"href":"https:\/\/temucotelevision.cl\/web\/wp-json\/wp\/v2\/users\/1"}],"replies":[{"embeddable":true,"href":"https:\/\/temucotelevision.cl\/web\/wp-json\/wp\/v2\/comments?post=13056"}],"version-history":[{"count":1,"href":"https:\/\/temucotelevision.cl\/web\/wp-json\/wp\/v2\/posts\/13056\/revisions"}],"predecessor-version":[{"id":13058,"href":"https:\/\/temucotelevision.cl\/web\/wp-json\/wp\/v2\/posts\/13056\/revisions\/13058"}],"wp:featuredmedia":[{"embeddable":true,"href":"https:\/\/temucotelevision.cl\/web\/wp-json\/wp\/v2\/media\/13057"}],"wp:attachment":[{"href":"https:\/\/temucotelevision.cl\/web\/wp-json\/wp\/v2\/media?parent=13056"}],"wp:term":[{"taxonomy":"category","embeddable":true,"href":"https:\/\/temucotelevision.cl\/web\/wp-json\/wp\/v2\/categories?post=13056"},{"taxonomy":"post_tag","embeddable":true,"href":"https:\/\/temucotelevision.cl\/web\/wp-json\/wp\/v2\/tags?post=13056"}],"curies":[{"name":"wp","href":"https:\/\/api.w.org\/{rel}","templated":true}]}}