{"id":13050,"date":"2020-08-05T19:18:27","date_gmt":"2020-08-05T22:18:27","guid":{"rendered":"https:\/\/temucotelevision.cl\/web\/?p=13050"},"modified":"2020-08-05T19:23:27","modified_gmt":"2020-08-05T22:23:27","slug":"juzgado-de-garantia-deja-en-prision-preventiva-a-imputado-por-incendio-de-camion-y-danos","status":"publish","type":"post","link":"https:\/\/temucotelevision.cl\/web\/2020\/08\/05\/juzgado-de-garantia-deja-en-prision-preventiva-a-imputado-por-incendio-de-camion-y-danos\/","title":{"rendered":"Collipulli: Juzgado de Garant\u00eda deja en prisi\u00f3n preventiva a imputado por incendio de cami\u00f3n y da\u00f1os"},"content":{"rendered":"<div class=\"pvc_clear\"><\/div><p id=\"pvc_stats_13050\" class=\"pvc_stats total_only  \" data-element-id=\"13050\" style=\"\"><i class=\"pvc-stats-icon large\" aria-hidden=\"true\"><svg aria-hidden=\"true\" focusable=\"false\" data-prefix=\"far\" data-icon=\"chart-bar\" role=\"img\" xmlns=\"http:\/\/www.w3.org\/2000\/svg\" viewBox=\"0 0 512 512\" class=\"svg-inline--fa fa-chart-bar fa-w-16 fa-2x\"><path fill=\"currentColor\" d=\"M396.8 352h22.4c6.4 0 12.8-6.4 12.8-12.8V108.8c0-6.4-6.4-12.8-12.8-12.8h-22.4c-6.4 0-12.8 6.4-12.8 12.8v230.4c0 6.4 6.4 12.8 12.8 12.8zm-192 0h22.4c6.4 0 12.8-6.4 12.8-12.8V140.8c0-6.4-6.4-12.8-12.8-12.8h-22.4c-6.4 0-12.8 6.4-12.8 12.8v198.4c0 6.4 6.4 12.8 12.8 12.8zm96 0h22.4c6.4 0 12.8-6.4 12.8-12.8V204.8c0-6.4-6.4-12.8-12.8-12.8h-22.4c-6.4 0-12.8 6.4-12.8 12.8v134.4c0 6.4 6.4 12.8 12.8 12.8zM496 400H48V80c0-8.84-7.16-16-16-16H16C7.16 64 0 71.16 0 80v336c0 17.67 14.33 32 32 32h464c8.84 0 16-7.16 16-16v-16c0-8.84-7.16-16-16-16zm-387.2-48h22.4c6.4 0 12.8-6.4 12.8-12.8v-70.4c0-6.4-6.4-12.8-12.8-12.8h-22.4c-6.4 0-12.8 6.4-12.8 12.8v70.4c0 6.4 6.4 12.8 12.8 12.8z\" class=\"\"><\/path><\/svg><\/i> <img loading=\"lazy\" decoding=\"async\" width=\"16\" height=\"16\" alt=\"Loading\" src=\"https:\/\/temucotelevision.cl\/web\/wp-content\/plugins\/page-views-count\/ajax-loader-2x.gif\" border=0 \/><\/p><div class=\"pvc_clear\"><\/div>\n<p>El Juzgado de Garant\u00eda de Collipulli dej\u00f3 ayer \u2013martes 4 de agosto\u2013 sujeto a la medida cautelar de prisi\u00f3n preventiva a\u00a0<strong>Luis Omar Nahuelqueo Nahuelqueo<\/strong>, imputado por el Ministerio P\u00fablico como autor de los\u00a0 delitos consumados de incendio y da\u00f1os. Il\u00edcitos perpetrados en la v\u00edspera, en la ciudad.<\/p>\n\n\n\n<iframe loading=\"lazy\" src=\"https:\/\/www.facebook.com\/plugins\/video.php?href=https%3A%2F%2Fwww.facebook.com%2FTemucoTelevision%2Fvideos%2F726186294901336%2F&#038;show_text=false&#038;width=735&#038;height=412&#038;appId\" width=\"735\" height=\"412\" style=\"border:none;overflow:hidden\" scrolling=\"no\" frameborder=\"0\" allowTransparency=\"true\" allow=\"encrypted-media\" allowFullScreen=\"true\"><\/iframe>\n\n\n\n<p>En la audiencia de formalizaci\u00f3n de la investigaci\u00f3n, realizada por videoconferencia, la magistrada Sandra Nahuelcura Villam\u00e1n orden\u00f3 el ingreso en prisi\u00f3n preventiva de Nahuelqueo Nahuelqueo\u00a0al Centro de Cumplimiento Penitenciario de Angol, por considerar que la libertad del imputado constituye un peligro para la seguridad de la sociedad. Adem\u00e1s, fij\u00f3 en tres meses el plazo de investigaci\u00f3n.<\/p>\n\n\n\n<p>Seg\u00fan el ente persecutor, en horas de la tarde de ayer, lunes 3 de agosto de 2020, Nahuelqueo Nahuelqueo participaba junto a un grupo indeterminado de manifestantes en una marcha no autorizada de apoyo al pueblo mapuche, que recorri\u00f3 las principales calles del centro de Collipulli. En dicho contexto, el imputado, junto a otros, arroj\u00f3 elementos contundentes en contra de la municipalidad, las oficinas del Registro Civil y propiedades particulares, rompiendo, principalmente,&nbsp; ventanales.<\/p>\n\n\n\n<p>Posteriormente, Nahuelqueo Nahuelqueo y otros se dirigieron hasta las inmediaciones del servicentro Copec, ubicada en la intersecci\u00f3n de las calles Freire con Amun\u00e1tegui, lugar donde procedi\u00f3 subirse a la pisadera del cami\u00f3n marca Western Star, patente DRDX-14, que se encontraba estacionado en un sector lateral a la estaci\u00f3n de servicio, para arrojar por la ventanilla del copiloto, un elemento incendiario al interior de la cabina, la que result\u00f3 completamente destruida por el fuego.<\/p>\n\n\n\n<p>Todo el accionar del imputado fue registrado por un dron operado por personal del OS7 de Carabineros, quienes procedieron a su detenci\u00f3n en las inmediaciones a las 13:25 horas, tras identificarlo por su vestimenta y el uso de una bandana sobre la cabeza y una bandera mapuche a modo de capa.<\/p>\n\n\n\n<p>Tras la detenci\u00f3n, el imputado fue llevado hasta el hospital de Collipulli para constatar lesiones,&nbsp;lugar donde el m\u00e9dico de turno consign\u00f3 en el informe respectivo, que Nahuelqueo Nahuelqueo ten\u00eda el pelo \u201cchamuscado\u201d.<\/p>\n","protected":false},"excerpt":{"rendered":"<div class=\"pvc_clear\"><\/div>\n<p id=\"pvc_stats_13050\" class=\"pvc_stats total_only  \" data-element-id=\"13050\" style=\"\"><i class=\"pvc-stats-icon large\" aria-hidden=\"true\"><svg aria-hidden=\"true\" focusable=\"false\" data-prefix=\"far\" data-icon=\"chart-bar\" role=\"img\" xmlns=\"http:\/\/www.w3.org\/2000\/svg\" viewBox=\"0 0 512 512\" class=\"svg-inline--fa fa-chart-bar fa-w-16 fa-2x\"><path fill=\"currentColor\" d=\"M396.8 352h22.4c6.4 0 12.8-6.4 12.8-12.8V108.8c0-6.4-6.4-12.8-12.8-12.8h-22.4c-6.4 0-12.8 6.4-12.8 12.8v230.4c0 6.4 6.4 12.8 12.8 12.8zm-192 0h22.4c6.4 0 12.8-6.4 12.8-12.8V140.8c0-6.4-6.4-12.8-12.8-12.8h-22.4c-6.4 0-12.8 6.4-12.8 12.8v198.4c0 6.4 6.4 12.8 12.8 12.8zm96 0h22.4c6.4 0 12.8-6.4 12.8-12.8V204.8c0-6.4-6.4-12.8-12.8-12.8h-22.4c-6.4 0-12.8 6.4-12.8 12.8v134.4c0 6.4 6.4 12.8 12.8 12.8zM496 400H48V80c0-8.84-7.16-16-16-16H16C7.16 64 0 71.16 0 80v336c0 17.67 14.33 32 32 32h464c8.84 0 16-7.16 16-16v-16c0-8.84-7.16-16-16-16zm-387.2-48h22.4c6.4 0 12.8-6.4 12.8-12.8v-70.4c0-6.4-6.4-12.8-12.8-12.8h-22.4c-6.4 0-12.8 6.4-12.8 12.8v70.4c0 6.4 6.4 12.8 12.8 12.8z\" class=\"\"><\/path><\/svg><\/i> <img loading=\"lazy\" decoding=\"async\" width=\"16\" height=\"16\" alt=\"Loading\" src=\"https:\/\/temucotelevision.cl\/web\/wp-content\/plugins\/page-views-count\/ajax-loader-2x.gif\" border=0 \/><\/p>\n<div class=\"pvc_clear\"><\/div>\n<p>El Juzgado de Garant\u00eda de Collipulli dej\u00f3 ayer \u2013martes 4 de agosto\u2013 sujeto a la medida cautelar de prisi\u00f3n preventiva<\/p>\n","protected":false},"author":1,"featured_media":13051,"comment_status":"open","ping_status":"open","sticky":false,"template":"","format":"standard","meta":{"colormag_page_container_layout":"default_layout","colormag_page_sidebar_layout":"default_layout","footnotes":""},"categories":[15],"tags":[962],"class_list":["post-13050","post","type-post","status-publish","format-standard","has-post-thumbnail","hentry","category-la-araucania","tag-danos"],"a3_pvc":{"activated":true,"total_views":51,"today_views":0},"_links":{"self":[{"href":"https:\/\/temucotelevision.cl\/web\/wp-json\/wp\/v2\/posts\/13050","targetHints":{"allow":["GET"]}}],"collection":[{"href":"https:\/\/temucotelevision.cl\/web\/wp-json\/wp\/v2\/posts"}],"about":[{"href":"https:\/\/temucotelevision.cl\/web\/wp-json\/wp\/v2\/types\/post"}],"author":[{"embeddable":true,"href":"https:\/\/temucotelevision.cl\/web\/wp-json\/wp\/v2\/users\/1"}],"replies":[{"embeddable":true,"href":"https:\/\/temucotelevision.cl\/web\/wp-json\/wp\/v2\/comments?post=13050"}],"version-history":[{"count":2,"href":"https:\/\/temucotelevision.cl\/web\/wp-json\/wp\/v2\/posts\/13050\/revisions"}],"predecessor-version":[{"id":13053,"href":"https:\/\/temucotelevision.cl\/web\/wp-json\/wp\/v2\/posts\/13050\/revisions\/13053"}],"wp:featuredmedia":[{"embeddable":true,"href":"https:\/\/temucotelevision.cl\/web\/wp-json\/wp\/v2\/media\/13051"}],"wp:attachment":[{"href":"https:\/\/temucotelevision.cl\/web\/wp-json\/wp\/v2\/media?parent=13050"}],"wp:term":[{"taxonomy":"category","embeddable":true,"href":"https:\/\/temucotelevision.cl\/web\/wp-json\/wp\/v2\/categories?post=13050"},{"taxonomy":"post_tag","embeddable":true,"href":"https:\/\/temucotelevision.cl\/web\/wp-json\/wp\/v2\/tags?post=13050"}],"curies":[{"name":"wp","href":"https:\/\/api.w.org\/{rel}","templated":true}]}}