{"id":13047,"date":"2020-08-05T19:11:19","date_gmt":"2020-08-05T22:11:19","guid":{"rendered":"https:\/\/temucotelevision.cl\/web\/?p=13047"},"modified":"2020-08-05T19:11:21","modified_gmt":"2020-08-05T22:11:21","slug":"centro-cultural-de-plc-celebra-el-dia-del-nino-con-entretenido-show-de-circo-teatro%ef%bb%bf","status":"publish","type":"post","link":"https:\/\/temucotelevision.cl\/web\/2020\/08\/05\/centro-cultural-de-plc-celebra-el-dia-del-nino-con-entretenido-show-de-circo-teatro%ef%bb%bf\/","title":{"rendered":"Centro Cultural de PLC celebra el D\u00eda del Ni\u00f1o con entretenido show de Circo-teatro\ufeff"},"content":{"rendered":"<div class=\"pvc_clear\"><\/div><p id=\"pvc_stats_13047\" class=\"pvc_stats total_only  \" data-element-id=\"13047\" style=\"\"><i class=\"pvc-stats-icon large\" aria-hidden=\"true\"><svg aria-hidden=\"true\" focusable=\"false\" data-prefix=\"far\" data-icon=\"chart-bar\" role=\"img\" xmlns=\"http:\/\/www.w3.org\/2000\/svg\" viewBox=\"0 0 512 512\" class=\"svg-inline--fa fa-chart-bar fa-w-16 fa-2x\"><path fill=\"currentColor\" d=\"M396.8 352h22.4c6.4 0 12.8-6.4 12.8-12.8V108.8c0-6.4-6.4-12.8-12.8-12.8h-22.4c-6.4 0-12.8 6.4-12.8 12.8v230.4c0 6.4 6.4 12.8 12.8 12.8zm-192 0h22.4c6.4 0 12.8-6.4 12.8-12.8V140.8c0-6.4-6.4-12.8-12.8-12.8h-22.4c-6.4 0-12.8 6.4-12.8 12.8v198.4c0 6.4 6.4 12.8 12.8 12.8zm96 0h22.4c6.4 0 12.8-6.4 12.8-12.8V204.8c0-6.4-6.4-12.8-12.8-12.8h-22.4c-6.4 0-12.8 6.4-12.8 12.8v134.4c0 6.4 6.4 12.8 12.8 12.8zM496 400H48V80c0-8.84-7.16-16-16-16H16C7.16 64 0 71.16 0 80v336c0 17.67 14.33 32 32 32h464c8.84 0 16-7.16 16-16v-16c0-8.84-7.16-16-16-16zm-387.2-48h22.4c6.4 0 12.8-6.4 12.8-12.8v-70.4c0-6.4-6.4-12.8-12.8-12.8h-22.4c-6.4 0-12.8 6.4-12.8 12.8v70.4c0 6.4 6.4 12.8 12.8 12.8z\" class=\"\"><\/path><\/svg><\/i> <img loading=\"lazy\" decoding=\"async\" width=\"16\" height=\"16\" alt=\"Loading\" src=\"https:\/\/temucotelevision.cl\/web\/wp-content\/plugins\/page-views-count\/ajax-loader-2x.gif\" border=0 \/><\/p><div class=\"pvc_clear\"><\/div>\n<p><em>\u201cConfinados &amp; Confitados\u201d se denomina el espect\u00e1culo de Compa\u00f1\u00eda Circo Lacustre y Payaso Solutto que se llevar\u00e1 a cabo el s\u00e1bado 08 a las 17 horas v\u00eda Facebook Live.<\/em><\/p>\n\n\n\n<p>Centro Cultural de Padre Las Casas contin\u00faa con su cartelera online del mes de agosto con un espect\u00e1culo especial para celebrar el D\u00eda del Ni\u00f1o. Se trata de \u201cConfinados &amp; Confitados\u201d, show de circo-teatro preparado por la compa\u00f1\u00eda Circo Lacustre y \u00abPayaso Solutto\u00bb, el cual se realizar\u00e1 a trav\u00e9s de Facebook Live el d\u00eda s\u00e1bado 08 a las 17 horas.&nbsp;<\/p>\n\n\n\n<p><strong>TEATRO<\/strong><\/p>\n\n\n\n<p>En la cita familiar, peque\u00f1os y grandes podr\u00e1n disfrutar\u00e1n de una sorprendente historia que se narra por medio de un m\u00e1gico mueble, el que alberga recuerdos e historias que nos contar\u00e1n simp\u00e1ticos personajes expertos en malabarismo, equilibrio y \u00abclown\u00bb.<\/p>\n\n\n\n<p>Los protagonistas de la jornada ser\u00e1n Fernando Mardones, interpretando a \u00abPayaso Solutto\u00bb y Javier Pinto de Circo Lacustre. Este \u00faltimo artista, ya es un conocido para el espacio cultural padrelascasino, aunque ahora, por primera vez se presentar\u00e1 al p\u00fablico v\u00eda streaming.&nbsp;<\/p>\n\n\n\n<p>Respecto a ello, Pinto se\u00f1ala que \u201ccomo artistas callejeros es un gran desaf\u00edo porque trabajamos en base a emociones y reacciones con el p\u00fablico, sin duda su ausencia significa un gran vac\u00edo, aun as\u00ed, creo en las distintas formas de expresi\u00f3n y esta es una gran oportunidad\u201d.<\/p>\n\n\n\n<p>Adem\u00e1s, en relaci\u00f3n a este nuevo formato a\u00f1ade que \u201ctengo una visi\u00f3n optimista, pensando que es pasajero y que pronto podamos sentir el calor humano en un teatro o calle. Me cuestiono el rol que cumplen los centros culturales en medio de esta crisis, por mi parte, agradezco la iniciativa de Padre las Casas, ya que contempla este tipo de cartelera, sin olvidar a los artistas locales\u201d.<\/p>\n\n\n\n<p>Destacar tambi\u00e9n que en la transmisi\u00f3n el p\u00fablico podr\u00e1 realizar un aporte monetario voluntario en apoyo de ambos artistas. Ese d\u00eda se compartir\u00e1 un c\u00f3digo QR con los datos de la cuenta, el que se deber\u00e1 escanear.<\/p>\n\n\n\n<p><strong>DESAF\u00cdOS<\/strong><\/p>\n\n\n\n<p>As\u00ed como tantas agrupaciones art\u00edsticas, Circo Lacustre paraliz\u00f3 sus actividades y proyectos por la pandemia de covid-19. Aquello, seg\u00fan cuenta Javier \u201cnos ha hecho sentir en una especie de Limbo\u201d. Por ello, hoy el desaf\u00edo principal para el grupo \u201ces retomar las funciones presenciales y tambi\u00e9n asumir un nuevo proyecto de creaci\u00f3n en estos contextos actuales, ir tejiendo redes para poder visibilizar la importancia que tiene nuestro rol de artistas en el desarrollo del tejido social y comunitario\u201d, concluye el artista.<\/p>\n","protected":false},"excerpt":{"rendered":"<div class=\"pvc_clear\"><\/div>\n<p id=\"pvc_stats_13047\" class=\"pvc_stats total_only  \" data-element-id=\"13047\" style=\"\"><i class=\"pvc-stats-icon large\" aria-hidden=\"true\"><svg aria-hidden=\"true\" focusable=\"false\" data-prefix=\"far\" data-icon=\"chart-bar\" role=\"img\" xmlns=\"http:\/\/www.w3.org\/2000\/svg\" viewBox=\"0 0 512 512\" class=\"svg-inline--fa fa-chart-bar fa-w-16 fa-2x\"><path fill=\"currentColor\" d=\"M396.8 352h22.4c6.4 0 12.8-6.4 12.8-12.8V108.8c0-6.4-6.4-12.8-12.8-12.8h-22.4c-6.4 0-12.8 6.4-12.8 12.8v230.4c0 6.4 6.4 12.8 12.8 12.8zm-192 0h22.4c6.4 0 12.8-6.4 12.8-12.8V140.8c0-6.4-6.4-12.8-12.8-12.8h-22.4c-6.4 0-12.8 6.4-12.8 12.8v198.4c0 6.4 6.4 12.8 12.8 12.8zm96 0h22.4c6.4 0 12.8-6.4 12.8-12.8V204.8c0-6.4-6.4-12.8-12.8-12.8h-22.4c-6.4 0-12.8 6.4-12.8 12.8v134.4c0 6.4 6.4 12.8 12.8 12.8zM496 400H48V80c0-8.84-7.16-16-16-16H16C7.16 64 0 71.16 0 80v336c0 17.67 14.33 32 32 32h464c8.84 0 16-7.16 16-16v-16c0-8.84-7.16-16-16-16zm-387.2-48h22.4c6.4 0 12.8-6.4 12.8-12.8v-70.4c0-6.4-6.4-12.8-12.8-12.8h-22.4c-6.4 0-12.8 6.4-12.8 12.8v70.4c0 6.4 6.4 12.8 12.8 12.8z\" class=\"\"><\/path><\/svg><\/i> <img loading=\"lazy\" decoding=\"async\" width=\"16\" height=\"16\" alt=\"Loading\" src=\"https:\/\/temucotelevision.cl\/web\/wp-content\/plugins\/page-views-count\/ajax-loader-2x.gif\" border=0 \/><\/p>\n<div class=\"pvc_clear\"><\/div>\n<p>\u201cConfinados &amp; Confitados\u201d se denomina el espect\u00e1culo de Compa\u00f1\u00eda Circo Lacustre y Payaso Solutto que se llevar\u00e1 a cabo el<\/p>\n","protected":false},"author":1,"featured_media":13048,"comment_status":"open","ping_status":"open","sticky":false,"template":"","format":"standard","meta":{"colormag_page_container_layout":"default_layout","colormag_page_sidebar_layout":"default_layout","footnotes":""},"categories":[86],"tags":[283],"class_list":["post-13047","post","type-post","status-publish","format-standard","has-post-thumbnail","hentry","category-panoramas","tag-teatro"],"a3_pvc":{"activated":true,"total_views":34,"today_views":0},"_links":{"self":[{"href":"https:\/\/temucotelevision.cl\/web\/wp-json\/wp\/v2\/posts\/13047","targetHints":{"allow":["GET"]}}],"collection":[{"href":"https:\/\/temucotelevision.cl\/web\/wp-json\/wp\/v2\/posts"}],"about":[{"href":"https:\/\/temucotelevision.cl\/web\/wp-json\/wp\/v2\/types\/post"}],"author":[{"embeddable":true,"href":"https:\/\/temucotelevision.cl\/web\/wp-json\/wp\/v2\/users\/1"}],"replies":[{"embeddable":true,"href":"https:\/\/temucotelevision.cl\/web\/wp-json\/wp\/v2\/comments?post=13047"}],"version-history":[{"count":1,"href":"https:\/\/temucotelevision.cl\/web\/wp-json\/wp\/v2\/posts\/13047\/revisions"}],"predecessor-version":[{"id":13049,"href":"https:\/\/temucotelevision.cl\/web\/wp-json\/wp\/v2\/posts\/13047\/revisions\/13049"}],"wp:featuredmedia":[{"embeddable":true,"href":"https:\/\/temucotelevision.cl\/web\/wp-json\/wp\/v2\/media\/13048"}],"wp:attachment":[{"href":"https:\/\/temucotelevision.cl\/web\/wp-json\/wp\/v2\/media?parent=13047"}],"wp:term":[{"taxonomy":"category","embeddable":true,"href":"https:\/\/temucotelevision.cl\/web\/wp-json\/wp\/v2\/categories?post=13047"},{"taxonomy":"post_tag","embeddable":true,"href":"https:\/\/temucotelevision.cl\/web\/wp-json\/wp\/v2\/tags?post=13047"}],"curies":[{"name":"wp","href":"https:\/\/api.w.org\/{rel}","templated":true}]}}