{"id":13040,"date":"2020-08-05T18:56:07","date_gmt":"2020-08-05T21:56:07","guid":{"rendered":"https:\/\/temucotelevision.cl\/web\/?p=13040"},"modified":"2020-08-05T18:58:33","modified_gmt":"2020-08-05T21:58:33","slug":"patagon-journal-lanza-el-esperado-5-concurso-de-fotografia-de-la-patagonia%ef%bb%bf","status":"publish","type":"post","link":"https:\/\/temucotelevision.cl\/web\/2020\/08\/05\/patagon-journal-lanza-el-esperado-5-concurso-de-fotografia-de-la-patagonia%ef%bb%bf\/","title":{"rendered":"Patagon Journal lanza el esperado 5\u00b0 Concurso de Fotograf\u00eda de la Patagonia\ufeff"},"content":{"rendered":"<div class=\"pvc_clear\"><\/div><p id=\"pvc_stats_13040\" class=\"pvc_stats total_only  \" data-element-id=\"13040\" style=\"\"><i class=\"pvc-stats-icon large\" aria-hidden=\"true\"><svg aria-hidden=\"true\" focusable=\"false\" data-prefix=\"far\" data-icon=\"chart-bar\" role=\"img\" xmlns=\"http:\/\/www.w3.org\/2000\/svg\" viewBox=\"0 0 512 512\" class=\"svg-inline--fa fa-chart-bar fa-w-16 fa-2x\"><path fill=\"currentColor\" d=\"M396.8 352h22.4c6.4 0 12.8-6.4 12.8-12.8V108.8c0-6.4-6.4-12.8-12.8-12.8h-22.4c-6.4 0-12.8 6.4-12.8 12.8v230.4c0 6.4 6.4 12.8 12.8 12.8zm-192 0h22.4c6.4 0 12.8-6.4 12.8-12.8V140.8c0-6.4-6.4-12.8-12.8-12.8h-22.4c-6.4 0-12.8 6.4-12.8 12.8v198.4c0 6.4 6.4 12.8 12.8 12.8zm96 0h22.4c6.4 0 12.8-6.4 12.8-12.8V204.8c0-6.4-6.4-12.8-12.8-12.8h-22.4c-6.4 0-12.8 6.4-12.8 12.8v134.4c0 6.4 6.4 12.8 12.8 12.8zM496 400H48V80c0-8.84-7.16-16-16-16H16C7.16 64 0 71.16 0 80v336c0 17.67 14.33 32 32 32h464c8.84 0 16-7.16 16-16v-16c0-8.84-7.16-16-16-16zm-387.2-48h22.4c6.4 0 12.8-6.4 12.8-12.8v-70.4c0-6.4-6.4-12.8-12.8-12.8h-22.4c-6.4 0-12.8 6.4-12.8 12.8v70.4c0 6.4 6.4 12.8 12.8 12.8z\" class=\"\"><\/path><\/svg><\/i> <img loading=\"lazy\" decoding=\"async\" width=\"16\" height=\"16\" alt=\"Loading\" src=\"https:\/\/temucotelevision.cl\/web\/wp-content\/plugins\/page-views-count\/ajax-loader-2x.gif\" border=0 \/><\/p><div class=\"pvc_clear\"><\/div>\n<p>\u25cf&nbsp;&nbsp;&nbsp;&nbsp;&nbsp;&nbsp;<em>La fecha l\u00edmite de env\u00edo de las im\u00e1genes es el 30 de octubre para las cuatro categor\u00edas: Naturaleza, Deportes al Aire Libre, Viajes y Cultura, y Cambio Clim\u00e1tico.<\/em><\/p>\n\n\n\n<p>\u25cf&nbsp;&nbsp;&nbsp;&nbsp;&nbsp;&nbsp;<em>Un jurado internacional que incluye a algunos de los mejores fot\u00f3grafos de la regi\u00f3n elegir\u00e1 a los ganadores, entre ellos al Fot\u00f3grafo del A\u00f1o de la Patagonia.<\/em><\/p>\n\n\n\n<p><strong><em>Puerto Varas, Chile<\/em><\/strong>&nbsp;\u2013&nbsp;Desde su lanzamiento inaugural en noviembre de 2012, el Concurso de Fotograf\u00eda de la Patagonia se ha transformado en una verdadera tradici\u00f3n que es esperada con ansias por fot\u00f3grafos aficionados y profesionales de todo el mundo. Este a\u00f1o la revista biling\u00fce internacional Patagon Journal anuncia el lanzamiento del 5\u00b0 Concurso de Fotograf\u00eda de la Patagonia, que como ya es habitual contar\u00e1 con atractivos premios y un jurado internacional de primer nivel.<\/p>\n\n\n\n<p>Este a\u00f1o el ganador absoluto del certamen no s\u00f3lo se llevar\u00e1 un premio espectacular, sino que por primera vez ser\u00e1 coronado como Fot\u00f3grafo del A\u00f1o de la Patagonia.<\/p>\n\n\n\n<p>Justo en una pandemia que ha obligado a decretar el confinamiento de buena parte de la poblaci\u00f3n mundial, el concurso viene a representar una gran oportunidad para que el entusiasmo no decaiga en medio del encierro, y tambi\u00e9n para mantener vivo el v\u00ednculo con la Patagonia y los \u00faltimos lugares salvajes del planeta. \u201cCreemos que la belleza que se encuentra en las fotos de la Patagonia puede ayudar a aliviar el estr\u00e9s y el dolor que la gente est\u00e1 sufriendo en estos momentos debido a la pandemia&#8221;, dijo Jimmy Langman, editor ejecutivo de Patagon Journal, un medio de comunicaci\u00f3n con sede en Chile que desde 2011 publica su revista y organiza iniciativas especiales, como este certamen fotogr\u00e1fico, para ayudar a proteger los \u00faltimos lugares salvajes de la Patagonia y el mundo.<\/p>\n\n\n\n<p>Tal como en los concursos anteriores, la quinta versi\u00f3n cuenta con las categor\u00edas de Naturaleza, Deportes al Aire Libre, y Viajes y Cultura para aquellas fotos tomadas en la Patagonia chilena y argentina. Dada la urgencia con la que el mundo debe abordar el cambio clim\u00e1tico, este a\u00f1o el concurso incluye una categor\u00eda de Cambio Clim\u00e1tico que est\u00e1 abierta a im\u00e1genes capturadas en cualquier parte del planeta. Los participantes del concurso pueden enviar fotos que muestren tanto los impactos negativos del cambio clim\u00e1tico como aquellas iniciativas positivas a trav\u00e9s de las cuales las comunidades y las personas est\u00e1n reconstruyendo los sistemas humanos y restaurando los sistemas naturales para ayudar a combatir el calentamiento global.<\/p>\n\n\n\n<p><strong>Un destacado panel de seis jueces compuesto por John Weller, Claudio Vidal, Nicol\u00e1s Piwonka, Chantal Henderson, Romina Bottazzi y Pablo Valenzuela<\/strong>&nbsp;decidir\u00e1 a los ganadores de cada categor\u00eda, mientras que el p\u00fablico definir\u00e1 el Premio de los Lectores en una votaci\u00f3n en l\u00ednea durante las \u00faltimas tres semanas de noviembre. El ganador general ser\u00e1 coronado como Fot\u00f3grafo del A\u00f1o de la Patagonia, y como tal, dar\u00e1 inicio a una nueva tradici\u00f3n elevando a\u00fan m\u00e1s la importancia del concurso para los fot\u00f3grafos de la regi\u00f3n.<\/p>\n\n\n\n<p>El a\u00f1o pasado, las 40 mejores fotos del concurso se exhibieron en una exposici\u00f3n de 4 meses en el Espacio Fundaci\u00f3n Telef\u00f3nica de Santiago. Este a\u00f1o, debido a la pandemia, los organizadores del concurso est\u00e1n haciendo planes para realizar un evento especial en l\u00ednea con invitados destacados para celebrar a los ganadores.<\/p>\n\n\n\n<p><strong>Premios que motivan<\/strong><\/p>\n\n\n\n<p>Para aquellos que tengan dudas en participar, los premios los invitar\u00e1n a hacerlo.&nbsp;<strong>El ganador del Fot\u00f3grafo del A\u00f1o de la Patagonia<\/strong><strong>se adjudicar\u00e1 un viaje de naturaleza durante 6 d\u00edas en la isla grande de Tierra del Fuego con<\/strong>&nbsp;<strong>Far South Expeditions<\/strong>, as\u00ed como tambi\u00e9n una estad\u00eda por 2 noches en el&nbsp;<strong>Hotel Don Rey Felipe<\/strong>&nbsp;en Punta Arenas.<\/p>\n\n\n\n<p>Los ganadores del primer lugar de cada categor\u00eda recibir\u00e1n una tarjeta de regalo de&nbsp;<strong>Patagonia<\/strong>&nbsp;valorada en 200 mil pesos chilenos para usar en sus tiendas en Chile, dos hermosos libros de fotograf\u00eda de gran formato de&nbsp;<strong>Tompkins Conservation<\/strong>, y una colecci\u00f3n completa de las revistas de Patagon Journal (22 ediciones).<\/p>\n\n\n\n<p>Aquellos que obtengan el segundo lugar en cada categor\u00eda tambi\u00e9n ser\u00e1n recompensados: ganar\u00e1n un par de lentes de sol de alta calidad de&nbsp;<strong>Kar\u00fcn<\/strong>, que est\u00e1n confeccionados de material pl\u00e1stico reciclado del oc\u00e9ano.<\/p>\n\n\n\n<p>El ganador del Premio de los Lectores recibir\u00e1 un viaje para practicar kayakismo y trekking en la isla de Chilo\u00e9 durante 2 d\u00edas con el operador tur\u00edstico&nbsp;<strong>Chilo\u00e9 Natural<\/strong>, as\u00ed como una estad\u00eda por 2 noches en el&nbsp;<strong>Ocio Territorial Hotel<\/strong>, un hotel de 5 estrellas cerca de la ciudad de Castro.<\/p>\n\n\n\n<p><strong>\u00bfC\u00f3mo participar?<\/strong><\/p>\n\n\n\n<p><strong>La fecha l\u00edmite de env\u00edo de las im\u00e1genes es el 30 de octubre<\/strong>&nbsp;de este a\u00f1o, y cada participante podr\u00e1 enviar 1 fotograf\u00eda por cada una de las categor\u00edas. Sin embargo, podr\u00e1 mandar hasta 4 fotos por categor\u00eda si compra una suscripci\u00f3n a la revista, con lo que tendr\u00e1 m\u00e1s opciones de ganar algunos de los espectaculares premios.&nbsp;<\/p>\n\n\n\n<p>Los participantes podr\u00e1n enviar sus im\u00e1genes a trav\u00e9s del formulario accesible en el sitio web (<strong><a href=\"http:\/\/www.patagonjournal.com\/\" target=\"_blank\" rel=\"noreferrer noopener\">www.patagonjournal.com<\/a><\/strong>), donde tambi\u00e9n obtendr\u00e1n m\u00e1s informaci\u00f3n sobre las bases del concurso.<\/p>\n\n\n\n<p><strong>Detr\u00e1s de Patagon Journal<\/strong><\/p>\n\n\n\n<p>Con m\u00e1s de ocho a\u00f1os de trayectoria, Patagon Journal es pionero entre los medios de comunicaci\u00f3n de Chile enfocados en temas de conservaci\u00f3n y medio ambiente, promoviendo la puesta en valor del patrimonio natural y cultural de la Patagonia y de los \u00faltimos lugares salvajes del planeta.<\/p>\n\n\n\n<p>Con sede en Puerto Varas, Patagon Journal publica cuatro revistas impresas y digitales al a\u00f1o, ediciones coleccionables gracias a su atractivo dise\u00f1o y espectaculares fotograf\u00edas, con un contenido de calidad y profundidad que le ha permitido convertirse en un referente dentro del periodismo independiente ambiental y outdoor de Chile.&nbsp;<\/p>\n\n\n\n<p><strong>Edici\u00f3n anterior<\/strong><\/p>\n\n\n\n<p>En la \u00faltima edici\u00f3n del concurso, Mat\u00edas Mondaca, un estudiante universitario en el Duoc UC de Concepci\u00f3n, fue el ganador absoluto del certamen con la fotograf\u00eda \u201cLa Belleza y Elegancia del Huemul\u201d, en una versi\u00f3n del concurso donde se presentaron m\u00e1s de 3.000 im\u00e1genes de participantes de todo el mundo.&nbsp;Todas las fotograf\u00edas ganadoras, adem\u00e1s los 10 finalistas en cada categor\u00eda del concurso \u2013 42 fotos en total \u2013&nbsp;eran&nbsp;parte de &#8220;<strong>Patagonia en Fotos<\/strong>&#8220;, una exposici\u00f3n en&nbsp;el&nbsp;<strong>Espacio Fundaci\u00f3n Telef\u00f3nica<\/strong>&nbsp;<strong>de Santiago<\/strong>, que dur\u00f3m\u00e1s&nbsp;de&nbsp;cuatro&nbsp;meses, de abril a julio de 2019. Para ver todas las fotograf\u00edas ganadoras de la anterior edici\u00f3n, haz clic&nbsp;<a rel=\"noreferrer noopener\" href=\"https:\/\/www.patagonjournal.com\/index.php?option=com_content&amp;view=article&amp;id=4191&amp;Itemid=381&amp;lang=es\" target=\"_blank\">ac\u00e1<\/a>.<\/p>\n\n\n\n<div class=\"wp-block-image\"><figure class=\"aligncenter\"><img loading=\"lazy\" decoding=\"async\" width=\"819\" height=\"1024\" src=\"https:\/\/temucotelevision.cl\/web\/wp-content\/uploads\/2020\/08\/Afiche_vertical_5\u00baConcurso_RRSS-819x1024.jpg\" alt=\"\" class=\"wp-image-13043\" srcset=\"https:\/\/temucotelevision.cl\/web\/wp-content\/uploads\/2020\/08\/Afiche_vertical_5\u00baConcurso_RRSS-819x1024.jpg 819w, https:\/\/temucotelevision.cl\/web\/wp-content\/uploads\/2020\/08\/Afiche_vertical_5\u00baConcurso_RRSS-768x960.jpg 768w, https:\/\/temucotelevision.cl\/web\/wp-content\/uploads\/2020\/08\/Afiche_vertical_5\u00baConcurso_RRSS.jpg 1080w\" sizes=\"auto, (max-width: 819px) 100vw, 819px\" \/><\/figure><\/div>\n","protected":false},"excerpt":{"rendered":"<div class=\"pvc_clear\"><\/div>\n<p id=\"pvc_stats_13040\" class=\"pvc_stats total_only  \" data-element-id=\"13040\" style=\"\"><i class=\"pvc-stats-icon large\" aria-hidden=\"true\"><svg aria-hidden=\"true\" focusable=\"false\" data-prefix=\"far\" data-icon=\"chart-bar\" role=\"img\" xmlns=\"http:\/\/www.w3.org\/2000\/svg\" viewBox=\"0 0 512 512\" class=\"svg-inline--fa fa-chart-bar fa-w-16 fa-2x\"><path fill=\"currentColor\" d=\"M396.8 352h22.4c6.4 0 12.8-6.4 12.8-12.8V108.8c0-6.4-6.4-12.8-12.8-12.8h-22.4c-6.4 0-12.8 6.4-12.8 12.8v230.4c0 6.4 6.4 12.8 12.8 12.8zm-192 0h22.4c6.4 0 12.8-6.4 12.8-12.8V140.8c0-6.4-6.4-12.8-12.8-12.8h-22.4c-6.4 0-12.8 6.4-12.8 12.8v198.4c0 6.4 6.4 12.8 12.8 12.8zm96 0h22.4c6.4 0 12.8-6.4 12.8-12.8V204.8c0-6.4-6.4-12.8-12.8-12.8h-22.4c-6.4 0-12.8 6.4-12.8 12.8v134.4c0 6.4 6.4 12.8 12.8 12.8zM496 400H48V80c0-8.84-7.16-16-16-16H16C7.16 64 0 71.16 0 80v336c0 17.67 14.33 32 32 32h464c8.84 0 16-7.16 16-16v-16c0-8.84-7.16-16-16-16zm-387.2-48h22.4c6.4 0 12.8-6.4 12.8-12.8v-70.4c0-6.4-6.4-12.8-12.8-12.8h-22.4c-6.4 0-12.8 6.4-12.8 12.8v70.4c0 6.4 6.4 12.8 12.8 12.8z\" class=\"\"><\/path><\/svg><\/i> <img loading=\"lazy\" decoding=\"async\" width=\"16\" height=\"16\" alt=\"Loading\" src=\"https:\/\/temucotelevision.cl\/web\/wp-content\/plugins\/page-views-count\/ajax-loader-2x.gif\" border=0 \/><\/p>\n<div class=\"pvc_clear\"><\/div>\n<p>\u25cf&nbsp;&nbsp;&nbsp;&nbsp;&nbsp;&nbsp;La fecha l\u00edmite de env\u00edo de las im\u00e1genes es el 30 de octubre para las cuatro categor\u00edas: Naturaleza, Deportes al<\/p>\n","protected":false},"author":1,"featured_media":13041,"comment_status":"open","ping_status":"open","sticky":false,"template":"","format":"standard","meta":{"colormag_page_container_layout":"default_layout","colormag_page_sidebar_layout":"default_layout","footnotes":""},"categories":[86],"tags":[2854],"class_list":["post-13040","post","type-post","status-publish","format-standard","has-post-thumbnail","hentry","category-panoramas","tag-patagonia"],"a3_pvc":{"activated":true,"total_views":48,"today_views":0},"_links":{"self":[{"href":"https:\/\/temucotelevision.cl\/web\/wp-json\/wp\/v2\/posts\/13040","targetHints":{"allow":["GET"]}}],"collection":[{"href":"https:\/\/temucotelevision.cl\/web\/wp-json\/wp\/v2\/posts"}],"about":[{"href":"https:\/\/temucotelevision.cl\/web\/wp-json\/wp\/v2\/types\/post"}],"author":[{"embeddable":true,"href":"https:\/\/temucotelevision.cl\/web\/wp-json\/wp\/v2\/users\/1"}],"replies":[{"embeddable":true,"href":"https:\/\/temucotelevision.cl\/web\/wp-json\/wp\/v2\/comments?post=13040"}],"version-history":[{"count":3,"href":"https:\/\/temucotelevision.cl\/web\/wp-json\/wp\/v2\/posts\/13040\/revisions"}],"predecessor-version":[{"id":13045,"href":"https:\/\/temucotelevision.cl\/web\/wp-json\/wp\/v2\/posts\/13040\/revisions\/13045"}],"wp:featuredmedia":[{"embeddable":true,"href":"https:\/\/temucotelevision.cl\/web\/wp-json\/wp\/v2\/media\/13041"}],"wp:attachment":[{"href":"https:\/\/temucotelevision.cl\/web\/wp-json\/wp\/v2\/media?parent=13040"}],"wp:term":[{"taxonomy":"category","embeddable":true,"href":"https:\/\/temucotelevision.cl\/web\/wp-json\/wp\/v2\/categories?post=13040"},{"taxonomy":"post_tag","embeddable":true,"href":"https:\/\/temucotelevision.cl\/web\/wp-json\/wp\/v2\/tags?post=13040"}],"curies":[{"name":"wp","href":"https:\/\/api.w.org\/{rel}","templated":true}]}}