{"id":13033,"date":"2020-08-05T15:04:31","date_gmt":"2020-08-05T18:04:31","guid":{"rendered":"https:\/\/temucotelevision.cl\/web\/?p=13033"},"modified":"2020-08-05T15:18:25","modified_gmt":"2020-08-05T18:18:25","slug":"ministra-chevesich-y-retenciones-por-deudas-de-alimentos-los-juzgados-de-familia-estan-comprometidos-con-la-tarea-de-dar-respuesta-oportuna-y-eficaz","status":"publish","type":"post","link":"https:\/\/temucotelevision.cl\/web\/2020\/08\/05\/ministra-chevesich-y-retenciones-por-deudas-de-alimentos-los-juzgados-de-familia-estan-comprometidos-con-la-tarea-de-dar-respuesta-oportuna-y-eficaz\/","title":{"rendered":"Ministra Chevesich y retenciones por deudas de alimentos: &#8220;Los Juzgados de Familia est\u00e1n comprometidos con la tarea de dar respuesta oportuna y eficaz&#8221;"},"content":{"rendered":"<div class=\"pvc_clear\"><\/div><p id=\"pvc_stats_13033\" class=\"pvc_stats total_only  \" data-element-id=\"13033\" style=\"\"><i class=\"pvc-stats-icon large\" aria-hidden=\"true\"><svg aria-hidden=\"true\" focusable=\"false\" data-prefix=\"far\" data-icon=\"chart-bar\" role=\"img\" xmlns=\"http:\/\/www.w3.org\/2000\/svg\" viewBox=\"0 0 512 512\" class=\"svg-inline--fa fa-chart-bar fa-w-16 fa-2x\"><path fill=\"currentColor\" d=\"M396.8 352h22.4c6.4 0 12.8-6.4 12.8-12.8V108.8c0-6.4-6.4-12.8-12.8-12.8h-22.4c-6.4 0-12.8 6.4-12.8 12.8v230.4c0 6.4 6.4 12.8 12.8 12.8zm-192 0h22.4c6.4 0 12.8-6.4 12.8-12.8V140.8c0-6.4-6.4-12.8-12.8-12.8h-22.4c-6.4 0-12.8 6.4-12.8 12.8v198.4c0 6.4 6.4 12.8 12.8 12.8zm96 0h22.4c6.4 0 12.8-6.4 12.8-12.8V204.8c0-6.4-6.4-12.8-12.8-12.8h-22.4c-6.4 0-12.8 6.4-12.8 12.8v134.4c0 6.4 6.4 12.8 12.8 12.8zM496 400H48V80c0-8.84-7.16-16-16-16H16C7.16 64 0 71.16 0 80v336c0 17.67 14.33 32 32 32h464c8.84 0 16-7.16 16-16v-16c0-8.84-7.16-16-16-16zm-387.2-48h22.4c6.4 0 12.8-6.4 12.8-12.8v-70.4c0-6.4-6.4-12.8-12.8-12.8h-22.4c-6.4 0-12.8 6.4-12.8 12.8v70.4c0 6.4 6.4 12.8 12.8 12.8z\" class=\"\"><\/path><\/svg><\/i> <img loading=\"lazy\" decoding=\"async\" width=\"16\" height=\"16\" alt=\"Loading\" src=\"https:\/\/temucotelevision.cl\/web\/wp-content\/plugins\/page-views-count\/ajax-loader-2x.gif\" border=0 \/><\/p><div class=\"pvc_clear\"><\/div>\n<p>La ministra vocera de la Corte Suprema, Gloria Ana Chevesich,&nbsp; inform\u00f3 hoy \u2013 martes 4 de agosto- que el Poder Judicial ha recibido un total de 409.688 escritos relacionados a la retenci\u00f3n del 10% de las AFPs, de las cuales ya se han decretado 22.786&nbsp; medidas cautelares de fondos.<br><br>La autoridad inform\u00f3 que &#8220;el Poder Judicial sigue trabajando arduamente para culminar la tramitaci\u00f3n en un plazo breve de&nbsp; todos los escritos que han llegado&#8221; y entreg\u00f3 cifras del proceso. Detall\u00f3 que hay un total de 229.402 causas por alimentos posiblemente incumplidos (se debe realizar la liquidaci\u00f3n para determinar si existe o no morosidad), lo que representa un total de 214.703 personas demandadas.<br><br>Del total, hasta el lunes 3 ya se hab\u00edan enviado a Previred, entidad que&nbsp; derivar\u00e1 las resoluciones cautelares de fondo a cada entidad previsional- 22.786 cautelares&nbsp; de fondos&nbsp; y se espera que en el proceso nocturno de carga inform\u00e1tica de hoy martes se env\u00eden 142.217 cautelares m\u00e1s, llegando a una cifra de 165.003 ordenes de cautela de dineros.<br><br>Seg\u00fan las estimaciones, de las cerca de 70 mil causas que faltan, quedar\u00e1n todas en Previred la noche de ma\u00f1ana 5 de agosto.<br><br>&#8220;Ah\u00ed se cumple, en realidad, todo el primer ciclo que es comunicar las resoluci\u00f3n a que dispuso la retenci\u00f3n de los fondos a Previred&nbsp; que los remitir\u00e1 a las administradoras de fondos de pensiones. Acto seguido,&nbsp; viene todo el proceso de liquidaci\u00f3n que tambi\u00e9n se dispuso oportunamente por los tribunales, porque paralelamente al&nbsp; acceder a la petici\u00f3n&nbsp; de retenci\u00f3n, ordena inmediatamente que se practique la liquidaci\u00f3n de la deuda para tener certeza lo m\u00e1s r\u00e1pido posible cu\u00e1nto es el monto efectivo que adeuda el demandado , en este caso el afiliado, si es que pretende retirar el 10% de sus fondos depositados en su cuenta que gestiona la AFP&#8221;, explico la portavoz.<br><br>En tanto, en el Tr\u00e1mite F\u00e1cil se han recibido 11.056 solicitudes de retenci\u00f3n de dineros de los bonos para apoyo a la clase media&nbsp; y trabajadores independientes.<br><br>La autoridad destac\u00f3 el exponencial ingreso de escritos en tan solo una semana y resalt\u00f3 el esfuerzo por contratar m\u00e1s personal y reasignar tareas, con el fin de apoyar a los juzgados de Familia. &#8220;Ha sido un aumento muy considerable de ingresos a los tribunales pensando que la regla general de liquidaciones es 225.150 peticiones en un a\u00f1o. Efectivamente, esto est\u00e1 generando una importante carga de trabajo, porque aparentemente lo que se pide en un a\u00f1o, se est\u00e1 pidiendo en una semana y esto puede seguir aumentando. Es por esto que se aprob\u00f3 permitir la posibilidad a los tribunales para llevar a cabo contratas transitorias para poder tener personal de apoyo para esta labor. Con esta modificaci\u00f3n de la pol\u00edtica de suplencias se permite a los consejos de coordinaci\u00f3n zonal&nbsp; ampliar&nbsp; la capacidad de la dotaci\u00f3n de los tribunales, Adem\u00e1s, se sugiri\u00f3 a todas las Cortes de Apelaciones utilizar el mecanismo que establece el teletrabajo, que permite la destinaci\u00f3n de funcionarios internamente&#8221;.<br><br>&#8220;Lo mas importante es que en todos los juzgados&nbsp; de Familia, las jueces y juezas y todos los funcionarios est\u00e1n&nbsp; comprometidos con esta labor asumiendo que tenemos que dar una respuesta oportuna y eficaz a&nbsp; todas aquellas personas que est\u00e1n pretendiendo que con este 10% se solucione las deudas alimenticias que tienen con los progenitores de los ni\u00f1os, ni\u00f1as y adolescentes e hijos en general&#8221;, concluy\u00f3 la ministra vocera de la Corte Suprema.<\/p>\n","protected":false},"excerpt":{"rendered":"<div class=\"pvc_clear\"><\/div>\n<p id=\"pvc_stats_13033\" class=\"pvc_stats total_only  \" data-element-id=\"13033\" style=\"\"><i class=\"pvc-stats-icon large\" aria-hidden=\"true\"><svg aria-hidden=\"true\" focusable=\"false\" data-prefix=\"far\" data-icon=\"chart-bar\" role=\"img\" xmlns=\"http:\/\/www.w3.org\/2000\/svg\" viewBox=\"0 0 512 512\" class=\"svg-inline--fa fa-chart-bar fa-w-16 fa-2x\"><path fill=\"currentColor\" d=\"M396.8 352h22.4c6.4 0 12.8-6.4 12.8-12.8V108.8c0-6.4-6.4-12.8-12.8-12.8h-22.4c-6.4 0-12.8 6.4-12.8 12.8v230.4c0 6.4 6.4 12.8 12.8 12.8zm-192 0h22.4c6.4 0 12.8-6.4 12.8-12.8V140.8c0-6.4-6.4-12.8-12.8-12.8h-22.4c-6.4 0-12.8 6.4-12.8 12.8v198.4c0 6.4 6.4 12.8 12.8 12.8zm96 0h22.4c6.4 0 12.8-6.4 12.8-12.8V204.8c0-6.4-6.4-12.8-12.8-12.8h-22.4c-6.4 0-12.8 6.4-12.8 12.8v134.4c0 6.4 6.4 12.8 12.8 12.8zM496 400H48V80c0-8.84-7.16-16-16-16H16C7.16 64 0 71.16 0 80v336c0 17.67 14.33 32 32 32h464c8.84 0 16-7.16 16-16v-16c0-8.84-7.16-16-16-16zm-387.2-48h22.4c6.4 0 12.8-6.4 12.8-12.8v-70.4c0-6.4-6.4-12.8-12.8-12.8h-22.4c-6.4 0-12.8 6.4-12.8 12.8v70.4c0 6.4 6.4 12.8 12.8 12.8z\" class=\"\"><\/path><\/svg><\/i> <img loading=\"lazy\" decoding=\"async\" width=\"16\" height=\"16\" alt=\"Loading\" src=\"https:\/\/temucotelevision.cl\/web\/wp-content\/plugins\/page-views-count\/ajax-loader-2x.gif\" border=0 \/><\/p>\n<div class=\"pvc_clear\"><\/div>\n<p>La ministra vocera de la Corte Suprema, Gloria Ana Chevesich,&nbsp; inform\u00f3 hoy \u2013 martes 4 de agosto- que el Poder<\/p>\n","protected":false},"author":1,"featured_media":13034,"comment_status":"open","ping_status":"open","sticky":false,"template":"","format":"standard","meta":{"colormag_page_container_layout":"default_layout","colormag_page_sidebar_layout":"default_layout","footnotes":""},"categories":[15],"tags":[1733,2811],"class_list":["post-13033","post","type-post","status-publish","format-standard","has-post-thumbnail","hentry","category-la-araucania","tag-afp","tag-pension"],"a3_pvc":{"activated":true,"total_views":31,"today_views":0},"_links":{"self":[{"href":"https:\/\/temucotelevision.cl\/web\/wp-json\/wp\/v2\/posts\/13033","targetHints":{"allow":["GET"]}}],"collection":[{"href":"https:\/\/temucotelevision.cl\/web\/wp-json\/wp\/v2\/posts"}],"about":[{"href":"https:\/\/temucotelevision.cl\/web\/wp-json\/wp\/v2\/types\/post"}],"author":[{"embeddable":true,"href":"https:\/\/temucotelevision.cl\/web\/wp-json\/wp\/v2\/users\/1"}],"replies":[{"embeddable":true,"href":"https:\/\/temucotelevision.cl\/web\/wp-json\/wp\/v2\/comments?post=13033"}],"version-history":[{"count":2,"href":"https:\/\/temucotelevision.cl\/web\/wp-json\/wp\/v2\/posts\/13033\/revisions"}],"predecessor-version":[{"id":13039,"href":"https:\/\/temucotelevision.cl\/web\/wp-json\/wp\/v2\/posts\/13033\/revisions\/13039"}],"wp:featuredmedia":[{"embeddable":true,"href":"https:\/\/temucotelevision.cl\/web\/wp-json\/wp\/v2\/media\/13034"}],"wp:attachment":[{"href":"https:\/\/temucotelevision.cl\/web\/wp-json\/wp\/v2\/media?parent=13033"}],"wp:term":[{"taxonomy":"category","embeddable":true,"href":"https:\/\/temucotelevision.cl\/web\/wp-json\/wp\/v2\/categories?post=13033"},{"taxonomy":"post_tag","embeddable":true,"href":"https:\/\/temucotelevision.cl\/web\/wp-json\/wp\/v2\/tags?post=13033"}],"curies":[{"name":"wp","href":"https:\/\/api.w.org\/{rel}","templated":true}]}}