{"id":13024,"date":"2020-08-04T18:47:30","date_gmt":"2020-08-04T21:47:30","guid":{"rendered":"https:\/\/temucotelevision.cl\/web\/?p=13024"},"modified":"2020-08-04T19:04:53","modified_gmt":"2020-08-04T22:04:53","slug":"diputado-alvarez-evopoli-destaca-aprobacion-de-proyecto-que-endurece-sanciones-contra-pescadores-furtivos","status":"publish","type":"post","link":"https:\/\/temucotelevision.cl\/web\/2020\/08\/04\/diputado-alvarez-evopoli-destaca-aprobacion-de-proyecto-que-endurece-sanciones-contra-pescadores-furtivos\/","title":{"rendered":"Diputado \u00c1lvarez (Ev\u00f3poli) destaca aprobaci\u00f3n de proyecto que endurece sanciones contra pescadores furtivos"},"content":{"rendered":"<div class=\"pvc_clear\"><\/div><p id=\"pvc_stats_13024\" class=\"pvc_stats total_only  \" data-element-id=\"13024\" style=\"\"><i class=\"pvc-stats-icon large\" aria-hidden=\"true\"><svg aria-hidden=\"true\" focusable=\"false\" data-prefix=\"far\" data-icon=\"chart-bar\" role=\"img\" xmlns=\"http:\/\/www.w3.org\/2000\/svg\" viewBox=\"0 0 512 512\" class=\"svg-inline--fa fa-chart-bar fa-w-16 fa-2x\"><path fill=\"currentColor\" d=\"M396.8 352h22.4c6.4 0 12.8-6.4 12.8-12.8V108.8c0-6.4-6.4-12.8-12.8-12.8h-22.4c-6.4 0-12.8 6.4-12.8 12.8v230.4c0 6.4 6.4 12.8 12.8 12.8zm-192 0h22.4c6.4 0 12.8-6.4 12.8-12.8V140.8c0-6.4-6.4-12.8-12.8-12.8h-22.4c-6.4 0-12.8 6.4-12.8 12.8v198.4c0 6.4 6.4 12.8 12.8 12.8zm96 0h22.4c6.4 0 12.8-6.4 12.8-12.8V204.8c0-6.4-6.4-12.8-12.8-12.8h-22.4c-6.4 0-12.8 6.4-12.8 12.8v134.4c0 6.4 6.4 12.8 12.8 12.8zM496 400H48V80c0-8.84-7.16-16-16-16H16C7.16 64 0 71.16 0 80v336c0 17.67 14.33 32 32 32h464c8.84 0 16-7.16 16-16v-16c0-8.84-7.16-16-16-16zm-387.2-48h22.4c6.4 0 12.8-6.4 12.8-12.8v-70.4c0-6.4-6.4-12.8-12.8-12.8h-22.4c-6.4 0-12.8 6.4-12.8 12.8v70.4c0 6.4 6.4 12.8 12.8 12.8z\" class=\"\"><\/path><\/svg><\/i> <img loading=\"lazy\" decoding=\"async\" width=\"16\" height=\"16\" alt=\"Loading\" src=\"https:\/\/temucotelevision.cl\/web\/wp-content\/plugins\/page-views-count\/ajax-loader-2x.gif\" border=0 \/><\/p><div class=\"pvc_clear\"><\/div>\n<p><em>La iniciativa de su autor\u00eda, contempla pena de c\u00e1rcel para reincidentes y multas que podr\u00edan llegar hasta 10.000 UTM (m\u00e1s de 500 millones de pesos).<\/em><\/p>\n\n\n\n<p>El diputado de Ev\u00f3poli, Sebasti\u00e1n \u00c1lvarez, valor\u00f3 esta tarde la aprobaci\u00f3n del proyecto que modifica la ley N\u00b020.256 sobre normas de pesca recreativa y aumenta las sanciones en caso de infracci\u00f3n contra pescadores furtivos.<\/p>\n\n\n\n<p>\u201cDespu\u00e9s de 2 a\u00f1os de trabajo en conjunto con todas las organizaciones de pesca recreativa de la regi\u00f3n de la Araucan\u00eda y con el apoyo de todos los pescadores recreativos del sur de Chile, hemos sacado adelante este proyecto de ley que busca endurecer y tipificar como delito, aquellas personas que practican la pesca furtiva\u201d, se\u00f1al\u00f3 \u00c1lvarez.<\/p>\n\n\n\n<p>Seg\u00fan explic\u00f3 el legislador, \u201clos pescadores furtivos son quienes, no respetando la ley, hacen un uso indiscriminado del recurso de la pesca de nuestros r\u00edos, afectando la econom\u00eda familiar de todos los territorios y comunidades que viven de la pesca recreativa\u201d.<\/p>\n\n\n\n<p>\u201cChile-continu\u00f3- puede ser una potencia mundial de pesca recreativa, y por eso es tan importante que podamos cuidar nuestros r\u00edos y hacer un turismo sustentable. Por esto, era fundamental entregar penas m\u00e1s duras, que, en el caso de la reincidencia y las faltas graves, puedan terminar con penas de c\u00e1rcel para los infractores\u201d, agreg\u00f3.<\/p>\n\n\n\n<p>Finalmente, el diputado integrante de la comisi\u00f3n de medioambiente, indic\u00f3 que \u201ccon esto estamos dando un primer gran paso para cuidar y resguardar, el recurso de la pesca recreativa para nuestro pa\u00eds, y tambi\u00e9n, proteger el desarrollo del turismo de intereses especiales. Adem\u00e1s, permitir\u00e1 fomentar y desarrollar, lo que puede ser la principal fuente reactivaci\u00f3n de la econom\u00eda tur\u00edstica del sur de Chile\u201d.<\/p>\n\n\n\n<p>La moci\u00f3n del representante de la Araucan\u00eda, pasa ahora al Senado para continuar su tramitaci\u00f3n.<\/p>\n\n\n\n<div class=\"wp-block-image\"><figure class=\"aligncenter\"><img loading=\"lazy\" decoding=\"async\" width=\"819\" height=\"1024\" src=\"https:\/\/temucotelevision.cl\/web\/wp-content\/uploads\/2020\/08\/Pesca-Recreativa-819x1024.jpeg\" alt=\"\" class=\"wp-image-13028\" srcset=\"https:\/\/temucotelevision.cl\/web\/wp-content\/uploads\/2020\/08\/Pesca-Recreativa-819x1024.jpeg 819w, https:\/\/temucotelevision.cl\/web\/wp-content\/uploads\/2020\/08\/Pesca-Recreativa-768x960.jpeg 768w, https:\/\/temucotelevision.cl\/web\/wp-content\/uploads\/2020\/08\/Pesca-Recreativa.jpeg 967w\" sizes=\"auto, (max-width: 819px) 100vw, 819px\" \/><\/figure><\/div>\n","protected":false},"excerpt":{"rendered":"<div class=\"pvc_clear\"><\/div>\n<p id=\"pvc_stats_13024\" class=\"pvc_stats total_only  \" data-element-id=\"13024\" style=\"\"><i class=\"pvc-stats-icon large\" aria-hidden=\"true\"><svg aria-hidden=\"true\" focusable=\"false\" data-prefix=\"far\" data-icon=\"chart-bar\" role=\"img\" xmlns=\"http:\/\/www.w3.org\/2000\/svg\" viewBox=\"0 0 512 512\" class=\"svg-inline--fa fa-chart-bar fa-w-16 fa-2x\"><path fill=\"currentColor\" d=\"M396.8 352h22.4c6.4 0 12.8-6.4 12.8-12.8V108.8c0-6.4-6.4-12.8-12.8-12.8h-22.4c-6.4 0-12.8 6.4-12.8 12.8v230.4c0 6.4 6.4 12.8 12.8 12.8zm-192 0h22.4c6.4 0 12.8-6.4 12.8-12.8V140.8c0-6.4-6.4-12.8-12.8-12.8h-22.4c-6.4 0-12.8 6.4-12.8 12.8v198.4c0 6.4 6.4 12.8 12.8 12.8zm96 0h22.4c6.4 0 12.8-6.4 12.8-12.8V204.8c0-6.4-6.4-12.8-12.8-12.8h-22.4c-6.4 0-12.8 6.4-12.8 12.8v134.4c0 6.4 6.4 12.8 12.8 12.8zM496 400H48V80c0-8.84-7.16-16-16-16H16C7.16 64 0 71.16 0 80v336c0 17.67 14.33 32 32 32h464c8.84 0 16-7.16 16-16v-16c0-8.84-7.16-16-16-16zm-387.2-48h22.4c6.4 0 12.8-6.4 12.8-12.8v-70.4c0-6.4-6.4-12.8-12.8-12.8h-22.4c-6.4 0-12.8 6.4-12.8 12.8v70.4c0 6.4 6.4 12.8 12.8 12.8z\" class=\"\"><\/path><\/svg><\/i> <img loading=\"lazy\" decoding=\"async\" width=\"16\" height=\"16\" alt=\"Loading\" src=\"https:\/\/temucotelevision.cl\/web\/wp-content\/plugins\/page-views-count\/ajax-loader-2x.gif\" border=0 \/><\/p>\n<div class=\"pvc_clear\"><\/div>\n<p>La iniciativa de su autor\u00eda, contempla pena de c\u00e1rcel para reincidentes y multas que podr\u00edan llegar hasta 10.000 UTM (m\u00e1s<\/p>\n","protected":false},"author":1,"featured_media":13025,"comment_status":"open","ping_status":"open","sticky":false,"template":"","format":"standard","meta":{"colormag_page_container_layout":"default_layout","colormag_page_sidebar_layout":"default_layout","footnotes":""},"categories":[84],"tags":[154,366],"class_list":["post-13024","post","type-post","status-publish","format-standard","has-post-thumbnail","hentry","category-politica","tag-diputado","tag-pesca"],"a3_pvc":{"activated":true,"total_views":18,"today_views":1},"_links":{"self":[{"href":"https:\/\/temucotelevision.cl\/web\/wp-json\/wp\/v2\/posts\/13024","targetHints":{"allow":["GET"]}}],"collection":[{"href":"https:\/\/temucotelevision.cl\/web\/wp-json\/wp\/v2\/posts"}],"about":[{"href":"https:\/\/temucotelevision.cl\/web\/wp-json\/wp\/v2\/types\/post"}],"author":[{"embeddable":true,"href":"https:\/\/temucotelevision.cl\/web\/wp-json\/wp\/v2\/users\/1"}],"replies":[{"embeddable":true,"href":"https:\/\/temucotelevision.cl\/web\/wp-json\/wp\/v2\/comments?post=13024"}],"version-history":[{"count":2,"href":"https:\/\/temucotelevision.cl\/web\/wp-json\/wp\/v2\/posts\/13024\/revisions"}],"predecessor-version":[{"id":13029,"href":"https:\/\/temucotelevision.cl\/web\/wp-json\/wp\/v2\/posts\/13024\/revisions\/13029"}],"wp:featuredmedia":[{"embeddable":true,"href":"https:\/\/temucotelevision.cl\/web\/wp-json\/wp\/v2\/media\/13025"}],"wp:attachment":[{"href":"https:\/\/temucotelevision.cl\/web\/wp-json\/wp\/v2\/media?parent=13024"}],"wp:term":[{"taxonomy":"category","embeddable":true,"href":"https:\/\/temucotelevision.cl\/web\/wp-json\/wp\/v2\/categories?post=13024"},{"taxonomy":"post_tag","embeddable":true,"href":"https:\/\/temucotelevision.cl\/web\/wp-json\/wp\/v2\/tags?post=13024"}],"curies":[{"name":"wp","href":"https:\/\/api.w.org\/{rel}","templated":true}]}}