{"id":13021,"date":"2020-08-04T18:36:58","date_gmt":"2020-08-04T21:36:58","guid":{"rendered":"https:\/\/temucotelevision.cl\/web\/?p=13021"},"modified":"2020-08-04T18:37:01","modified_gmt":"2020-08-04T21:37:01","slug":"nuevos-sonidos-andres-suarez-hora-para-decir-presente","status":"publish","type":"post","link":"https:\/\/temucotelevision.cl\/web\/2020\/08\/04\/nuevos-sonidos-andres-suarez-hora-para-decir-presente\/","title":{"rendered":"Nuevos Sonidos: Andr\u00e9s Su\u00e1rez &#8220;Hora para decir presente&#8221;"},"content":{"rendered":"<div class=\"pvc_clear\"><\/div><p id=\"pvc_stats_13021\" class=\"pvc_stats total_only  \" data-element-id=\"13021\" style=\"\"><i class=\"pvc-stats-icon large\" aria-hidden=\"true\"><svg aria-hidden=\"true\" focusable=\"false\" data-prefix=\"far\" data-icon=\"chart-bar\" role=\"img\" xmlns=\"http:\/\/www.w3.org\/2000\/svg\" viewBox=\"0 0 512 512\" class=\"svg-inline--fa fa-chart-bar fa-w-16 fa-2x\"><path fill=\"currentColor\" d=\"M396.8 352h22.4c6.4 0 12.8-6.4 12.8-12.8V108.8c0-6.4-6.4-12.8-12.8-12.8h-22.4c-6.4 0-12.8 6.4-12.8 12.8v230.4c0 6.4 6.4 12.8 12.8 12.8zm-192 0h22.4c6.4 0 12.8-6.4 12.8-12.8V140.8c0-6.4-6.4-12.8-12.8-12.8h-22.4c-6.4 0-12.8 6.4-12.8 12.8v198.4c0 6.4 6.4 12.8 12.8 12.8zm96 0h22.4c6.4 0 12.8-6.4 12.8-12.8V204.8c0-6.4-6.4-12.8-12.8-12.8h-22.4c-6.4 0-12.8 6.4-12.8 12.8v134.4c0 6.4 6.4 12.8 12.8 12.8zM496 400H48V80c0-8.84-7.16-16-16-16H16C7.16 64 0 71.16 0 80v336c0 17.67 14.33 32 32 32h464c8.84 0 16-7.16 16-16v-16c0-8.84-7.16-16-16-16zm-387.2-48h22.4c6.4 0 12.8-6.4 12.8-12.8v-70.4c0-6.4-6.4-12.8-12.8-12.8h-22.4c-6.4 0-12.8 6.4-12.8 12.8v70.4c0 6.4 6.4 12.8 12.8 12.8z\" class=\"\"><\/path><\/svg><\/i> <img loading=\"lazy\" decoding=\"async\" width=\"16\" height=\"16\" alt=\"Loading\" src=\"https:\/\/temucotelevision.cl\/web\/wp-content\/plugins\/page-views-count\/ajax-loader-2x.gif\" border=0 \/><\/p><div class=\"pvc_clear\"><\/div>\n<p>Andr\u00e9s Su\u00e1rez hace gala del desparpajo que le dan veinte a\u00f1os de carrera musical; de ser el cantautor espa\u00f1ol que borr\u00f3 esa imagen para aquellos que con o sin raz\u00f3n a veces tipifican de \u00a0lac\u00f3nica, y le dio un sello con bastante m\u00e1s lustre. \u00a0<\/p>\n\n\n\n<figure><iframe loading=\"lazy\" width=\"560\" height=\"315\" src=\"https:\/\/www.youtube.com\/embed\/zbuZbBflPTU\" allowfullscreen=\"\"><\/iframe><\/figure>\n\n\n\n<p>\u201cLo que canto es lo que abrac\u00e9, lo que bes\u00e9, lo que conoc\u00ed\u201d, dice este m\u00fasico de conservatorio en piano, nacido en El Ferrol, Galicia, una peque\u00f1a ciudad de poco m\u00e1s casi 70.000 habitantes junto al mar, los acantilados y el salitre.<\/p>\n\n\n\n<p>Quien hoy es n\u00famero uno de ventas en Espa\u00f1a con su producci\u00f3n que se llama como \u00e9l, Andr\u00e9s Su\u00e1rez, un disco muy personal, no siempre estuvo en la vitrina de lo m\u00e1s visto y en este caso de lo m\u00e1s escuchado. Sus vivencias, sus letras, su observaci\u00f3n de la sociedad y sus reflexiones junto al mar explican adem\u00e1s su profundo romanticismo.<\/p>\n\n\n\n<p>\u201cCuando dej\u00e9 mi casa para buscar suerte en Madrid me vino un ataque de ansiedad muy grande\u2026 Despu\u00e9s descubr\u00ed que lo que no soportaba era estar 30 d\u00edas lejos del mar\u201d.<\/p>\n\n\n\n<p>Recuerdos de quien en redes sociales se muestra cercano y emp\u00e1tico con sus fans, los que le han confesado que hicieron m\u00e1s llevadera la cuarentena a punta de escuchar sus temas. Y quien por todo lo anterior se ha ganado la fama de ser \u201cun t\u00edo simp\u00e1tico, sencillo, encantador, intenso y guapo\u201d. Ser\u00e1 porque sencillo, con solo una guitarra, no reh\u00faye del placer de cantar en escuelas donde ha dicho a los alumnos que \u201cno soy un poeta, soy s\u00f3lo escritor de canciones\u2026 Y lo digo porque tengo un m\u00ednimo de dignidad\u201d.<\/p>\n\n\n\n<p>Es entonces hora de compartir con Latinoam\u00e9rica se dijeron en Espa\u00f1a en el c\u00edrculo \u00edntimo de Andr\u00e9s.&nbsp; Y ahora lo hace precisamente de la mano de su m\u00e1s reciente disco, el octavo de su carrera. Porque Andr\u00e9s tiene un historia larga, de mucho aprendizaje, de haber estado en escenario donde aceptaron su invitaci\u00f3n a quienes describe como maestros: Serrat, V\u00edctor Manuel, Milan\u00e9s. \u201cYo les agradezco todo lo que aprend\u00ed con ellos y con sus canciones\u2026 si uno no es agradecido con los maestros es un aut\u00e9ntico cretino\u201d.<\/p>\n\n\n\n<p>Se trata del \u00e1lbum top en Espa\u00f1a en estos momentos: el m\u00e1s vendido a solo d\u00edas de salir a la venta; sus temas son los m\u00e1s escuchados; y sus shows, los m\u00e1s apetecidos del verano europeo. Si ya era un artista respetado y querido, ahora sus fans se multiplican por segundo y se rinden a su talento en estos nuevos temas.<\/p>\n\n\n\n<p>Es una producci\u00f3n hecha a su medida, y en la que el artista confiesa que hubo un cambio personal. Un giro de 180 grados. Y es que lleg\u00f3 el momento en que necesit\u00f3 mostrarse m\u00e1s \u00edntimo, y vaci\u00f3 toda su intensidad en letras m\u00e1s sinceras y emocionales. \u00c9l mismo ha gritado que en el disco hay exactamente 10 fragmentos literales de su vida. \u201cEs el m\u00e1s personal, el m\u00e1s sincero, escrito sin ning\u00fan tipo de tapujos. Otra cosa que me enorgullece es que me atrev\u00ed a salir de mi zona de confort. Yo soy muy t\u00edmido, aunque no lo parezca&#8230; si hasta&nbsp;cuando estoy grabando un disco, le pido al productor que baje mi voz para que no se me oiga mucho\u2026\u201d, confes\u00f3 en una entrevista reciente.<\/p>\n\n\n\n<p>El primer sencillo se llama&nbsp;<a href=\"http:\/\/tracker.cl1.fidelizador.com\/L62EFGE1FE6AH10B4DC0BE9J10F35D1EF6K62EF3C2BEF3E14729A004CB9\" rel=\"noreferrer noopener\" target=\"_blank\">\u201cDespi\u00e9rtame&#8221;<\/a>&nbsp;&nbsp;y se trata de la historia de una relaci\u00f3n t\u00f3xica. Pero este tema destaca -sobre todo- el hecho de la posibilidad de dejar el pasado y aprender la lecci\u00f3n. Es un tema escrito desde el dolor pero con el fin de encontrar la salida, en la que te valoras. \u201cRosa y Manuel, es la historia del Alzheimer de mis abuelos y Todav\u00eda puedo o\u00edrte cuenta la historia de mi mejor amigo, que falleci\u00f3 por las drogas. Seis de la ma\u00f1ana es una separaci\u00f3n que tuve a esa hora, cuando uno entraba y otro sal\u00eda. No dir\u00e9 es una carta escrita de pu\u00f1o y letra a una persona antes de marcharme de Bruselas&#8230; Cada canci\u00f3n es algo real y no es una una virtud, siento mucha envidia sana de mis compa\u00f1eros de profesi\u00f3n que son guionistas, que se sientan e inventan. Yo me quedo acojonado, \u00bfc\u00f3mo lo hacen? Yo no s\u00e9 inventar, de verdad. Es peligroso, ojo, porque s\u00f3lo cuento mi versi\u00f3n y sin pedir permiso a la otra persona implicada&#8230;\u201d, confes\u00f3 en \u201cMadame Woman\u201d, en una entrevista publicada en julio de este a\u00f1o.<\/p>\n\n\n\n<p>El estreno del disco estaba planeado para el pasado 27 de marzo, de la mano de Warner Music, su nueva disquera, y de RLM producciones, sus nuevos representantes. Pero la pandemia y el confinamiento dijeron otra cosa y pudo ser lanzado el 19 de junio, con un gran \u00e9xito. A s\u00f3lo d\u00edas ya era un hit de ventas.<\/p>\n\n\n\n<p>El pasado martes 6 de julio, Andr\u00e9s Su\u00e1rez ofreci\u00f3 el primer concierto de esta tanda en el \u201cCaf\u00e9 Libertad 8\u201d, de Madrid, donde don\u00f3 toda la recaudaci\u00f3n de la noche a favor de esa sala. Luego, vinieron las presentaciones en Vigo, con dos sold outs\u00a0 y muchas otras fechas agotadas y algunas a punto de agotarse. Una larga lista de eventos que incluye el oto\u00f1o europeo.<\/p>\n\n\n\n<p><strong>La historia<\/strong>&nbsp;<strong>de&nbsp;Andr\u00e9s Su\u00e1rez&nbsp;<\/strong>es el m\u00e1ximo ejemplo de hasta d\u00f3nde te puede llevar la combinaci\u00f3n de constancia y talento. Andr\u00e9s toc\u00f3 mucho y en muchos sitios: en locales, bares, en la calle y el Metro. De los bares de Ferrol a llenar el Wizink Center madrile\u00f1o. Pasaron muchos meses, varios discos y ahora llena auditorios, teatros, estadios y todo lo que se ha propuesto hasta la fecha. As\u00ed es la trayectoria de este cantautor gallego que hace una d\u00e9cada se fue a tocar al metro de la capital y actualmente abarrota tanto teatros como espacios m\u00edticos para la m\u00fasica como el antiguo Palacio de los Deportes de Madrid o el de Vistalegre, seg\u00fan opte por su lado \u00edntimo o por su vertiente de gran banda de rock.<\/p>\n\n\n\n<p>La discograf\u00eda de Andr\u00e9s es un compendio de su evoluci\u00f3n personal:<\/p>\n\n\n\n<p>\u2022&nbsp;&nbsp;&nbsp;&nbsp;&nbsp;&nbsp;&nbsp;&nbsp;&nbsp;&nbsp;&nbsp;&nbsp;&nbsp;&nbsp;&nbsp;<strong>De ida (2002)&nbsp;<\/strong><\/p>\n\n\n\n<p><strong>\u2022&nbsp;&nbsp;&nbsp;&nbsp;&nbsp;&nbsp;&nbsp;&nbsp;&nbsp;&nbsp;&nbsp;&nbsp;&nbsp;&nbsp; Maneras de romper una ola&nbsp;(2008)<\/strong><\/p>\n\n\n\n<p><strong>\u2022&nbsp;&nbsp;&nbsp;&nbsp;&nbsp;&nbsp;&nbsp;&nbsp;&nbsp;&nbsp;&nbsp;&nbsp;&nbsp;&nbsp; Piedras y charcos&nbsp;(EP, 2010)<\/strong><\/p>\n\n\n\n<p><strong>\u2022&nbsp;&nbsp;&nbsp;&nbsp;&nbsp;&nbsp;&nbsp;&nbsp;&nbsp;&nbsp;&nbsp;&nbsp;&nbsp;&nbsp; Cuando vuelva la marea&nbsp;(2012)<\/strong><\/p>\n\n\n\n<p><strong>\u2022&nbsp;&nbsp;&nbsp;&nbsp;&nbsp;&nbsp;&nbsp;&nbsp;&nbsp;&nbsp;&nbsp;&nbsp;&nbsp;&nbsp; Moraima (2013)<\/strong><\/p>\n\n\n\n<p><strong>\u2022&nbsp;&nbsp;&nbsp;&nbsp;&nbsp;&nbsp;&nbsp;&nbsp;&nbsp;&nbsp;&nbsp;&nbsp;&nbsp;&nbsp; Mi peque\u00f1a historia&nbsp;(2015)<\/strong><\/p>\n\n\n\n<p><strong>\u2022&nbsp;&nbsp;&nbsp;&nbsp;&nbsp;&nbsp;&nbsp;&nbsp;&nbsp;&nbsp;&nbsp;&nbsp;&nbsp;&nbsp; Desde Una Ventana&nbsp;(2017)<\/strong>, que entr\u00f3 directo al n\u00famero 1 de ventas en su primera semana de lanzamiento.<\/p>\n\n\n\n<p>Estos \u00e1lbumes han ido consolidando el estilo de un artista que no reniega del concepto de cantautor, pero s\u00ed de lo que de aburrido y caduco tenga para una parte del p\u00fablico. Es cantautor, pero tambi\u00e9n transgresor.<\/p>\n\n\n\n<p>Andr\u00e9s Su\u00e1rez llega para quedarse. Para encantar con su talento y sus canciones, y para mostrar que el mundo, con su m\u00fasica, \u00a1sin duda que es mucho mejor!<\/p>\n\n\n\n<p><strong>LO QUE TIENES QUE SABER DE ANDR\u00c9S SU\u00c1REZ<\/strong><\/p>\n\n\n\n<p>-Naci\u00f3 en Ferrol, ciudad situada en la provincia de La Coru\u00f1a, en el noroeste de Galicia. En 1983. Tiene 37 a\u00f1os.<\/p>\n\n\n\n<p>-Pero se cri\u00f3 en Pant\u00edn, entre olas, surf y caballos salvajes. All\u00ed estuvo entre los 3 y los 18 a\u00f1os, porque su abuelo enferm\u00f3 de la memoria y del pulm\u00f3n.<\/p>\n\n\n\n<p>-Su madre es enfermera, de la llamada \u201cprimera l\u00ednea\u201d.<\/p>\n\n\n\n<p>-De ni\u00f1o se la pas\u00f3 en la playa de Pant\u00edn, capeando las olas y cantando temas de sus artistas preferidos, entre ellos Serrat.<\/p>\n\n\n\n<p>A los 18 a\u00f1os dej\u00f3 su banda y parti\u00f3 a Madrid a probar suerte. All\u00ed dio sus primeros pasos musicales en el m\u00edtico local \u201cLibertad 8\u201d, que ha sido cuna de muchos.<\/p>\n\n\n\n<p>-Se declara producto de la m\u00fasica que escuchaba de ni\u00f1o en las casetes del coche de su padre. Es una lista larga y variada: de Juan Luis Guerra a Rosendo, de Jos\u00e9 Afonso a Franco Battiato, de Sabina a Milladoiro. Extra\u00f1a mezcla que le identifica con un ampl\u00edsimo concepto personal de la canci\u00f3n de autor que tambi\u00e9n pasa por Serrat, Antonio Vega, Enrique Urquijo o Javier Ruibal. O por Damien Rice y Glen Hansard, dos de sus grandes iconos internacionales.<\/p>\n\n\n\n<p>-En 2019 Andr\u00e9s Su\u00e1rez ficha con RLM como oficina de Management y con Warner Music Spain, como discogr\u00e1fica.<\/p>\n\n\n\n<p>-Durante ese mismo a\u00f1o, presenta junto a la poeta Elvira Sastre \u2018Desordenados\u2019; un show \u00fanico que logr\u00f3 llenar un gran recinto como el WiZink Center de m\u00fasica de autor y poes\u00eda por primera vez en Espa\u00f1a.<\/p>\n","protected":false},"excerpt":{"rendered":"<div class=\"pvc_clear\"><\/div>\n<p id=\"pvc_stats_13021\" class=\"pvc_stats total_only  \" data-element-id=\"13021\" style=\"\"><i class=\"pvc-stats-icon large\" aria-hidden=\"true\"><svg aria-hidden=\"true\" focusable=\"false\" data-prefix=\"far\" data-icon=\"chart-bar\" role=\"img\" xmlns=\"http:\/\/www.w3.org\/2000\/svg\" viewBox=\"0 0 512 512\" class=\"svg-inline--fa fa-chart-bar fa-w-16 fa-2x\"><path fill=\"currentColor\" d=\"M396.8 352h22.4c6.4 0 12.8-6.4 12.8-12.8V108.8c0-6.4-6.4-12.8-12.8-12.8h-22.4c-6.4 0-12.8 6.4-12.8 12.8v230.4c0 6.4 6.4 12.8 12.8 12.8zm-192 0h22.4c6.4 0 12.8-6.4 12.8-12.8V140.8c0-6.4-6.4-12.8-12.8-12.8h-22.4c-6.4 0-12.8 6.4-12.8 12.8v198.4c0 6.4 6.4 12.8 12.8 12.8zm96 0h22.4c6.4 0 12.8-6.4 12.8-12.8V204.8c0-6.4-6.4-12.8-12.8-12.8h-22.4c-6.4 0-12.8 6.4-12.8 12.8v134.4c0 6.4 6.4 12.8 12.8 12.8zM496 400H48V80c0-8.84-7.16-16-16-16H16C7.16 64 0 71.16 0 80v336c0 17.67 14.33 32 32 32h464c8.84 0 16-7.16 16-16v-16c0-8.84-7.16-16-16-16zm-387.2-48h22.4c6.4 0 12.8-6.4 12.8-12.8v-70.4c0-6.4-6.4-12.8-12.8-12.8h-22.4c-6.4 0-12.8 6.4-12.8 12.8v70.4c0 6.4 6.4 12.8 12.8 12.8z\" class=\"\"><\/path><\/svg><\/i> <img loading=\"lazy\" decoding=\"async\" width=\"16\" height=\"16\" alt=\"Loading\" src=\"https:\/\/temucotelevision.cl\/web\/wp-content\/plugins\/page-views-count\/ajax-loader-2x.gif\" border=0 \/><\/p>\n<div class=\"pvc_clear\"><\/div>\n<p>Andr\u00e9s Su\u00e1rez hace gala del desparpajo que le dan veinte a\u00f1os de carrera musical; de ser el cantautor espa\u00f1ol que<\/p>\n","protected":false},"author":1,"featured_media":13022,"comment_status":"open","ping_status":"open","sticky":false,"template":"","format":"standard","meta":{"colormag_page_container_layout":"default_layout","colormag_page_sidebar_layout":"default_layout","footnotes":""},"categories":[369],"tags":[2850,445],"class_list":["post-13021","post","type-post","status-publish","format-standard","has-post-thumbnail","hentry","category-musica","tag-andres-suarez","tag-video"],"a3_pvc":{"activated":true,"total_views":47,"today_views":0},"_links":{"self":[{"href":"https:\/\/temucotelevision.cl\/web\/wp-json\/wp\/v2\/posts\/13021","targetHints":{"allow":["GET"]}}],"collection":[{"href":"https:\/\/temucotelevision.cl\/web\/wp-json\/wp\/v2\/posts"}],"about":[{"href":"https:\/\/temucotelevision.cl\/web\/wp-json\/wp\/v2\/types\/post"}],"author":[{"embeddable":true,"href":"https:\/\/temucotelevision.cl\/web\/wp-json\/wp\/v2\/users\/1"}],"replies":[{"embeddable":true,"href":"https:\/\/temucotelevision.cl\/web\/wp-json\/wp\/v2\/comments?post=13021"}],"version-history":[{"count":1,"href":"https:\/\/temucotelevision.cl\/web\/wp-json\/wp\/v2\/posts\/13021\/revisions"}],"predecessor-version":[{"id":13023,"href":"https:\/\/temucotelevision.cl\/web\/wp-json\/wp\/v2\/posts\/13021\/revisions\/13023"}],"wp:featuredmedia":[{"embeddable":true,"href":"https:\/\/temucotelevision.cl\/web\/wp-json\/wp\/v2\/media\/13022"}],"wp:attachment":[{"href":"https:\/\/temucotelevision.cl\/web\/wp-json\/wp\/v2\/media?parent=13021"}],"wp:term":[{"taxonomy":"category","embeddable":true,"href":"https:\/\/temucotelevision.cl\/web\/wp-json\/wp\/v2\/categories?post=13021"},{"taxonomy":"post_tag","embeddable":true,"href":"https:\/\/temucotelevision.cl\/web\/wp-json\/wp\/v2\/tags?post=13021"}],"curies":[{"name":"wp","href":"https:\/\/api.w.org\/{rel}","templated":true}]}}