{"id":13015,"date":"2020-08-04T17:57:46","date_gmt":"2020-08-04T20:57:46","guid":{"rendered":"https:\/\/temucotelevision.cl\/web\/?p=13015"},"modified":"2020-08-04T17:57:48","modified_gmt":"2020-08-04T20:57:48","slug":"emblematica-ferreteria-frindt-celebra-su-aniversario-n-87-aportando-al-desarrollo-de-la-region","status":"publish","type":"post","link":"https:\/\/temucotelevision.cl\/web\/2020\/08\/04\/emblematica-ferreteria-frindt-celebra-su-aniversario-n-87-aportando-al-desarrollo-de-la-region\/","title":{"rendered":"Emblem\u00e1tica Ferreter\u00eda Frindt celebra su Aniversario n\u00b0 87 aportando al desarrollo de la regi\u00f3n"},"content":{"rendered":"<div class=\"pvc_clear\"><\/div><p id=\"pvc_stats_13015\" class=\"pvc_stats total_only  \" data-element-id=\"13015\" style=\"\"><i class=\"pvc-stats-icon large\" aria-hidden=\"true\"><svg aria-hidden=\"true\" focusable=\"false\" data-prefix=\"far\" data-icon=\"chart-bar\" role=\"img\" xmlns=\"http:\/\/www.w3.org\/2000\/svg\" viewBox=\"0 0 512 512\" class=\"svg-inline--fa fa-chart-bar fa-w-16 fa-2x\"><path fill=\"currentColor\" d=\"M396.8 352h22.4c6.4 0 12.8-6.4 12.8-12.8V108.8c0-6.4-6.4-12.8-12.8-12.8h-22.4c-6.4 0-12.8 6.4-12.8 12.8v230.4c0 6.4 6.4 12.8 12.8 12.8zm-192 0h22.4c6.4 0 12.8-6.4 12.8-12.8V140.8c0-6.4-6.4-12.8-12.8-12.8h-22.4c-6.4 0-12.8 6.4-12.8 12.8v198.4c0 6.4 6.4 12.8 12.8 12.8zm96 0h22.4c6.4 0 12.8-6.4 12.8-12.8V204.8c0-6.4-6.4-12.8-12.8-12.8h-22.4c-6.4 0-12.8 6.4-12.8 12.8v134.4c0 6.4 6.4 12.8 12.8 12.8zM496 400H48V80c0-8.84-7.16-16-16-16H16C7.16 64 0 71.16 0 80v336c0 17.67 14.33 32 32 32h464c8.84 0 16-7.16 16-16v-16c0-8.84-7.16-16-16-16zm-387.2-48h22.4c6.4 0 12.8-6.4 12.8-12.8v-70.4c0-6.4-6.4-12.8-12.8-12.8h-22.4c-6.4 0-12.8 6.4-12.8 12.8v70.4c0 6.4 6.4 12.8 12.8 12.8z\" class=\"\"><\/path><\/svg><\/i> <img loading=\"lazy\" decoding=\"async\" width=\"16\" height=\"16\" alt=\"Loading\" src=\"https:\/\/temucotelevision.cl\/web\/wp-content\/plugins\/page-views-count\/ajax-loader-2x.gif\" border=0 \/><\/p><div class=\"pvc_clear\"><\/div>\n<p>Este mi\u00e9rcoles&nbsp;<strong>5 de agosto a las 12 horas<\/strong>, la Ferreter\u00eda Frindt de Temuco, celebrar\u00e1 sus 87 a\u00f1os aportando a la econom\u00eda y desarrollo de La Araucan\u00eda. La cita es en la&nbsp;<strong>casa matriz ubicada en Manuel Rodr\u00edguez 1015<\/strong>, donde la actividad contar\u00e1 con la presencia del Seremi de Econom\u00eda, Fracisco L\u00f3pez Bahamonde, quien entregar\u00e1 una distinci\u00f3n a los trabajadores con trayectoria en la empresa local.<\/p>\n\n\n\n<p>En 1933, bajo la propiedad de don Osvaldo Frindt Weldt, nace en la comuna de Nueva&nbsp;Imperial, la \u201cFerreter\u00eda Imperial\u201d. En sus inicios Frindt y C\u00eda. Ltda., comercializaba art\u00edculos de ferreter\u00eda, abarrotes, frutos del pa\u00eds, maderas, cueros, art\u00edculos de lencer\u00eda y zapater\u00eda. En&nbsp;1949, es inaugurado el nuevo local en la ciudad de Temuco con el nombre de \u201cFerreter\u00eda Temuco\u201d, ubicada en calle Manuel Rodr\u00edguez 1015, esquina Aldunate. El local contaba con 10 empleados para la atenci\u00f3n de p\u00fablico.<\/p>\n\n\n\n<p>Hoy,&nbsp;<strong>la empresa cuenta con cinco locales en Temuco, Victoria, Lautaro, Nueva Imperial y Carahue, con m\u00e1s de 200 trabajadores<\/strong>. Cabe destacar, que las Ferreter\u00edas Frindt han funcionado durante toda la pandemia por el COVID-19, resguardando a sus colaboradores y clientes con las medidas sanitarias correspondientes, lo que afortunadamente, ha permitido permanecer sin contagios hasta la fecha al interior de todas sus tiendas y oficinas.<\/p>\n\n\n\n<p>Juan Andr\u00e9s Neely Frindt, Gerente Comercial de Ferreter\u00eda y representante de la familia,&nbsp;expresa que \u201cpara nosotros, cumplir 87 a\u00f1os es muy importante, ya que refuerza nuestro&nbsp;compromiso social y econ\u00f3mico con el desarrollo de la regi\u00f3n. Somos cuatro generaciones de la familia, a&nbsp;cargo de esta ferreter\u00eda\u201d, y agrega que \u201cestamos muy orgullosos de ser ferreteros, de representar a La Araucan\u00eda y poder atender a nuestros clientes d\u00eda a d\u00eda\u201d.<\/p>\n","protected":false},"excerpt":{"rendered":"<div class=\"pvc_clear\"><\/div>\n<p id=\"pvc_stats_13015\" class=\"pvc_stats total_only  \" data-element-id=\"13015\" style=\"\"><i class=\"pvc-stats-icon large\" aria-hidden=\"true\"><svg aria-hidden=\"true\" focusable=\"false\" data-prefix=\"far\" data-icon=\"chart-bar\" role=\"img\" xmlns=\"http:\/\/www.w3.org\/2000\/svg\" viewBox=\"0 0 512 512\" class=\"svg-inline--fa fa-chart-bar fa-w-16 fa-2x\"><path fill=\"currentColor\" d=\"M396.8 352h22.4c6.4 0 12.8-6.4 12.8-12.8V108.8c0-6.4-6.4-12.8-12.8-12.8h-22.4c-6.4 0-12.8 6.4-12.8 12.8v230.4c0 6.4 6.4 12.8 12.8 12.8zm-192 0h22.4c6.4 0 12.8-6.4 12.8-12.8V140.8c0-6.4-6.4-12.8-12.8-12.8h-22.4c-6.4 0-12.8 6.4-12.8 12.8v198.4c0 6.4 6.4 12.8 12.8 12.8zm96 0h22.4c6.4 0 12.8-6.4 12.8-12.8V204.8c0-6.4-6.4-12.8-12.8-12.8h-22.4c-6.4 0-12.8 6.4-12.8 12.8v134.4c0 6.4 6.4 12.8 12.8 12.8zM496 400H48V80c0-8.84-7.16-16-16-16H16C7.16 64 0 71.16 0 80v336c0 17.67 14.33 32 32 32h464c8.84 0 16-7.16 16-16v-16c0-8.84-7.16-16-16-16zm-387.2-48h22.4c6.4 0 12.8-6.4 12.8-12.8v-70.4c0-6.4-6.4-12.8-12.8-12.8h-22.4c-6.4 0-12.8 6.4-12.8 12.8v70.4c0 6.4 6.4 12.8 12.8 12.8z\" class=\"\"><\/path><\/svg><\/i> <img loading=\"lazy\" decoding=\"async\" width=\"16\" height=\"16\" alt=\"Loading\" src=\"https:\/\/temucotelevision.cl\/web\/wp-content\/plugins\/page-views-count\/ajax-loader-2x.gif\" border=0 \/><\/p>\n<div class=\"pvc_clear\"><\/div>\n<p>Este mi\u00e9rcoles&nbsp;5 de agosto a las 12 horas, la Ferreter\u00eda Frindt de Temuco, celebrar\u00e1 sus 87 a\u00f1os aportando a la<\/p>\n","protected":false},"author":1,"featured_media":13016,"comment_status":"open","ping_status":"open","sticky":false,"template":"","format":"standard","meta":{"colormag_page_container_layout":"default_layout","colormag_page_sidebar_layout":"default_layout","footnotes":""},"categories":[14],"tags":[496,170],"class_list":["post-13015","post","type-post","status-publish","format-standard","has-post-thumbnail","hentry","category-temuco","tag-aniversario","tag-region"],"a3_pvc":{"activated":true,"total_views":541,"today_views":0},"_links":{"self":[{"href":"https:\/\/temucotelevision.cl\/web\/wp-json\/wp\/v2\/posts\/13015","targetHints":{"allow":["GET"]}}],"collection":[{"href":"https:\/\/temucotelevision.cl\/web\/wp-json\/wp\/v2\/posts"}],"about":[{"href":"https:\/\/temucotelevision.cl\/web\/wp-json\/wp\/v2\/types\/post"}],"author":[{"embeddable":true,"href":"https:\/\/temucotelevision.cl\/web\/wp-json\/wp\/v2\/users\/1"}],"replies":[{"embeddable":true,"href":"https:\/\/temucotelevision.cl\/web\/wp-json\/wp\/v2\/comments?post=13015"}],"version-history":[{"count":1,"href":"https:\/\/temucotelevision.cl\/web\/wp-json\/wp\/v2\/posts\/13015\/revisions"}],"predecessor-version":[{"id":13017,"href":"https:\/\/temucotelevision.cl\/web\/wp-json\/wp\/v2\/posts\/13015\/revisions\/13017"}],"wp:featuredmedia":[{"embeddable":true,"href":"https:\/\/temucotelevision.cl\/web\/wp-json\/wp\/v2\/media\/13016"}],"wp:attachment":[{"href":"https:\/\/temucotelevision.cl\/web\/wp-json\/wp\/v2\/media?parent=13015"}],"wp:term":[{"taxonomy":"category","embeddable":true,"href":"https:\/\/temucotelevision.cl\/web\/wp-json\/wp\/v2\/categories?post=13015"},{"taxonomy":"post_tag","embeddable":true,"href":"https:\/\/temucotelevision.cl\/web\/wp-json\/wp\/v2\/tags?post=13015"}],"curies":[{"name":"wp","href":"https:\/\/api.w.org\/{rel}","templated":true}]}}