{"id":13011,"date":"2020-08-04T17:39:49","date_gmt":"2020-08-04T20:39:49","guid":{"rendered":"https:\/\/temucotelevision.cl\/web\/?p=13011"},"modified":"2020-08-04T17:39:51","modified_gmt":"2020-08-04T20:39:51","slug":"poder-judicial-habilita-funcion-para-solicitar-retencion-de-fondos-asociados-a-la-ley-de-aporte-a-la-clase-media-y-apoyo-a-trabajadores-independientes-por-deudas-de-pensiones-alimentarias","status":"publish","type":"post","link":"https:\/\/temucotelevision.cl\/web\/2020\/08\/04\/poder-judicial-habilita-funcion-para-solicitar-retencion-de-fondos-asociados-a-la-ley-de-aporte-a-la-clase-media-y-apoyo-a-trabajadores-independientes-por-deudas-de-pensiones-alimentarias\/","title":{"rendered":"Poder Judicial habilita funci\u00f3n para solicitar retenci\u00f3n de fondos asociados a la ley de aporte a la clase media y apoyo a trabajadores independientes por deudas de pensiones alimentarias"},"content":{"rendered":"<div class=\"pvc_clear\"><\/div><p id=\"pvc_stats_13011\" class=\"pvc_stats total_only  \" data-element-id=\"13011\" style=\"\"><i class=\"pvc-stats-icon large\" aria-hidden=\"true\"><svg aria-hidden=\"true\" focusable=\"false\" data-prefix=\"far\" data-icon=\"chart-bar\" role=\"img\" xmlns=\"http:\/\/www.w3.org\/2000\/svg\" viewBox=\"0 0 512 512\" class=\"svg-inline--fa fa-chart-bar fa-w-16 fa-2x\"><path fill=\"currentColor\" d=\"M396.8 352h22.4c6.4 0 12.8-6.4 12.8-12.8V108.8c0-6.4-6.4-12.8-12.8-12.8h-22.4c-6.4 0-12.8 6.4-12.8 12.8v230.4c0 6.4 6.4 12.8 12.8 12.8zm-192 0h22.4c6.4 0 12.8-6.4 12.8-12.8V140.8c0-6.4-6.4-12.8-12.8-12.8h-22.4c-6.4 0-12.8 6.4-12.8 12.8v198.4c0 6.4 6.4 12.8 12.8 12.8zm96 0h22.4c6.4 0 12.8-6.4 12.8-12.8V204.8c0-6.4-6.4-12.8-12.8-12.8h-22.4c-6.4 0-12.8 6.4-12.8 12.8v134.4c0 6.4 6.4 12.8 12.8 12.8zM496 400H48V80c0-8.84-7.16-16-16-16H16C7.16 64 0 71.16 0 80v336c0 17.67 14.33 32 32 32h464c8.84 0 16-7.16 16-16v-16c0-8.84-7.16-16-16-16zm-387.2-48h22.4c6.4 0 12.8-6.4 12.8-12.8v-70.4c0-6.4-6.4-12.8-12.8-12.8h-22.4c-6.4 0-12.8 6.4-12.8 12.8v70.4c0 6.4 6.4 12.8 12.8 12.8z\" class=\"\"><\/path><\/svg><\/i> <img loading=\"lazy\" decoding=\"async\" width=\"16\" height=\"16\" alt=\"Loading\" src=\"https:\/\/temucotelevision.cl\/web\/wp-content\/plugins\/page-views-count\/ajax-loader-2x.gif\" border=0 \/><\/p><div class=\"pvc_clear\"><\/div>\n<p>El Poder Judicial anunci\u00f3 que a contar del lunes 3 de agosto, todas las personas que lo requieran podr\u00e1n solicitar la retenci\u00f3n y liquidaci\u00f3n judicial del bono de aporte a la clase media y apoyo a los trabajadores independientes consignados en las leyes 21.242 y 21.252.<br><br>Esta opci\u00f3n se agrega a la que permite solicitar la retenci\u00f3n del 10% de los fondos previsionales del alimentante. Es decir, la persona deber\u00e1 realizar esta nueva solicitud aun cuando haya solicitado previamente la retenci\u00f3n del 10%.<br><br>Dada la alta carga de trabajo que ha implicado estas gestiones, el Juzgado de Familia puede demorar algunos d\u00edas en pronunciarse, por lo que no es necesario reingresar la misma solicitud, pudiendo revisar el estado de su causa en la opci\u00f3n &#8220;Mis Causas&#8221; de la Oficina Judicial Virtual (OJV).<\/p>\n\n\n\n<p>Para ingresar el formulario, las personas&nbsp;interesadas&nbsp;en realizar este tr\u00e1mite podr\u00e1n ingresar&nbsp;directamente&nbsp;al sitio web:&nbsp;<a href=\"http:\/\/tramitefacil.pjud.cl\/\" target=\"_blank\" rel=\"noreferrer noopener\">tramitefacil.pjud.cl<\/a>&nbsp;o desde el portal web del Poder Judicial (<a href=\"http:\/\/www.pjud.cl\/\" target=\"_blank\" rel=\"noreferrer noopener\">www.pjud.cl<\/a>) y seleccionar &#8220;Oficina Judicial Virtual&#8221;.<br><br>Una vez en la plataforma Tr\u00e1mite F\u00e1cil, el usuario(a) deber\u00e1 seleccionar&nbsp;el tipo de escrito&nbsp;&#8220;Retenci\u00f3n del aporte a la clase media (leyes 21.242 y 21.252) y liquidaci\u00f3n&#8221;. Para ello, deber\u00e1 contar con la Clave \u00danica del Estado o la Clave del Poder Judicial, conocida como &#8220;Segunda Clave&#8221;.&nbsp;&nbsp;Esta \u00faltima puede ser creada por el usuario, ingresando con su Clave \u00danica del Estado a la opci\u00f3n &#8220;Mis Datos&#8221; de la misma Oficina Judicial Virtual, ya que no se entrega de forma presencial.<\/p>\n\n\n\n<p>La selecci\u00f3n de la causa correcta es uno de los pasos m\u00e1s importantes&nbsp;de este proceso, debiendo ingresar el formulario en la causa donde se encuentran decretados u acordados los alimentos vigentes. Al ingresar&nbsp;los datos, el sistema muestra las causas asociadas a su&nbsp;rut&nbsp;en orden cronol\u00f3gico.<br><br>Si cuenta con una causa de cumplimiento Z y la materia es &#8220;Alimentos&#8221;, se sugiere ingresar solicitud a esa causa. Las solicitudes de retenci\u00f3n y liquidaci\u00f3n por pensiones adeudadas con motivo de estas leyes, deber\u00e1n realizarse en la causa que corresponda.<br><br>Si tiene dudas o desconoce la causa,&nbsp;puede&nbsp;consultar en la opci\u00f3n &#8220;Mis Causas&#8221;, pesta\u00f1a &#8220;Familia&#8221; de la misma Oficina Judicial Virtual.<\/p>\n\n\n\n<p><strong>\u00bfC\u00f3mo llenar el formulario&nbsp;para solicitar la retenci\u00f3n de los fondos?<\/strong><\/p>\n\n\n\n<p>Para completar el formulario se sugiere realizarlos siguientes pasos:<\/p>\n\n\n\n<ol class=\"wp-block-list\"><li>La persona deber\u00e1 llenar los campos correspondientes que son solicitados por el sistema y luego presionar el bot\u00f3n &#8220;Siguiente&#8221; (se sugiere mantener actualizado su domicilio particular).<\/li><li>Este tr\u00e1mite no requiere adjuntar documentos. Por lo que solo debe continuar nuevamente con el bot\u00f3n &#8220;Siguiente&#8221;.<\/li><li>Se visualizar\u00e1 todos los datos de su presentaci\u00f3n, pudiendo modificar la informaci\u00f3n presionando el bot\u00f3n &#8220;Atr\u00e1s&#8221; o si est\u00e1 correcta, seleccionar el bot\u00f3n &#8220;Enviar Poder Judicial&#8221;.<\/li><li>Una vez enviada la presentaci\u00f3n, aparecer\u00e1 un mensaje indicando que el ingreso del tr\u00e1mite fue realizado correctamente, arrojando el formulario, el certificado de env\u00edo y un c\u00f3digo de verificaci\u00f3n del mismo. Asimismo, existe la posibilidad de ingresar en la misma ventana una direcci\u00f3n de correo electr\u00f3nico para el env\u00edo de los documentos mencionados anteriormente.&nbsp;<\/li><li>Tras ingresar un correo electr\u00f3nico v\u00e1lido, un mensaje informar\u00e1 el env\u00edo de los documentos. Mientras no presione el bot\u00f3n &#8220;Aceptar&#8221;, puede escribir un correo diferente y realizar otro env\u00edo de los documentos.<\/li><\/ol>\n\n\n\n<ol class=\"wp-block-list\"><li>Finalmente, recibir\u00e1 un correo electr\u00f3nico con los datos de la causa, el formulario enviado y el certificado de env\u00edo en formato PDF.&nbsp;En el certificado de env\u00edo se visualizar\u00e1 los datos de la causa, tipo de solicitud e informaci\u00f3n del usuario que realiz\u00f3 la remisi\u00f3n del tr\u00e1mite al tribunal.&nbsp; &nbsp;<\/li><li>&nbsp; &nbsp;&nbsp;<\/li><\/ol>\n\n\n\n<p>Adem\u00e1s, la Corporaci\u00f3n Administrativa del Poder Judicial cre\u00f3 un nuevo tipo de escrito en la Oficina Judicial Virtual (OJV) para ser usado por abogados y usuarios(as) que no deseen utilizar el Tr\u00e1mite F\u00e1cil. Este se denomina &#8220;SOLICITA RETENCI\u00d3N Y LIQUIDACI\u00d3N LEYES 21.242-21.252&#8221;.<\/p>\n\n\n\n<div class=\"wp-block-image\"><figure class=\"aligncenter\"><img loading=\"lazy\" decoding=\"async\" width=\"726\" height=\"1024\" src=\"https:\/\/temucotelevision.cl\/web\/wp-content\/uploads\/2020\/08\/Poder-Judicial-Fondos-726x1024.jpg\" alt=\"\" class=\"wp-image-13012\" srcset=\"https:\/\/temucotelevision.cl\/web\/wp-content\/uploads\/2020\/08\/Poder-Judicial-Fondos-726x1024.jpg 726w, https:\/\/temucotelevision.cl\/web\/wp-content\/uploads\/2020\/08\/Poder-Judicial-Fondos-768x1083.jpg 768w, https:\/\/temucotelevision.cl\/web\/wp-content\/uploads\/2020\/08\/Poder-Judicial-Fondos.jpg 1012w\" sizes=\"auto, (max-width: 726px) 100vw, 726px\" \/><\/figure><\/div>\n","protected":false},"excerpt":{"rendered":"<div class=\"pvc_clear\"><\/div>\n<p id=\"pvc_stats_13011\" class=\"pvc_stats total_only  \" data-element-id=\"13011\" style=\"\"><i class=\"pvc-stats-icon large\" aria-hidden=\"true\"><svg aria-hidden=\"true\" focusable=\"false\" data-prefix=\"far\" data-icon=\"chart-bar\" role=\"img\" xmlns=\"http:\/\/www.w3.org\/2000\/svg\" viewBox=\"0 0 512 512\" class=\"svg-inline--fa fa-chart-bar fa-w-16 fa-2x\"><path fill=\"currentColor\" d=\"M396.8 352h22.4c6.4 0 12.8-6.4 12.8-12.8V108.8c0-6.4-6.4-12.8-12.8-12.8h-22.4c-6.4 0-12.8 6.4-12.8 12.8v230.4c0 6.4 6.4 12.8 12.8 12.8zm-192 0h22.4c6.4 0 12.8-6.4 12.8-12.8V140.8c0-6.4-6.4-12.8-12.8-12.8h-22.4c-6.4 0-12.8 6.4-12.8 12.8v198.4c0 6.4 6.4 12.8 12.8 12.8zm96 0h22.4c6.4 0 12.8-6.4 12.8-12.8V204.8c0-6.4-6.4-12.8-12.8-12.8h-22.4c-6.4 0-12.8 6.4-12.8 12.8v134.4c0 6.4 6.4 12.8 12.8 12.8zM496 400H48V80c0-8.84-7.16-16-16-16H16C7.16 64 0 71.16 0 80v336c0 17.67 14.33 32 32 32h464c8.84 0 16-7.16 16-16v-16c0-8.84-7.16-16-16-16zm-387.2-48h22.4c6.4 0 12.8-6.4 12.8-12.8v-70.4c0-6.4-6.4-12.8-12.8-12.8h-22.4c-6.4 0-12.8 6.4-12.8 12.8v70.4c0 6.4 6.4 12.8 12.8 12.8z\" class=\"\"><\/path><\/svg><\/i> <img loading=\"lazy\" decoding=\"async\" width=\"16\" height=\"16\" alt=\"Loading\" src=\"https:\/\/temucotelevision.cl\/web\/wp-content\/plugins\/page-views-count\/ajax-loader-2x.gif\" border=0 \/><\/p>\n<div class=\"pvc_clear\"><\/div>\n<p>El Poder Judicial anunci\u00f3 que a contar del lunes 3 de agosto, todas las personas que lo requieran podr\u00e1n solicitar<\/p>\n","protected":false},"author":1,"featured_media":13013,"comment_status":"open","ping_status":"open","sticky":false,"template":"","format":"standard","meta":{"colormag_page_container_layout":"default_layout","colormag_page_sidebar_layout":"default_layout","footnotes":""},"categories":[14],"tags":[2728,1620,2847],"class_list":["post-13011","post","type-post","status-publish","format-standard","has-post-thumbnail","hentry","category-temuco","tag-clase-media","tag-fondos","tag-poder-judicial"],"a3_pvc":{"activated":true,"total_views":72,"today_views":0},"_links":{"self":[{"href":"https:\/\/temucotelevision.cl\/web\/wp-json\/wp\/v2\/posts\/13011","targetHints":{"allow":["GET"]}}],"collection":[{"href":"https:\/\/temucotelevision.cl\/web\/wp-json\/wp\/v2\/posts"}],"about":[{"href":"https:\/\/temucotelevision.cl\/web\/wp-json\/wp\/v2\/types\/post"}],"author":[{"embeddable":true,"href":"https:\/\/temucotelevision.cl\/web\/wp-json\/wp\/v2\/users\/1"}],"replies":[{"embeddable":true,"href":"https:\/\/temucotelevision.cl\/web\/wp-json\/wp\/v2\/comments?post=13011"}],"version-history":[{"count":1,"href":"https:\/\/temucotelevision.cl\/web\/wp-json\/wp\/v2\/posts\/13011\/revisions"}],"predecessor-version":[{"id":13014,"href":"https:\/\/temucotelevision.cl\/web\/wp-json\/wp\/v2\/posts\/13011\/revisions\/13014"}],"wp:featuredmedia":[{"embeddable":true,"href":"https:\/\/temucotelevision.cl\/web\/wp-json\/wp\/v2\/media\/13013"}],"wp:attachment":[{"href":"https:\/\/temucotelevision.cl\/web\/wp-json\/wp\/v2\/media?parent=13011"}],"wp:term":[{"taxonomy":"category","embeddable":true,"href":"https:\/\/temucotelevision.cl\/web\/wp-json\/wp\/v2\/categories?post=13011"},{"taxonomy":"post_tag","embeddable":true,"href":"https:\/\/temucotelevision.cl\/web\/wp-json\/wp\/v2\/tags?post=13011"}],"curies":[{"name":"wp","href":"https:\/\/api.w.org\/{rel}","templated":true}]}}