{"id":13006,"date":"2020-08-03T22:42:21","date_gmt":"2020-08-04T01:42:21","guid":{"rendered":"https:\/\/temucotelevision.cl\/web\/?p=13006"},"modified":"2020-08-03T22:42:23","modified_gmt":"2020-08-04T01:42:23","slug":"municipio-de-temuco-habilita-establecimientos-educacionales-para-apoyar-el-retiro-del-10","status":"publish","type":"post","link":"https:\/\/temucotelevision.cl\/web\/2020\/08\/03\/municipio-de-temuco-habilita-establecimientos-educacionales-para-apoyar-el-retiro-del-10\/","title":{"rendered":"Municipio de Temuco habilita establecimientos educacionales para apoyar el retiro del 10%"},"content":{"rendered":"<div class=\"pvc_clear\"><\/div><p id=\"pvc_stats_13006\" class=\"pvc_stats total_only  \" data-element-id=\"13006\" style=\"\"><i class=\"pvc-stats-icon large\" aria-hidden=\"true\"><svg aria-hidden=\"true\" focusable=\"false\" data-prefix=\"far\" data-icon=\"chart-bar\" role=\"img\" xmlns=\"http:\/\/www.w3.org\/2000\/svg\" viewBox=\"0 0 512 512\" class=\"svg-inline--fa fa-chart-bar fa-w-16 fa-2x\"><path fill=\"currentColor\" d=\"M396.8 352h22.4c6.4 0 12.8-6.4 12.8-12.8V108.8c0-6.4-6.4-12.8-12.8-12.8h-22.4c-6.4 0-12.8 6.4-12.8 12.8v230.4c0 6.4 6.4 12.8 12.8 12.8zm-192 0h22.4c6.4 0 12.8-6.4 12.8-12.8V140.8c0-6.4-6.4-12.8-12.8-12.8h-22.4c-6.4 0-12.8 6.4-12.8 12.8v198.4c0 6.4 6.4 12.8 12.8 12.8zm96 0h22.4c6.4 0 12.8-6.4 12.8-12.8V204.8c0-6.4-6.4-12.8-12.8-12.8h-22.4c-6.4 0-12.8 6.4-12.8 12.8v134.4c0 6.4 6.4 12.8 12.8 12.8zM496 400H48V80c0-8.84-7.16-16-16-16H16C7.16 64 0 71.16 0 80v336c0 17.67 14.33 32 32 32h464c8.84 0 16-7.16 16-16v-16c0-8.84-7.16-16-16-16zm-387.2-48h22.4c6.4 0 12.8-6.4 12.8-12.8v-70.4c0-6.4-6.4-12.8-12.8-12.8h-22.4c-6.4 0-12.8 6.4-12.8 12.8v70.4c0 6.4 6.4 12.8 12.8 12.8z\" class=\"\"><\/path><\/svg><\/i> <img loading=\"lazy\" decoding=\"async\" width=\"16\" height=\"16\" alt=\"Loading\" src=\"https:\/\/temucotelevision.cl\/web\/wp-content\/plugins\/page-views-count\/ajax-loader-2x.gif\" border=0 \/><\/p><div class=\"pvc_clear\"><\/div>\n<p>Tras la aprobaci\u00f3n del retiro del 10% de los fondos previsionales, el proceso de solicitud ha mostrado algunos problemas, sobre todo con las personas que no poseen conexi\u00f3n a internet o no manejan los sistemas digitales de postulaci\u00f3n, por esta raz\u00f3n es que la Municipalidad de Temuco puso a disposici\u00f3n los laboratorios de computaci\u00f3n de las escuelas municipales Manuel Recabarren, Andr\u00e9s Bello, Alonso de Ercilla, Pedro de Valdivia, Selva Saavedra y Millaray, entre otras.&nbsp;<\/p>\n\n\n\n<p>Estos establecimientos educacionales contar\u00e1n con computadores conectados a internet y profesores para orientar y ayudar en el proceso de solicitud de retiro de fondos del 10 por ciento de la AFP y que permitir\u00e1, adem\u00e1s, que las personas no tengan que trasladarse hasta el centro o a las oficinas de las administradoras de los fondos de pensiones, reduciendo as\u00ed las posibilidades de contagios por covid-19.&nbsp;<\/p>\n\n\n\n<p>Sobre esta iniciativa, el alcalde Miguel Becker, dijo que, \u201cnuestro director de la Escuela Manuel Recabarren, Jos\u00e9 Arbul\u00fa, ha tomado una muy buena iniciativa, que nosotros felicitamos y agradecemos, que es abrir el establecimiento para que las personas puedan hacer su gesti\u00f3n de retiro del diez por ciento en cualquiera de las AFP en que tengan sus recursos. Estamos atendiendo con siete computadores, esperamos que esta actividad permita que la gente no tenga que trasladarse al centro de la ciudad, evitamos las aglomeraciones y tambi\u00e9n lo estamos haciendo en el Liceo Gabriela Mistral, donde tambi\u00e9n vamos a estar atendiendo, tenemos la Escuela Millaray, Pedro de Valdivia, Alonso de Ercilla, Andr\u00e9s Bello, Selva Saavedra y Recabarren, son buenas iniciativas, felicitamos al director y tambi\u00e9n agradecemos a todos los otros establecimientos que se incorporaron a esta iniciativa con la idea de atender a nuestra gente\u201d.&nbsp;<\/p>\n\n\n\n<p>Mientras que el director de la Escuela Manuel Recabarren, ubicada en Avenida Italia en el macrosector Amanecer, Jos\u00e9 Arbul\u00fa, sostuvo que, \u201cEstamos muy contentos de que se haya replicado esta iniciativa que naci\u00f3 ac\u00e1 desde el personal, desde los profesores y los asistentes, de poder apoyar a este sector tan vulnerable y con muchos adultos mayores, que no tienen acceso a internet o que les complica mucho ir al centro, adem\u00e1s de la exposici\u00f3n y las aglomeraciones para su salud, entonces se nos ocurri\u00f3 de poder habilitar estos espacios con las medidas de seguridad correspondiente y prestando el apoyo, en este caso log\u00edstico de internet y apoyo personal para hacer el retiro del 10%\u201d.&nbsp;<\/p>\n\n\n\n<p>El director de la Escuela Manuel Recabarren adem\u00e1s dijo que, \u201caprovechando tambi\u00e9n, que nosotros estamos entregando material educativo a los mismos ni\u00f1os que no tienen acceso a internet, material f\u00edsico y tambi\u00e9n entregando alimentaci\u00f3n a las familias m\u00e1s vulnerables de la ciudad, estamos apoyando este proceso para que puedan sobrellevar esta situaci\u00f3n de pandemia tan complicada que nos tiene, habilitando todos los espacios con todas las medidas correspondiente para que sea lo m\u00e1s expedito y menos riesgoso posible\u201d.&nbsp;<\/p>\n\n\n\n<p>Destacar que los establecimientos educacionales municipales de Temuco como la Escuela Manuel Recabarren estar\u00e1 apoyando con personal e infraestructura para el proceso de retiro del 10% de la AFP el d\u00eda mi\u00e9rcoles, de 11:00 a 13:00 horas; la Escuela Millaray, el mi\u00e9rcoles y viernes de 8:30 a 10:30 horas; Pedro de Valdivia, el martes y jueves, en horario por definir; Selva Saavedra, lunes y martes de 8:30 a 12:30 horas y la Escuela Alonso de Ercilla, el martes de 10:00 a 13:00 horas.<\/p>\n\n\n\n<p>En forma paralela, y gracias a una alianza entre la Asociaci\u00f3n de Municipalidades de Chile y la Asociaci\u00f3n de AFP, se habilitaron las dependencias del Liceo Gabriela Mistral para que todas las personas que tengan dudas o no puedan realizar el tr\u00e1mite v\u00eda internet, puedan ser atendidos por ejecutivos de las AFP, evitando aglomeraciones en las oficinas comerciales de las instituciones.<\/p>\n","protected":false},"excerpt":{"rendered":"<div class=\"pvc_clear\"><\/div>\n<p id=\"pvc_stats_13006\" class=\"pvc_stats total_only  \" data-element-id=\"13006\" style=\"\"><i class=\"pvc-stats-icon large\" aria-hidden=\"true\"><svg aria-hidden=\"true\" focusable=\"false\" data-prefix=\"far\" data-icon=\"chart-bar\" role=\"img\" xmlns=\"http:\/\/www.w3.org\/2000\/svg\" viewBox=\"0 0 512 512\" class=\"svg-inline--fa fa-chart-bar fa-w-16 fa-2x\"><path fill=\"currentColor\" d=\"M396.8 352h22.4c6.4 0 12.8-6.4 12.8-12.8V108.8c0-6.4-6.4-12.8-12.8-12.8h-22.4c-6.4 0-12.8 6.4-12.8 12.8v230.4c0 6.4 6.4 12.8 12.8 12.8zm-192 0h22.4c6.4 0 12.8-6.4 12.8-12.8V140.8c0-6.4-6.4-12.8-12.8-12.8h-22.4c-6.4 0-12.8 6.4-12.8 12.8v198.4c0 6.4 6.4 12.8 12.8 12.8zm96 0h22.4c6.4 0 12.8-6.4 12.8-12.8V204.8c0-6.4-6.4-12.8-12.8-12.8h-22.4c-6.4 0-12.8 6.4-12.8 12.8v134.4c0 6.4 6.4 12.8 12.8 12.8zM496 400H48V80c0-8.84-7.16-16-16-16H16C7.16 64 0 71.16 0 80v336c0 17.67 14.33 32 32 32h464c8.84 0 16-7.16 16-16v-16c0-8.84-7.16-16-16-16zm-387.2-48h22.4c6.4 0 12.8-6.4 12.8-12.8v-70.4c0-6.4-6.4-12.8-12.8-12.8h-22.4c-6.4 0-12.8 6.4-12.8 12.8v70.4c0 6.4 6.4 12.8 12.8 12.8z\" class=\"\"><\/path><\/svg><\/i> <img loading=\"lazy\" decoding=\"async\" width=\"16\" height=\"16\" alt=\"Loading\" src=\"https:\/\/temucotelevision.cl\/web\/wp-content\/plugins\/page-views-count\/ajax-loader-2x.gif\" border=0 \/><\/p>\n<div class=\"pvc_clear\"><\/div>\n<p>Tras la aprobaci\u00f3n del retiro del 10% de los fondos previsionales, el proceso de solicitud ha mostrado algunos problemas, sobre<\/p>\n","protected":false},"author":1,"featured_media":13007,"comment_status":"open","ping_status":"open","sticky":false,"template":"","format":"standard","meta":{"colormag_page_container_layout":"default_layout","colormag_page_sidebar_layout":"default_layout","footnotes":""},"categories":[14],"tags":[2802,601,591],"class_list":["post-13006","post","type-post","status-publish","format-standard","has-post-thumbnail","hentry","category-temuco","tag-2802","tag-escuelas","tag-municipio"],"a3_pvc":{"activated":true,"total_views":21,"today_views":0},"_links":{"self":[{"href":"https:\/\/temucotelevision.cl\/web\/wp-json\/wp\/v2\/posts\/13006","targetHints":{"allow":["GET"]}}],"collection":[{"href":"https:\/\/temucotelevision.cl\/web\/wp-json\/wp\/v2\/posts"}],"about":[{"href":"https:\/\/temucotelevision.cl\/web\/wp-json\/wp\/v2\/types\/post"}],"author":[{"embeddable":true,"href":"https:\/\/temucotelevision.cl\/web\/wp-json\/wp\/v2\/users\/1"}],"replies":[{"embeddable":true,"href":"https:\/\/temucotelevision.cl\/web\/wp-json\/wp\/v2\/comments?post=13006"}],"version-history":[{"count":1,"href":"https:\/\/temucotelevision.cl\/web\/wp-json\/wp\/v2\/posts\/13006\/revisions"}],"predecessor-version":[{"id":13008,"href":"https:\/\/temucotelevision.cl\/web\/wp-json\/wp\/v2\/posts\/13006\/revisions\/13008"}],"wp:featuredmedia":[{"embeddable":true,"href":"https:\/\/temucotelevision.cl\/web\/wp-json\/wp\/v2\/media\/13007"}],"wp:attachment":[{"href":"https:\/\/temucotelevision.cl\/web\/wp-json\/wp\/v2\/media?parent=13006"}],"wp:term":[{"taxonomy":"category","embeddable":true,"href":"https:\/\/temucotelevision.cl\/web\/wp-json\/wp\/v2\/categories?post=13006"},{"taxonomy":"post_tag","embeddable":true,"href":"https:\/\/temucotelevision.cl\/web\/wp-json\/wp\/v2\/tags?post=13006"}],"curies":[{"name":"wp","href":"https:\/\/api.w.org\/{rel}","templated":true}]}}