{"id":13001,"date":"2020-08-03T21:32:52","date_gmt":"2020-08-04T00:32:52","guid":{"rendered":"https:\/\/temucotelevision.cl\/web\/?p=13001"},"modified":"2020-08-03T21:32:54","modified_gmt":"2020-08-04T00:32:54","slug":"chao-bolsas-plasticas-comienza-prohibicion-de-uso-en-barrios-locales-y-pymes%ef%bb%bf","status":"publish","type":"post","link":"https:\/\/temucotelevision.cl\/web\/2020\/08\/03\/chao-bolsas-plasticas-comienza-prohibicion-de-uso-en-barrios-locales-y-pymes%ef%bb%bf\/","title":{"rendered":"Chao Bolsas Pl\u00e1sticas: Comienza prohibici\u00f3n de uso en barrios locales y pymes\ufeff"},"content":{"rendered":"<div class=\"pvc_clear\"><\/div><p id=\"pvc_stats_13001\" class=\"pvc_stats total_only  \" data-element-id=\"13001\" style=\"\"><i class=\"pvc-stats-icon large\" aria-hidden=\"true\"><svg aria-hidden=\"true\" focusable=\"false\" data-prefix=\"far\" data-icon=\"chart-bar\" role=\"img\" xmlns=\"http:\/\/www.w3.org\/2000\/svg\" viewBox=\"0 0 512 512\" class=\"svg-inline--fa fa-chart-bar fa-w-16 fa-2x\"><path fill=\"currentColor\" d=\"M396.8 352h22.4c6.4 0 12.8-6.4 12.8-12.8V108.8c0-6.4-6.4-12.8-12.8-12.8h-22.4c-6.4 0-12.8 6.4-12.8 12.8v230.4c0 6.4 6.4 12.8 12.8 12.8zm-192 0h22.4c6.4 0 12.8-6.4 12.8-12.8V140.8c0-6.4-6.4-12.8-12.8-12.8h-22.4c-6.4 0-12.8 6.4-12.8 12.8v198.4c0 6.4 6.4 12.8 12.8 12.8zm96 0h22.4c6.4 0 12.8-6.4 12.8-12.8V204.8c0-6.4-6.4-12.8-12.8-12.8h-22.4c-6.4 0-12.8 6.4-12.8 12.8v134.4c0 6.4 6.4 12.8 12.8 12.8zM496 400H48V80c0-8.84-7.16-16-16-16H16C7.16 64 0 71.16 0 80v336c0 17.67 14.33 32 32 32h464c8.84 0 16-7.16 16-16v-16c0-8.84-7.16-16-16-16zm-387.2-48h22.4c6.4 0 12.8-6.4 12.8-12.8v-70.4c0-6.4-6.4-12.8-12.8-12.8h-22.4c-6.4 0-12.8 6.4-12.8 12.8v70.4c0 6.4 6.4 12.8 12.8 12.8z\" class=\"\"><\/path><\/svg><\/i> <img loading=\"lazy\" decoding=\"async\" width=\"16\" height=\"16\" alt=\"Loading\" src=\"https:\/\/temucotelevision.cl\/web\/wp-content\/plugins\/page-views-count\/ajax-loader-2x.gif\" border=0 \/><\/p><div class=\"pvc_clear\"><\/div>\n<p>A partir de este lunes 3 de agosto entra en vigencia la \u00faltima etapa de la ley denominada \u201cChao Bolsas Pl\u00e1sticas\u201d, esto tras dos a\u00f1os de la aplicaci\u00f3n gradual en todo Chile. La medida se implementar\u00e1 para las micro, peque\u00f1as y medianas empresas y establece multas de hasta 5 UTM por cada bolsa pl\u00e1stica que se entregue de manera indebida. Las seremis Medio Ambiente y de Gobierno, Paula Castillo y P\u00eda Bersezio valoraron la iniciativa y llamaron a la poblaci\u00f3n a respetar la medida y preferir bolsas reutilizables para las respectivas compras.&nbsp;<\/p>\n\n\n\n<p>\u201cSe inicia la \u00faltima etapa de la ley que proh\u00edbe la entrega de bolsas pl\u00e1sticas en el comercio, es una ley que parti\u00f3 de manera gradual hace dos a\u00f1os y que a partir de este lunes 3 de agosto rige para todo el comercio nacional, eso incluye a la micro peque\u00f1a y mediana empresa. Quedan excluidos de esta medida aquellos envases primarios que son necesarios para la protecci\u00f3n de los alimentos, en esto incluimos el pan, las cecinas, frutas y verduras por ejemplo\u201d, as\u00ed lo detall\u00f3 la seremi de Medio Ambiente, Paula Castillo.&nbsp;<\/p>\n\n\n\n<p>Por su parte la seremi de Gobierno, P\u00eda Bersezio se\u00f1al\u00f3 que \u201cel Ministerio del Medio Ambiente puso toda voluntad y la fuerza para llevar a cabo esta iniciativa, que ya se est\u00e1 implementando para&nbsp; generar conciencia, cambiar h\u00e1bitos y reducir la generaci\u00f3n de residuos. Previo a la publicaci\u00f3n de la ley, se usaban 3.400 millones de bolsas pl\u00e1sticas al a\u00f1o, lo que se traduce en 200 bolsas anuales por persona. Desde la entrada en vigencia de la ley, se estima que dejaron de entregarse 5.000 millones de bolsas pl\u00e1sticas. Sabemos que este es un gran reto para la ciudadan\u00eda y requerir\u00e1 de cambios profundos. Con el aporte de todos podremos contar con un pa\u00eds m\u00e1s sustentable por lo que vale la pena el esfuerzo\u201d.&nbsp;<\/p>\n\n\n\n<p>Cabe destacar que la ley establece multas de hasta 5 UTM por cada bolsa pl\u00e1stica que se entregue de manera indebida. Esta multa es para el comercio, no para los clientes. Para la determinaci\u00f3n de la sanci\u00f3n, se considerar\u00e1n el n\u00famero de bolsas pl\u00e1sticas entregadas, la conducta anterior del infractor y su capacidad econ\u00f3mica.<\/p>\n\n\n\n<p>La ley indica que las bolsas pl\u00e1sticas en que se envasan alimentos no est\u00e1n prohibidas (como bolsas de arroz o fideos). Tampoco aquellas que su uso sea necesario por razones higi\u00e9nicas o para evitar el desperdicio de alimentos.<\/p>\n","protected":false},"excerpt":{"rendered":"<div class=\"pvc_clear\"><\/div>\n<p id=\"pvc_stats_13001\" class=\"pvc_stats total_only  \" data-element-id=\"13001\" style=\"\"><i class=\"pvc-stats-icon large\" aria-hidden=\"true\"><svg aria-hidden=\"true\" focusable=\"false\" data-prefix=\"far\" data-icon=\"chart-bar\" role=\"img\" xmlns=\"http:\/\/www.w3.org\/2000\/svg\" viewBox=\"0 0 512 512\" class=\"svg-inline--fa fa-chart-bar fa-w-16 fa-2x\"><path fill=\"currentColor\" d=\"M396.8 352h22.4c6.4 0 12.8-6.4 12.8-12.8V108.8c0-6.4-6.4-12.8-12.8-12.8h-22.4c-6.4 0-12.8 6.4-12.8 12.8v230.4c0 6.4 6.4 12.8 12.8 12.8zm-192 0h22.4c6.4 0 12.8-6.4 12.8-12.8V140.8c0-6.4-6.4-12.8-12.8-12.8h-22.4c-6.4 0-12.8 6.4-12.8 12.8v198.4c0 6.4 6.4 12.8 12.8 12.8zm96 0h22.4c6.4 0 12.8-6.4 12.8-12.8V204.8c0-6.4-6.4-12.8-12.8-12.8h-22.4c-6.4 0-12.8 6.4-12.8 12.8v134.4c0 6.4 6.4 12.8 12.8 12.8zM496 400H48V80c0-8.84-7.16-16-16-16H16C7.16 64 0 71.16 0 80v336c0 17.67 14.33 32 32 32h464c8.84 0 16-7.16 16-16v-16c0-8.84-7.16-16-16-16zm-387.2-48h22.4c6.4 0 12.8-6.4 12.8-12.8v-70.4c0-6.4-6.4-12.8-12.8-12.8h-22.4c-6.4 0-12.8 6.4-12.8 12.8v70.4c0 6.4 6.4 12.8 12.8 12.8z\" class=\"\"><\/path><\/svg><\/i> <img loading=\"lazy\" decoding=\"async\" width=\"16\" height=\"16\" alt=\"Loading\" src=\"https:\/\/temucotelevision.cl\/web\/wp-content\/plugins\/page-views-count\/ajax-loader-2x.gif\" border=0 \/><\/p>\n<div class=\"pvc_clear\"><\/div>\n<p>A partir de este lunes 3 de agosto entra en vigencia la \u00faltima etapa de la ley denominada \u201cChao Bolsas<\/p>\n","protected":false},"author":1,"featured_media":13002,"comment_status":"open","ping_status":"open","sticky":false,"template":"","format":"standard","meta":{"colormag_page_container_layout":"default_layout","colormag_page_sidebar_layout":"default_layout","footnotes":""},"categories":[14],"tags":[2843,2845,2844],"class_list":["post-13001","post","type-post","status-publish","format-standard","has-post-thumbnail","hentry","category-temuco","tag-bolsas","tag-plasticos","tag-uso"],"a3_pvc":{"activated":true,"total_views":23,"today_views":0},"_links":{"self":[{"href":"https:\/\/temucotelevision.cl\/web\/wp-json\/wp\/v2\/posts\/13001","targetHints":{"allow":["GET"]}}],"collection":[{"href":"https:\/\/temucotelevision.cl\/web\/wp-json\/wp\/v2\/posts"}],"about":[{"href":"https:\/\/temucotelevision.cl\/web\/wp-json\/wp\/v2\/types\/post"}],"author":[{"embeddable":true,"href":"https:\/\/temucotelevision.cl\/web\/wp-json\/wp\/v2\/users\/1"}],"replies":[{"embeddable":true,"href":"https:\/\/temucotelevision.cl\/web\/wp-json\/wp\/v2\/comments?post=13001"}],"version-history":[{"count":1,"href":"https:\/\/temucotelevision.cl\/web\/wp-json\/wp\/v2\/posts\/13001\/revisions"}],"predecessor-version":[{"id":13003,"href":"https:\/\/temucotelevision.cl\/web\/wp-json\/wp\/v2\/posts\/13001\/revisions\/13003"}],"wp:featuredmedia":[{"embeddable":true,"href":"https:\/\/temucotelevision.cl\/web\/wp-json\/wp\/v2\/media\/13002"}],"wp:attachment":[{"href":"https:\/\/temucotelevision.cl\/web\/wp-json\/wp\/v2\/media?parent=13001"}],"wp:term":[{"taxonomy":"category","embeddable":true,"href":"https:\/\/temucotelevision.cl\/web\/wp-json\/wp\/v2\/categories?post=13001"},{"taxonomy":"post_tag","embeddable":true,"href":"https:\/\/temucotelevision.cl\/web\/wp-json\/wp\/v2\/tags?post=13001"}],"curies":[{"name":"wp","href":"https:\/\/api.w.org\/{rel}","templated":true}]}}