{"id":12995,"date":"2020-08-03T20:50:19","date_gmt":"2020-08-03T23:50:19","guid":{"rendered":"https:\/\/temucotelevision.cl\/web\/?p=12995"},"modified":"2020-08-03T20:50:21","modified_gmt":"2020-08-03T23:50:21","slug":"empresarios-del-turismo-ya-pueden-postular-a-becas-de-capital-humano-de-corfo-y-prepararse-para-eclipse-de-diciembre","status":"publish","type":"post","link":"https:\/\/temucotelevision.cl\/web\/2020\/08\/03\/empresarios-del-turismo-ya-pueden-postular-a-becas-de-capital-humano-de-corfo-y-prepararse-para-eclipse-de-diciembre\/","title":{"rendered":"Empresarios del turismo ya pueden postular a becas de capital humano de Corfo y prepararse para eclipse de diciembre"},"content":{"rendered":"<div class=\"pvc_clear\"><\/div><p id=\"pvc_stats_12995\" class=\"pvc_stats total_only  \" data-element-id=\"12995\" style=\"\"><i class=\"pvc-stats-icon large\" aria-hidden=\"true\"><svg aria-hidden=\"true\" focusable=\"false\" data-prefix=\"far\" data-icon=\"chart-bar\" role=\"img\" xmlns=\"http:\/\/www.w3.org\/2000\/svg\" viewBox=\"0 0 512 512\" class=\"svg-inline--fa fa-chart-bar fa-w-16 fa-2x\"><path fill=\"currentColor\" d=\"M396.8 352h22.4c6.4 0 12.8-6.4 12.8-12.8V108.8c0-6.4-6.4-12.8-12.8-12.8h-22.4c-6.4 0-12.8 6.4-12.8 12.8v230.4c0 6.4 6.4 12.8 12.8 12.8zm-192 0h22.4c6.4 0 12.8-6.4 12.8-12.8V140.8c0-6.4-6.4-12.8-12.8-12.8h-22.4c-6.4 0-12.8 6.4-12.8 12.8v198.4c0 6.4 6.4 12.8 12.8 12.8zm96 0h22.4c6.4 0 12.8-6.4 12.8-12.8V204.8c0-6.4-6.4-12.8-12.8-12.8h-22.4c-6.4 0-12.8 6.4-12.8 12.8v134.4c0 6.4 6.4 12.8 12.8 12.8zM496 400H48V80c0-8.84-7.16-16-16-16H16C7.16 64 0 71.16 0 80v336c0 17.67 14.33 32 32 32h464c8.84 0 16-7.16 16-16v-16c0-8.84-7.16-16-16-16zm-387.2-48h22.4c6.4 0 12.8-6.4 12.8-12.8v-70.4c0-6.4-6.4-12.8-12.8-12.8h-22.4c-6.4 0-12.8 6.4-12.8 12.8v70.4c0 6.4 6.4 12.8 12.8 12.8z\" class=\"\"><\/path><\/svg><\/i> <img loading=\"lazy\" decoding=\"async\" width=\"16\" height=\"16\" alt=\"Loading\" src=\"https:\/\/temucotelevision.cl\/web\/wp-content\/plugins\/page-views-count\/ajax-loader-2x.gif\" border=0 \/><\/p><div class=\"pvc_clear\"><\/div>\n<p>Este pr\u00f3ximo&nbsp;<a>10 de agosto<\/a>, a las 12.00 horas, concluir\u00e1 el plazo para postular al \u201cPrograma de Formaci\u00f3n en Astroturismo y Cosmovisi\u00f3n Mapuche\u201d organizado CORFO, el Gobierno Regional de La Araucan\u00eda, la subsecretaria de Turismo y ejecutado por la Universidad de La Frontera.<\/p>\n\n\n\n<p>Esta iniciativa est\u00e1 orientada a empresarios y emprendedores del rubro tur\u00edstico de las comunas de la regi\u00f3n, que tendr\u00e1n mayor visibilidad del eclipse el pr\u00f3ximo&nbsp;<a>14 de diciembre<\/a>&nbsp;y busca fortalecer sus competencias y potenciar la cadena de valor que incluye a la industria del turismo, la astronom\u00eda y la cosmovisi\u00f3n mapuche.<\/p>\n\n\n\n<p>\u201cHace un a\u00f1o, tuvimos la oportunidad de apreciar el eclipse en el norte de nuestro pa\u00eds y ahora el foco est\u00e1 puesto en la regi\u00f3n de La Araucan\u00eda, para lo cual se espera que los visitantes puedan disfrutar de este evento natural nuevamente en nuestro pa\u00eds, por ello hemos puesto foco en apoyar a los empresarios y emprendedores locales\u201d, dijo el director de CORFO Araucan\u00eda, Patricio Esparza.<\/p>\n\n\n\n<p>Como parte del programa se cuenta con el apoyo de profesionales expertos en Astroturismo y Cosmovisi\u00f3n mapuche para dictar clases y desarrollar actividades pr\u00e1cticas, entre ellos el astr\u00f3nomo Jos\u00e9 Maza dictar\u00e1 clases magistrales sobre el eclipse 2020 en conjunto con el investigador e historiador mapuche, Kimche, Juan \u00d1anculef, quien abordar\u00e1 la Cosmovisi\u00f3n Mapuche.<\/p>\n\n\n\n<p>En tanto, el seremi de Econom\u00eda, Francisco Lopez, agreg\u00f3 que \u201cel capital humano es fundamental para apoyar con estas 140 becas, en un momento en que es trascendental para nuestra regi\u00f3n y esperamos que prontamente mejoren las condiciones sanitarias para que podamos recibir a los turistas bien preparados y tenga un muy buen resultado para nuestra regi\u00f3n\u201d, dijo.<\/p>\n\n\n\n<p>El programa se impartir\u00e1 de manera online y presencial entre los meses de agosto y noviembre. Ser\u00e1 realizado en las comunas de Puc\u00f3n, Temuco y Carahue para personas naturales, empresarios o emprendedores que se desempe\u00f1en en el \u00e1mbito de la industria del turismo.<\/p>\n\n\n\n<p>El curso tiene una duraci\u00f3n de 45 horas y los m\u00f3dulos consisten en introducci\u00f3n al Astroturismo, oferta y demanda astrotur\u00edstica, fen\u00f3menos astron\u00f3micos, oportunidades de la geograf\u00eda regional, t\u00e9rminos y creencias astron\u00f3micas ancestrales, construcci\u00f3n de experiencias en funci\u00f3n del astroturismo, entre otros, donde las clases ser\u00e1n desarrolladas por astr\u00f3nomos de gran trayectoria pertenecientes a ALMA, el mayor radiotelescopio situado en el norte de nuestro pa\u00eds.<\/p>\n\n\n\n<p>\u201cLos invitamos a ingresar a\u00a0<a rel=\"noreferrer noopener\" href=\"http:\/\/www.becascapitalhumano.cl\/\" target=\"_blank\">www.becascapitalhumano.cl<\/a>\u00a0para conocer m\u00e1s informaci\u00f3n al respecto y postular antes de que cierre el plazo\u201d, dijo Esparza.<\/p>\n\n\n\n<div class=\"wp-block-image\"><figure class=\"aligncenter\"><img loading=\"lazy\" decoding=\"async\" width=\"840\" height=\"840\" src=\"https:\/\/temucotelevision.cl\/web\/wp-content\/uploads\/2020\/08\/Afiche-eclipse-turismo.jpg\" alt=\"\" class=\"wp-image-12996\" srcset=\"https:\/\/temucotelevision.cl\/web\/wp-content\/uploads\/2020\/08\/Afiche-eclipse-turismo.jpg 840w, https:\/\/temucotelevision.cl\/web\/wp-content\/uploads\/2020\/08\/Afiche-eclipse-turismo-768x768.jpg 768w\" sizes=\"auto, (max-width: 840px) 100vw, 840px\" \/><\/figure><\/div>\n\n\n\n<p><\/p>\n","protected":false},"excerpt":{"rendered":"<div class=\"pvc_clear\"><\/div>\n<p id=\"pvc_stats_12995\" class=\"pvc_stats total_only  \" data-element-id=\"12995\" style=\"\"><i class=\"pvc-stats-icon large\" aria-hidden=\"true\"><svg aria-hidden=\"true\" focusable=\"false\" data-prefix=\"far\" data-icon=\"chart-bar\" role=\"img\" xmlns=\"http:\/\/www.w3.org\/2000\/svg\" viewBox=\"0 0 512 512\" class=\"svg-inline--fa fa-chart-bar fa-w-16 fa-2x\"><path fill=\"currentColor\" d=\"M396.8 352h22.4c6.4 0 12.8-6.4 12.8-12.8V108.8c0-6.4-6.4-12.8-12.8-12.8h-22.4c-6.4 0-12.8 6.4-12.8 12.8v230.4c0 6.4 6.4 12.8 12.8 12.8zm-192 0h22.4c6.4 0 12.8-6.4 12.8-12.8V140.8c0-6.4-6.4-12.8-12.8-12.8h-22.4c-6.4 0-12.8 6.4-12.8 12.8v198.4c0 6.4 6.4 12.8 12.8 12.8zm96 0h22.4c6.4 0 12.8-6.4 12.8-12.8V204.8c0-6.4-6.4-12.8-12.8-12.8h-22.4c-6.4 0-12.8 6.4-12.8 12.8v134.4c0 6.4 6.4 12.8 12.8 12.8zM496 400H48V80c0-8.84-7.16-16-16-16H16C7.16 64 0 71.16 0 80v336c0 17.67 14.33 32 32 32h464c8.84 0 16-7.16 16-16v-16c0-8.84-7.16-16-16-16zm-387.2-48h22.4c6.4 0 12.8-6.4 12.8-12.8v-70.4c0-6.4-6.4-12.8-12.8-12.8h-22.4c-6.4 0-12.8 6.4-12.8 12.8v70.4c0 6.4 6.4 12.8 12.8 12.8z\" class=\"\"><\/path><\/svg><\/i> <img loading=\"lazy\" decoding=\"async\" width=\"16\" height=\"16\" alt=\"Loading\" src=\"https:\/\/temucotelevision.cl\/web\/wp-content\/plugins\/page-views-count\/ajax-loader-2x.gif\" border=0 \/><\/p>\n<div class=\"pvc_clear\"><\/div>\n<p>Este pr\u00f3ximo&nbsp;10 de agosto, a las 12.00 horas, concluir\u00e1 el plazo para postular al \u201cPrograma de Formaci\u00f3n en Astroturismo y<\/p>\n","protected":false},"author":1,"featured_media":419,"comment_status":"open","ping_status":"open","sticky":false,"template":"","format":"standard","meta":{"colormag_page_container_layout":"default_layout","colormag_page_sidebar_layout":"default_layout","footnotes":""},"categories":[15],"tags":[1042],"class_list":["post-12995","post","type-post","status-publish","format-standard","has-post-thumbnail","hentry","category-la-araucania","tag-empresas"],"a3_pvc":{"activated":true,"total_views":32,"today_views":0},"_links":{"self":[{"href":"https:\/\/temucotelevision.cl\/web\/wp-json\/wp\/v2\/posts\/12995","targetHints":{"allow":["GET"]}}],"collection":[{"href":"https:\/\/temucotelevision.cl\/web\/wp-json\/wp\/v2\/posts"}],"about":[{"href":"https:\/\/temucotelevision.cl\/web\/wp-json\/wp\/v2\/types\/post"}],"author":[{"embeddable":true,"href":"https:\/\/temucotelevision.cl\/web\/wp-json\/wp\/v2\/users\/1"}],"replies":[{"embeddable":true,"href":"https:\/\/temucotelevision.cl\/web\/wp-json\/wp\/v2\/comments?post=12995"}],"version-history":[{"count":1,"href":"https:\/\/temucotelevision.cl\/web\/wp-json\/wp\/v2\/posts\/12995\/revisions"}],"predecessor-version":[{"id":12997,"href":"https:\/\/temucotelevision.cl\/web\/wp-json\/wp\/v2\/posts\/12995\/revisions\/12997"}],"wp:featuredmedia":[{"embeddable":true,"href":"https:\/\/temucotelevision.cl\/web\/wp-json\/wp\/v2\/media\/419"}],"wp:attachment":[{"href":"https:\/\/temucotelevision.cl\/web\/wp-json\/wp\/v2\/media?parent=12995"}],"wp:term":[{"taxonomy":"category","embeddable":true,"href":"https:\/\/temucotelevision.cl\/web\/wp-json\/wp\/v2\/categories?post=12995"},{"taxonomy":"post_tag","embeddable":true,"href":"https:\/\/temucotelevision.cl\/web\/wp-json\/wp\/v2\/tags?post=12995"}],"curies":[{"name":"wp","href":"https:\/\/api.w.org\/{rel}","templated":true}]}}