{"id":12983,"date":"2020-08-03T16:09:32","date_gmt":"2020-08-03T19:09:32","guid":{"rendered":"https:\/\/temucotelevision.cl\/web\/?p=12983"},"modified":"2020-08-03T16:09:34","modified_gmt":"2020-08-03T19:09:34","slug":"gorbea-alcalde-guido-siegmund-descarta-regreso-a-clases-presenciales-durante-el-ano-2020","status":"publish","type":"post","link":"https:\/\/temucotelevision.cl\/web\/2020\/08\/03\/gorbea-alcalde-guido-siegmund-descarta-regreso-a-clases-presenciales-durante-el-ano-2020\/","title":{"rendered":"Gorbea: Alcalde Guido Siegmund descarta regreso a clases presenciales durante el a\u00f1o 2020"},"content":{"rendered":"<div class=\"pvc_clear\"><\/div><p id=\"pvc_stats_12983\" class=\"pvc_stats total_only  \" data-element-id=\"12983\" style=\"\"><i class=\"pvc-stats-icon large\" aria-hidden=\"true\"><svg aria-hidden=\"true\" focusable=\"false\" data-prefix=\"far\" data-icon=\"chart-bar\" role=\"img\" xmlns=\"http:\/\/www.w3.org\/2000\/svg\" viewBox=\"0 0 512 512\" class=\"svg-inline--fa fa-chart-bar fa-w-16 fa-2x\"><path fill=\"currentColor\" d=\"M396.8 352h22.4c6.4 0 12.8-6.4 12.8-12.8V108.8c0-6.4-6.4-12.8-12.8-12.8h-22.4c-6.4 0-12.8 6.4-12.8 12.8v230.4c0 6.4 6.4 12.8 12.8 12.8zm-192 0h22.4c6.4 0 12.8-6.4 12.8-12.8V140.8c0-6.4-6.4-12.8-12.8-12.8h-22.4c-6.4 0-12.8 6.4-12.8 12.8v198.4c0 6.4 6.4 12.8 12.8 12.8zm96 0h22.4c6.4 0 12.8-6.4 12.8-12.8V204.8c0-6.4-6.4-12.8-12.8-12.8h-22.4c-6.4 0-12.8 6.4-12.8 12.8v134.4c0 6.4 6.4 12.8 12.8 12.8zM496 400H48V80c0-8.84-7.16-16-16-16H16C7.16 64 0 71.16 0 80v336c0 17.67 14.33 32 32 32h464c8.84 0 16-7.16 16-16v-16c0-8.84-7.16-16-16-16zm-387.2-48h22.4c6.4 0 12.8-6.4 12.8-12.8v-70.4c0-6.4-6.4-12.8-12.8-12.8h-22.4c-6.4 0-12.8 6.4-12.8 12.8v70.4c0 6.4 6.4 12.8 12.8 12.8z\" class=\"\"><\/path><\/svg><\/i> <img loading=\"lazy\" decoding=\"async\" width=\"16\" height=\"16\" alt=\"Loading\" src=\"https:\/\/temucotelevision.cl\/web\/wp-content\/plugins\/page-views-count\/ajax-loader-2x.gif\" border=0 \/><\/p><div class=\"pvc_clear\"><\/div>\n<p>El jefe comunal de Gorbea, afirm\u00f3 que en su comuna, no har\u00e1 retorno de clases presenciales en los diferentes establecimientos educacionales municipales, como los liceos, escuelas, jardines infantiles y salas cunas v\u00eda transferencias de fondos durante todo el a\u00f1o 2020.<\/p>\n\n\n\n<p>\u201c<em>Primero hay que resguardar la integridad de todos los ni\u00f1os y ni\u00f1as de la comuna, como municipalidad estamos trabajando d\u00eda a d\u00eda para evitar m\u00e1s contagios de coronavirus en vecinos de la comuna, No podemos arriesgarnos a contagios, primero es la salud de todos, adem\u00e1s no contamos con la distancia m\u00ednima que deber\u00eda tener cada sala para un curso de m\u00ednimo 30 ni\u00f1os.<\/em>\u201d Coment\u00f3 el edil.<\/p>\n\n\n\n<p>Siegmund agreg\u00f3: \u201c<em>Como Sostenedores no nos arriesgaremos ya que tenemos alumnos de otras comunas que vendr\u00edan a estudiar y actualmente los diferentes establecimientos municipales, se encuentran trabajando con todos los ni\u00f1os y ni\u00f1as de manera online o con trabajo que se les entrega en sus hogares, gracias al esfuerzo diario de asistentes y profesores que visitan semanalmente los sectores rurales de la comuna\u201d.<\/em><\/p>\n\n\n\n<p>Tambi\u00e9n hace un llamado a todos los sostenedores de los colegios particulares de la comuna, que se unan a esta causa para evitar contagio, destacar que la comuna de Gorbea, fue la tercera comuna de La Araucan\u00eda en presentar contagio de covid-19 al inicio en Chile, hasta la fecha solo se han registrado 38 casos, uno de los m\u00e1s bajos de la provincia de Caut\u00edn, adem\u00e1s considerar que en su poblaci\u00f3n el 40% es adulto mayor, quienes algunos viven con ni\u00f1os en sus hogares, lo cual ser\u00eda un posible contagio en cadena y lo que pretendemos con esta medida es mantener lo positivo que ha sido la campa\u00f1a Gorbea Previene.<\/p>\n\n\n\n<p>Con esto se potenciar\u00e1n las clases online, desarrollando habilidades del siglo 21 que ayudar\u00e1n a los estudiantes a insertarse y enfrentarse al mundo de hoy y del futuro, por ello se est\u00e1 invirtiendo en entregar conectividad con notebook y Tablet a estudiantes, para seguir su avance curricular.<\/p>\n","protected":false},"excerpt":{"rendered":"<div class=\"pvc_clear\"><\/div>\n<p id=\"pvc_stats_12983\" class=\"pvc_stats total_only  \" data-element-id=\"12983\" style=\"\"><i class=\"pvc-stats-icon large\" aria-hidden=\"true\"><svg aria-hidden=\"true\" focusable=\"false\" data-prefix=\"far\" data-icon=\"chart-bar\" role=\"img\" xmlns=\"http:\/\/www.w3.org\/2000\/svg\" viewBox=\"0 0 512 512\" class=\"svg-inline--fa fa-chart-bar fa-w-16 fa-2x\"><path fill=\"currentColor\" d=\"M396.8 352h22.4c6.4 0 12.8-6.4 12.8-12.8V108.8c0-6.4-6.4-12.8-12.8-12.8h-22.4c-6.4 0-12.8 6.4-12.8 12.8v230.4c0 6.4 6.4 12.8 12.8 12.8zm-192 0h22.4c6.4 0 12.8-6.4 12.8-12.8V140.8c0-6.4-6.4-12.8-12.8-12.8h-22.4c-6.4 0-12.8 6.4-12.8 12.8v198.4c0 6.4 6.4 12.8 12.8 12.8zm96 0h22.4c6.4 0 12.8-6.4 12.8-12.8V204.8c0-6.4-6.4-12.8-12.8-12.8h-22.4c-6.4 0-12.8 6.4-12.8 12.8v134.4c0 6.4 6.4 12.8 12.8 12.8zM496 400H48V80c0-8.84-7.16-16-16-16H16C7.16 64 0 71.16 0 80v336c0 17.67 14.33 32 32 32h464c8.84 0 16-7.16 16-16v-16c0-8.84-7.16-16-16-16zm-387.2-48h22.4c6.4 0 12.8-6.4 12.8-12.8v-70.4c0-6.4-6.4-12.8-12.8-12.8h-22.4c-6.4 0-12.8 6.4-12.8 12.8v70.4c0 6.4 6.4 12.8 12.8 12.8z\" class=\"\"><\/path><\/svg><\/i> <img loading=\"lazy\" decoding=\"async\" width=\"16\" height=\"16\" alt=\"Loading\" src=\"https:\/\/temucotelevision.cl\/web\/wp-content\/plugins\/page-views-count\/ajax-loader-2x.gif\" border=0 \/><\/p>\n<div class=\"pvc_clear\"><\/div>\n<p>El jefe comunal de Gorbea, afirm\u00f3 que en su comuna, no har\u00e1 retorno de clases presenciales en los diferentes establecimientos<\/p>\n","protected":false},"author":1,"featured_media":12984,"comment_status":"open","ping_status":"open","sticky":false,"template":"","format":"standard","meta":{"colormag_page_container_layout":"default_layout","colormag_page_sidebar_layout":"default_layout","footnotes":""},"categories":[101],"tags":[202,2312],"class_list":["post-12983","post","type-post","status-publish","format-standard","has-post-thumbnail","hentry","category-actualidad","tag-alcalde","tag-pandemia"],"a3_pvc":{"activated":true,"total_views":28,"today_views":0},"_links":{"self":[{"href":"https:\/\/temucotelevision.cl\/web\/wp-json\/wp\/v2\/posts\/12983","targetHints":{"allow":["GET"]}}],"collection":[{"href":"https:\/\/temucotelevision.cl\/web\/wp-json\/wp\/v2\/posts"}],"about":[{"href":"https:\/\/temucotelevision.cl\/web\/wp-json\/wp\/v2\/types\/post"}],"author":[{"embeddable":true,"href":"https:\/\/temucotelevision.cl\/web\/wp-json\/wp\/v2\/users\/1"}],"replies":[{"embeddable":true,"href":"https:\/\/temucotelevision.cl\/web\/wp-json\/wp\/v2\/comments?post=12983"}],"version-history":[{"count":1,"href":"https:\/\/temucotelevision.cl\/web\/wp-json\/wp\/v2\/posts\/12983\/revisions"}],"predecessor-version":[{"id":12985,"href":"https:\/\/temucotelevision.cl\/web\/wp-json\/wp\/v2\/posts\/12983\/revisions\/12985"}],"wp:featuredmedia":[{"embeddable":true,"href":"https:\/\/temucotelevision.cl\/web\/wp-json\/wp\/v2\/media\/12984"}],"wp:attachment":[{"href":"https:\/\/temucotelevision.cl\/web\/wp-json\/wp\/v2\/media?parent=12983"}],"wp:term":[{"taxonomy":"category","embeddable":true,"href":"https:\/\/temucotelevision.cl\/web\/wp-json\/wp\/v2\/categories?post=12983"},{"taxonomy":"post_tag","embeddable":true,"href":"https:\/\/temucotelevision.cl\/web\/wp-json\/wp\/v2\/tags?post=12983"}],"curies":[{"name":"wp","href":"https:\/\/api.w.org\/{rel}","templated":true}]}}