{"id":12980,"date":"2020-08-03T15:56:22","date_gmt":"2020-08-03T18:56:22","guid":{"rendered":"https:\/\/temucotelevision.cl\/web\/?p=12980"},"modified":"2020-08-03T15:56:24","modified_gmt":"2020-08-03T18:56:24","slug":"senadores-de-rn-piden-al-gobierno-utilizar-herramientas-que-permitan-restablecer-el-orden-publico-en-la-araucania%ef%bb%bf","status":"publish","type":"post","link":"https:\/\/temucotelevision.cl\/web\/2020\/08\/03\/senadores-de-rn-piden-al-gobierno-utilizar-herramientas-que-permitan-restablecer-el-orden-publico-en-la-araucania%ef%bb%bf\/","title":{"rendered":"Senadores de RN piden al Gobierno utilizar herramientas que permitan restablecer el orden p\u00fablico en La Araucan\u00eda\ufeff"},"content":{"rendered":"<div class=\"pvc_clear\"><\/div><p id=\"pvc_stats_12980\" class=\"pvc_stats total_only  \" data-element-id=\"12980\" style=\"\"><i class=\"pvc-stats-icon large\" aria-hidden=\"true\"><svg aria-hidden=\"true\" focusable=\"false\" data-prefix=\"far\" data-icon=\"chart-bar\" role=\"img\" xmlns=\"http:\/\/www.w3.org\/2000\/svg\" viewBox=\"0 0 512 512\" class=\"svg-inline--fa fa-chart-bar fa-w-16 fa-2x\"><path fill=\"currentColor\" d=\"M396.8 352h22.4c6.4 0 12.8-6.4 12.8-12.8V108.8c0-6.4-6.4-12.8-12.8-12.8h-22.4c-6.4 0-12.8 6.4-12.8 12.8v230.4c0 6.4 6.4 12.8 12.8 12.8zm-192 0h22.4c6.4 0 12.8-6.4 12.8-12.8V140.8c0-6.4-6.4-12.8-12.8-12.8h-22.4c-6.4 0-12.8 6.4-12.8 12.8v198.4c0 6.4 6.4 12.8 12.8 12.8zm96 0h22.4c6.4 0 12.8-6.4 12.8-12.8V204.8c0-6.4-6.4-12.8-12.8-12.8h-22.4c-6.4 0-12.8 6.4-12.8 12.8v134.4c0 6.4 6.4 12.8 12.8 12.8zM496 400H48V80c0-8.84-7.16-16-16-16H16C7.16 64 0 71.16 0 80v336c0 17.67 14.33 32 32 32h464c8.84 0 16-7.16 16-16v-16c0-8.84-7.16-16-16-16zm-387.2-48h22.4c6.4 0 12.8-6.4 12.8-12.8v-70.4c0-6.4-6.4-12.8-12.8-12.8h-22.4c-6.4 0-12.8 6.4-12.8 12.8v70.4c0 6.4 6.4 12.8 12.8 12.8z\" class=\"\"><\/path><\/svg><\/i> <img loading=\"lazy\" decoding=\"async\" width=\"16\" height=\"16\" alt=\"Loading\" src=\"https:\/\/temucotelevision.cl\/web\/wp-content\/plugins\/page-views-count\/ajax-loader-2x.gif\" border=0 \/><\/p><div class=\"pvc_clear\"><\/div>\n<p><em>Los senadores Carmen Gloria Aravena y Jos\u00e9 Garc\u00eda Ruminot lamentaron los destrozos y p\u00e9rdidas invaluables en las municipalidades de Traigu\u00e9n, Ercilla, Curacaut\u00edn, Victoria y Collipulli.<\/em><\/p>\n\n\n\n<p>Los senadores de la Bancada de RN, Carmen Gloria Aravena y Jos\u00e9 Garc\u00eda Ruminot hicieron un llamado al Gobierno a utilizar todas las herramientas que permitan restablecer el orden p\u00fablico, adem\u00e1s de lamentar las invaluables p\u00e9rdidas que sufrieron los municipios de Traigu\u00e9n, Ercilla, Curacaut\u00edn, Victoria y Collipulli.<\/p>\n\n\n\n<p>\u201cTodo esto ser\u00e1 recordado con mucho dolor en La Araucan\u00eda; ciudadanos enfrent\u00e1ndose entre s\u00ed y p\u00e9rdidas millonarias, luego de que quienes manten\u00edan una toma quemaran por completo los municipios de Traigu\u00e9n y Ercilla. En comunas peque\u00f1as todo ocurre en los municipios, es la casa de todos. Trabaj\u00e9 durante a\u00f1os como administradora municipal en Traigu\u00e9n, conozco a mis vecinos y a los funcionarios municipales; las p\u00e9rdidas son millonarias, pero tambi\u00e9n invaluables, puesto que en la Municipalidad de Traigu\u00e9n tambi\u00e9n se encontraba el Registro Civil y un archivo hist\u00f3rico\u201d, sostuvo la senadora Aravena.<\/p>\n\n\n\n<p>Por su parte, el senador Garc\u00eda Ruminot afirm\u00f3 que: \u201cLa situaci\u00f3n en La Araucan\u00eda es insostenible. Estamos en estado de excepci\u00f3n constitucional y ocurren estos hechos de extrema confrontaci\u00f3n y violencia. El Estado debe usar todos los instrumentos a su disposici\u00f3n para garantizar el orden p\u00fablico y que los edificios municipales est\u00e9n al servicio de sus respectivas comunidades\u201d.<\/p>\n\n\n\n<p>Asimismo, la senadora (Independiente pro RN), Carmen Gloria Aravena a\u00f1adi\u00f3: \u201cLa violencia no puede justificarse y no debe ser el camino para llegar a entendimiento. No obstante, entiendo el nivel de frustraci\u00f3n de la ciudadan\u00eda. Son m\u00e1s de 20 a\u00f1os en los que no se ha podido poner fin a un conflicto. Los habitantes de la denominada \u201czona roja\u201d est\u00e1n cansados de perder a seres queridos, sus fuentes de trabajo, sus animales y el esfuerzo de toda una vida. La Araucan\u00eda exige paz, pero tambi\u00e9n justicia y reparaci\u00f3n a quienes han sido v\u00edctimas, durante a\u00f1os, de ataques terroristas\u201d.<\/p>\n\n\n\n<p>Finalmente, los parlamentarios pidieron a sus pares de manera transversal, condenar la violencia como medio de negociaci\u00f3n. Lo senadores se\u00f1alaron que \u201cla violencia no debe ser un medio para nada en una sociedad democr\u00e1tica donde debe respetarse el Estado de Derecho\u201d.<\/p>\n","protected":false},"excerpt":{"rendered":"<div class=\"pvc_clear\"><\/div>\n<p id=\"pvc_stats_12980\" class=\"pvc_stats total_only  \" data-element-id=\"12980\" style=\"\"><i class=\"pvc-stats-icon large\" aria-hidden=\"true\"><svg aria-hidden=\"true\" focusable=\"false\" data-prefix=\"far\" data-icon=\"chart-bar\" role=\"img\" xmlns=\"http:\/\/www.w3.org\/2000\/svg\" viewBox=\"0 0 512 512\" class=\"svg-inline--fa fa-chart-bar fa-w-16 fa-2x\"><path fill=\"currentColor\" d=\"M396.8 352h22.4c6.4 0 12.8-6.4 12.8-12.8V108.8c0-6.4-6.4-12.8-12.8-12.8h-22.4c-6.4 0-12.8 6.4-12.8 12.8v230.4c0 6.4 6.4 12.8 12.8 12.8zm-192 0h22.4c6.4 0 12.8-6.4 12.8-12.8V140.8c0-6.4-6.4-12.8-12.8-12.8h-22.4c-6.4 0-12.8 6.4-12.8 12.8v198.4c0 6.4 6.4 12.8 12.8 12.8zm96 0h22.4c6.4 0 12.8-6.4 12.8-12.8V204.8c0-6.4-6.4-12.8-12.8-12.8h-22.4c-6.4 0-12.8 6.4-12.8 12.8v134.4c0 6.4 6.4 12.8 12.8 12.8zM496 400H48V80c0-8.84-7.16-16-16-16H16C7.16 64 0 71.16 0 80v336c0 17.67 14.33 32 32 32h464c8.84 0 16-7.16 16-16v-16c0-8.84-7.16-16-16-16zm-387.2-48h22.4c6.4 0 12.8-6.4 12.8-12.8v-70.4c0-6.4-6.4-12.8-12.8-12.8h-22.4c-6.4 0-12.8 6.4-12.8 12.8v70.4c0 6.4 6.4 12.8 12.8 12.8z\" class=\"\"><\/path><\/svg><\/i> <img loading=\"lazy\" decoding=\"async\" width=\"16\" height=\"16\" alt=\"Loading\" src=\"https:\/\/temucotelevision.cl\/web\/wp-content\/plugins\/page-views-count\/ajax-loader-2x.gif\" border=0 \/><\/p>\n<div class=\"pvc_clear\"><\/div>\n<p>Los senadores Carmen Gloria Aravena y Jos\u00e9 Garc\u00eda Ruminot lamentaron los destrozos y p\u00e9rdidas invaluables en las municipalidades de Traigu\u00e9n,<\/p>\n","protected":false},"author":1,"featured_media":12981,"comment_status":"open","ping_status":"open","sticky":false,"template":"","format":"standard","meta":{"colormag_page_container_layout":"default_layout","colormag_page_sidebar_layout":"default_layout","footnotes":""},"categories":[84],"tags":[2380,773],"class_list":["post-12980","post","type-post","status-publish","format-standard","has-post-thumbnail","hentry","category-politica","tag-municipios","tag-rn"],"a3_pvc":{"activated":true,"total_views":14,"today_views":0},"_links":{"self":[{"href":"https:\/\/temucotelevision.cl\/web\/wp-json\/wp\/v2\/posts\/12980","targetHints":{"allow":["GET"]}}],"collection":[{"href":"https:\/\/temucotelevision.cl\/web\/wp-json\/wp\/v2\/posts"}],"about":[{"href":"https:\/\/temucotelevision.cl\/web\/wp-json\/wp\/v2\/types\/post"}],"author":[{"embeddable":true,"href":"https:\/\/temucotelevision.cl\/web\/wp-json\/wp\/v2\/users\/1"}],"replies":[{"embeddable":true,"href":"https:\/\/temucotelevision.cl\/web\/wp-json\/wp\/v2\/comments?post=12980"}],"version-history":[{"count":1,"href":"https:\/\/temucotelevision.cl\/web\/wp-json\/wp\/v2\/posts\/12980\/revisions"}],"predecessor-version":[{"id":12982,"href":"https:\/\/temucotelevision.cl\/web\/wp-json\/wp\/v2\/posts\/12980\/revisions\/12982"}],"wp:featuredmedia":[{"embeddable":true,"href":"https:\/\/temucotelevision.cl\/web\/wp-json\/wp\/v2\/media\/12981"}],"wp:attachment":[{"href":"https:\/\/temucotelevision.cl\/web\/wp-json\/wp\/v2\/media?parent=12980"}],"wp:term":[{"taxonomy":"category","embeddable":true,"href":"https:\/\/temucotelevision.cl\/web\/wp-json\/wp\/v2\/categories?post=12980"},{"taxonomy":"post_tag","embeddable":true,"href":"https:\/\/temucotelevision.cl\/web\/wp-json\/wp\/v2\/tags?post=12980"}],"curies":[{"name":"wp","href":"https:\/\/api.w.org\/{rel}","templated":true}]}}