{"id":12978,"date":"2020-08-03T15:47:03","date_gmt":"2020-08-03T18:47:03","guid":{"rendered":"https:\/\/temucotelevision.cl\/web\/?p=12978"},"modified":"2020-08-03T15:47:04","modified_gmt":"2020-08-03T18:47:04","slug":"parlamentarios-de-evopoli-hacemos-un-llamado-a-la-sociedad-civil-y-a-todos-los-politicos-a-movilizarze-por-la-paz","status":"publish","type":"post","link":"https:\/\/temucotelevision.cl\/web\/2020\/08\/03\/parlamentarios-de-evopoli-hacemos-un-llamado-a-la-sociedad-civil-y-a-todos-los-politicos-a-movilizarze-por-la-paz\/","title":{"rendered":"Parlamentarios de Ev\u00f3poli: &#8220;hacemos un llamado a la sociedad civil y a todos los pol\u00edticos a movilizarze por la paz&#8221;"},"content":{"rendered":"<div class=\"pvc_clear\"><\/div><p id=\"pvc_stats_12978\" class=\"pvc_stats total_only  \" data-element-id=\"12978\" style=\"\"><i class=\"pvc-stats-icon large\" aria-hidden=\"true\"><svg aria-hidden=\"true\" focusable=\"false\" data-prefix=\"far\" data-icon=\"chart-bar\" role=\"img\" xmlns=\"http:\/\/www.w3.org\/2000\/svg\" viewBox=\"0 0 512 512\" class=\"svg-inline--fa fa-chart-bar fa-w-16 fa-2x\"><path fill=\"currentColor\" d=\"M396.8 352h22.4c6.4 0 12.8-6.4 12.8-12.8V108.8c0-6.4-6.4-12.8-12.8-12.8h-22.4c-6.4 0-12.8 6.4-12.8 12.8v230.4c0 6.4 6.4 12.8 12.8 12.8zm-192 0h22.4c6.4 0 12.8-6.4 12.8-12.8V140.8c0-6.4-6.4-12.8-12.8-12.8h-22.4c-6.4 0-12.8 6.4-12.8 12.8v198.4c0 6.4 6.4 12.8 12.8 12.8zm96 0h22.4c6.4 0 12.8-6.4 12.8-12.8V204.8c0-6.4-6.4-12.8-12.8-12.8h-22.4c-6.4 0-12.8 6.4-12.8 12.8v134.4c0 6.4 6.4 12.8 12.8 12.8zM496 400H48V80c0-8.84-7.16-16-16-16H16C7.16 64 0 71.16 0 80v336c0 17.67 14.33 32 32 32h464c8.84 0 16-7.16 16-16v-16c0-8.84-7.16-16-16-16zm-387.2-48h22.4c6.4 0 12.8-6.4 12.8-12.8v-70.4c0-6.4-6.4-12.8-12.8-12.8h-22.4c-6.4 0-12.8 6.4-12.8 12.8v70.4c0 6.4 6.4 12.8 12.8 12.8z\" class=\"\"><\/path><\/svg><\/i> <img loading=\"lazy\" decoding=\"async\" width=\"16\" height=\"16\" alt=\"Loading\" src=\"https:\/\/temucotelevision.cl\/web\/wp-content\/plugins\/page-views-count\/ajax-loader-2x.gif\" border=0 \/><\/p><div class=\"pvc_clear\"><\/div>\n<p>Por medio de un comunicado emitido a nuestro medio, parlamentarios de Ev\u00f3poli realizan una declaraci\u00f3n p\u00fablica tras los hechos de violencia en La Araucan\u00eda.<\/p>\n\n\n\n<p><strong>El Estado de derecho debe imponerse en la Araucania. El dialogo solo es posible si hay paz y justicia. Hacemos un llamado a la sociedad civil y a todos los pol\u00edticos a movilizarze decididamente por la paz, especialmente a quienes han sido c\u00f3mplices y guardado silencio frente a la violencia. Deben asumir su responsabilidad, cambiar de actitud, y asumir su responsabilidad para devolverle La Paz a nuestra regi\u00f3n.<\/strong><\/p>\n\n\n\n<ol class=\"wp-block-list\"><li>El Pueblo Mapuche es pacifico, y es una manipulaci\u00f3n burda querer vincularlo con la violencia en la regi\u00f3n de la Araucan\u00eda. El uso de la imagen del Pueblo Mapuche por parte de los violentistas es parte de una estrategia para ocultar acciones criminales y atentados de grupos radicales.<\/li><li>La brutal violencia en la regi\u00f3n es responsabilidad de grupos terroristas, y la impunidad de estos grupos es responsabilidad del mundo pol\u00edtico al permitir la ausencia del Estado de Derecho. Los violentistas son delincuentes profesionales que lucran de la violencia (robo de madera, extorsi\u00f3n, tr\u00e1fico de drogas). Utilizan el nombre del Pueblo Mapuche para ocultar sus cr\u00edmenes y delitos. Su forma de funcionamiento es similar a la de los narcos, operan bajo la l\u00f3gica de la guerrilla y utilizan el miedo, con atentados terroristas.<\/li><li>La impunidad y efectividad de grupos vinculados al crimen organizado cuenta con la complicidad activa y pasiva de diversos pol\u00edticos chilenos. Hace pocos meses La Nueva Mayoria y el Frente Amplio rechaz\u00f3 el proyecto de ley que buscaba tipificar las usurpaciones. Hace pocas semanas atr\u00e1s la Nueva Mayoria y el Frente Amplio rechazaron en el congreso un proyecto de ley que buscaba tipificar el robo de madera, elemento que genera utilidades por 20 millones de d\u00f3lares anuales al crimen organizado. En la actualidad la ley de inteligencia est\u00e1 estancada en el congreso, porque la Nueva Mayoria y el Frente Amplio no quieren que avancen.<\/li><li>La Justicia, el Ministerio P\u00fablico y las polic\u00edas, que dependen del Ministerio de Interior, tambi\u00e9n deben asumir su cuota de responsabilidad y tomar acciones para terminar con la impunidad en la regi\u00f3n. Por mandato constitucional son responsables de investigar, procesar y privar de libertad a los autores materiales e intelectuales de todos los delitos que se han cometido.<\/li><li>En relaci\u00f3n al caos ocurrido hace pocas horas atr\u00e1s, el lunes de esta semana varios municipios fueron tomados por violentistas, y los alcaldes no se atrevieron a pedir el desalojo de sus municipios. Habiendo pasado m\u00e1s de una semana, y por la falta de liderazgo de las autoridades locales, se gener\u00f3 el caos, la violencia entre civiles, expresiones de racismo inaceptables, e incendios en muchos lugares.<\/li><\/ol>\n\n\n\n<p>6. La agenda ind\u00edgena qued\u00f3 estancada luego de la salida del Ministro Moreno, y ese trabajo debe retomarse desde el Ministerio de Desarrollo Social, incluyendo la representaci\u00f3n pol\u00edtica de nuestros pueblos originarios, pero en ning\u00fan caso debemos confundirlo con el combate al terrorismo y a la violencia. Ambos son temas que deben manejarse por cuerdas separadas. De lo contrario se cae en el juego de los violentistas, y se vuelve a estigmatizar al Pueblo Mapuche asoci\u00e1ndolo injustamente a los hechos delictivos del crimen organizado que busca lucrar de la violencia.<\/p>\n\n\n\n<p>Concluimos se\u00f1alando que el Estado de derecho debe imponerse en la Araucania. El di\u00e1logo solo es posible si hay paz y justicia. Hacemos un llamado a todos los parlamentarios a movilizarze decididamente por la paz, especialmente a quienes han sido c\u00f3mplices y guardado silencio frente a la violencia. Deben asumir su responsabilidad, cambiar de actitud, y sumar fuerzas para devolverle La Paz a nuestra regi\u00f3n<\/p>\n\n\n\n<p>Sebasti\u00e1n \u00c1lvarez,  Diputado Ev\u00f3poli, Andr\u00e9s Molina, Diputado Ev\u00f3poli Felipe Kast, Senador Ev\u00f3poli<\/p>\n","protected":false},"excerpt":{"rendered":"<div class=\"pvc_clear\"><\/div>\n<p id=\"pvc_stats_12978\" class=\"pvc_stats total_only  \" data-element-id=\"12978\" style=\"\"><i class=\"pvc-stats-icon large\" aria-hidden=\"true\"><svg aria-hidden=\"true\" focusable=\"false\" data-prefix=\"far\" data-icon=\"chart-bar\" role=\"img\" xmlns=\"http:\/\/www.w3.org\/2000\/svg\" viewBox=\"0 0 512 512\" class=\"svg-inline--fa fa-chart-bar fa-w-16 fa-2x\"><path fill=\"currentColor\" d=\"M396.8 352h22.4c6.4 0 12.8-6.4 12.8-12.8V108.8c0-6.4-6.4-12.8-12.8-12.8h-22.4c-6.4 0-12.8 6.4-12.8 12.8v230.4c0 6.4 6.4 12.8 12.8 12.8zm-192 0h22.4c6.4 0 12.8-6.4 12.8-12.8V140.8c0-6.4-6.4-12.8-12.8-12.8h-22.4c-6.4 0-12.8 6.4-12.8 12.8v198.4c0 6.4 6.4 12.8 12.8 12.8zm96 0h22.4c6.4 0 12.8-6.4 12.8-12.8V204.8c0-6.4-6.4-12.8-12.8-12.8h-22.4c-6.4 0-12.8 6.4-12.8 12.8v134.4c0 6.4 6.4 12.8 12.8 12.8zM496 400H48V80c0-8.84-7.16-16-16-16H16C7.16 64 0 71.16 0 80v336c0 17.67 14.33 32 32 32h464c8.84 0 16-7.16 16-16v-16c0-8.84-7.16-16-16-16zm-387.2-48h22.4c6.4 0 12.8-6.4 12.8-12.8v-70.4c0-6.4-6.4-12.8-12.8-12.8h-22.4c-6.4 0-12.8 6.4-12.8 12.8v70.4c0 6.4 6.4 12.8 12.8 12.8z\" class=\"\"><\/path><\/svg><\/i> <img loading=\"lazy\" decoding=\"async\" width=\"16\" height=\"16\" alt=\"Loading\" src=\"https:\/\/temucotelevision.cl\/web\/wp-content\/plugins\/page-views-count\/ajax-loader-2x.gif\" border=0 \/><\/p>\n<div class=\"pvc_clear\"><\/div>\n<p>Por medio de un comunicado emitido a nuestro medio, parlamentarios de Ev\u00f3poli realizan una declaraci\u00f3n p\u00fablica tras los hechos de<\/p>\n","protected":false},"author":1,"featured_media":9245,"comment_status":"open","ping_status":"open","sticky":false,"template":"","format":"standard","meta":{"colormag_page_container_layout":"default_layout","colormag_page_sidebar_layout":"default_layout","footnotes":""},"categories":[84],"tags":[2438],"class_list":["post-12978","post","type-post","status-publish","format-standard","has-post-thumbnail","hentry","category-politica","tag-declaracion"],"a3_pvc":{"activated":true,"total_views":18,"today_views":0},"_links":{"self":[{"href":"https:\/\/temucotelevision.cl\/web\/wp-json\/wp\/v2\/posts\/12978","targetHints":{"allow":["GET"]}}],"collection":[{"href":"https:\/\/temucotelevision.cl\/web\/wp-json\/wp\/v2\/posts"}],"about":[{"href":"https:\/\/temucotelevision.cl\/web\/wp-json\/wp\/v2\/types\/post"}],"author":[{"embeddable":true,"href":"https:\/\/temucotelevision.cl\/web\/wp-json\/wp\/v2\/users\/1"}],"replies":[{"embeddable":true,"href":"https:\/\/temucotelevision.cl\/web\/wp-json\/wp\/v2\/comments?post=12978"}],"version-history":[{"count":1,"href":"https:\/\/temucotelevision.cl\/web\/wp-json\/wp\/v2\/posts\/12978\/revisions"}],"predecessor-version":[{"id":12979,"href":"https:\/\/temucotelevision.cl\/web\/wp-json\/wp\/v2\/posts\/12978\/revisions\/12979"}],"wp:featuredmedia":[{"embeddable":true,"href":"https:\/\/temucotelevision.cl\/web\/wp-json\/wp\/v2\/media\/9245"}],"wp:attachment":[{"href":"https:\/\/temucotelevision.cl\/web\/wp-json\/wp\/v2\/media?parent=12978"}],"wp:term":[{"taxonomy":"category","embeddable":true,"href":"https:\/\/temucotelevision.cl\/web\/wp-json\/wp\/v2\/categories?post=12978"},{"taxonomy":"post_tag","embeddable":true,"href":"https:\/\/temucotelevision.cl\/web\/wp-json\/wp\/v2\/tags?post=12978"}],"curies":[{"name":"wp","href":"https:\/\/api.w.org\/{rel}","templated":true}]}}