{"id":1297,"date":"2019-02-08T11:41:52","date_gmt":"2019-02-08T14:41:52","guid":{"rendered":"https:\/\/temucotelevision.cl\/web\/?p=1297"},"modified":"2019-02-08T11:41:52","modified_gmt":"2019-02-08T14:41:52","slug":"delincuente-que-huyo-por-techo-y-retuvo-a-una-familia-bajo-amenazas-fue-capturado-por-carabineros","status":"publish","type":"post","link":"https:\/\/temucotelevision.cl\/web\/2019\/02\/08\/delincuente-que-huyo-por-techo-y-retuvo-a-una-familia-bajo-amenazas-fue-capturado-por-carabineros\/","title":{"rendered":"Delincuente que huy\u00f3 por techo y retuvo a una familia bajo amenazas fue capturado por Carabineros"},"content":{"rendered":"<div class=\"pvc_clear\"><\/div>\n<p id=\"pvc_stats_1297\" class=\"pvc_stats total_only  \" data-element-id=\"1297\" style=\"\"><i class=\"pvc-stats-icon large\" aria-hidden=\"true\"><svg aria-hidden=\"true\" focusable=\"false\" data-prefix=\"far\" data-icon=\"chart-bar\" role=\"img\" xmlns=\"http:\/\/www.w3.org\/2000\/svg\" viewBox=\"0 0 512 512\" class=\"svg-inline--fa fa-chart-bar fa-w-16 fa-2x\"><path fill=\"currentColor\" d=\"M396.8 352h22.4c6.4 0 12.8-6.4 12.8-12.8V108.8c0-6.4-6.4-12.8-12.8-12.8h-22.4c-6.4 0-12.8 6.4-12.8 12.8v230.4c0 6.4 6.4 12.8 12.8 12.8zm-192 0h22.4c6.4 0 12.8-6.4 12.8-12.8V140.8c0-6.4-6.4-12.8-12.8-12.8h-22.4c-6.4 0-12.8 6.4-12.8 12.8v198.4c0 6.4 6.4 12.8 12.8 12.8zm96 0h22.4c6.4 0 12.8-6.4 12.8-12.8V204.8c0-6.4-6.4-12.8-12.8-12.8h-22.4c-6.4 0-12.8 6.4-12.8 12.8v134.4c0 6.4 6.4 12.8 12.8 12.8zM496 400H48V80c0-8.84-7.16-16-16-16H16C7.16 64 0 71.16 0 80v336c0 17.67 14.33 32 32 32h464c8.84 0 16-7.16 16-16v-16c0-8.84-7.16-16-16-16zm-387.2-48h22.4c6.4 0 12.8-6.4 12.8-12.8v-70.4c0-6.4-6.4-12.8-12.8-12.8h-22.4c-6.4 0-12.8 6.4-12.8 12.8v70.4c0 6.4 6.4 12.8 12.8 12.8z\" class=\"\"><\/path><\/svg><\/i> <img loading=\"lazy\" decoding=\"async\" width=\"16\" height=\"16\" alt=\"Loading\" src=\"https:\/\/temucotelevision.cl\/web\/wp-content\/plugins\/page-views-count\/ajax-loader-2x.gif\" border=0 \/><\/p>\n<div class=\"pvc_clear\"><\/div>\n<p style=\"text-align: justify;\">El sujeto manten\u00eda una orden de detenci\u00f3n pendiente por el delito de robo con intimidaci\u00f3n e intent\u00f3 por todos los medios evitar ser detenido.<\/p>\n<p style=\"text-align: justify;\">Carabineros de la 2da. Comisar\u00eda de Temuco, logr\u00f3 la detenci\u00f3n de un delincuente con una orden de detenci\u00f3n pendiente por robo con intimidaci\u00f3n, y el delito de secuestro, luego que retuvo contra su voluntad a una familia para intentar evitar ser capturado.<\/p>\n<p style=\"text-align: justify;\">El procedimiento se desarroll\u00f3 en las \u00faltimas horas en el sector Pueblo Nuevo de Temuco, luego que Carabineros que manten\u00edan servicios preventivos iniciaron la persecuci\u00f3n de un veh\u00edculo que se dio a la fuga al ver la presencia policial.<\/p>\n<p style=\"text-align: justify;\">El Mayor Christian Fern\u00e1ndez Opazo, comisario de la 2da. Comisar\u00eda, inform\u00f3 que los sospechosos abandonaron el veh\u00edculo, d\u00e1ndose a la fuga uno de ellos por los techos de las viviendas para luego ingresar a una de ellas y retener bajo amenaza al due\u00f1o de casa y dos adultos mayores para evitar ser detenido.<\/p>\n<p style=\"text-align: justify;\">\u201cAl verificar un domicilio con la puerta semiabierta, carabineros comprob\u00f3 que en el interior estaban las v\u00edctimas amenazadas y se les prohib\u00eda salir por parte de este sujeto\u201d, precis\u00f3 el Mayor Christian Fern\u00e1ndez.<\/p>\n<p style=\"text-align: justify;\">Finalmente, la detenci\u00f3n del sujeto se logr\u00f3 en uno de los dormitorios de la vivienda.<br \/>\nEl detenido, de iniciales A.H.C. de 28 a\u00f1os de edad y un amplio prontuario policial, por instrucci\u00f3n del fiscal de turno, este viernes ser\u00e1 presentado al Juzgado de Garant\u00eda de Temuco para el correspondiente control de la detenci\u00f3n.<\/p>\n","protected":false},"excerpt":{"rendered":"<div class=\"pvc_clear\"><\/div>\n<p id=\"pvc_stats_1297\" class=\"pvc_stats total_only  \" data-element-id=\"1297\" style=\"\"><i class=\"pvc-stats-icon large\" aria-hidden=\"true\"><svg aria-hidden=\"true\" focusable=\"false\" data-prefix=\"far\" data-icon=\"chart-bar\" role=\"img\" xmlns=\"http:\/\/www.w3.org\/2000\/svg\" viewBox=\"0 0 512 512\" class=\"svg-inline--fa fa-chart-bar fa-w-16 fa-2x\"><path fill=\"currentColor\" d=\"M396.8 352h22.4c6.4 0 12.8-6.4 12.8-12.8V108.8c0-6.4-6.4-12.8-12.8-12.8h-22.4c-6.4 0-12.8 6.4-12.8 12.8v230.4c0 6.4 6.4 12.8 12.8 12.8zm-192 0h22.4c6.4 0 12.8-6.4 12.8-12.8V140.8c0-6.4-6.4-12.8-12.8-12.8h-22.4c-6.4 0-12.8 6.4-12.8 12.8v198.4c0 6.4 6.4 12.8 12.8 12.8zm96 0h22.4c6.4 0 12.8-6.4 12.8-12.8V204.8c0-6.4-6.4-12.8-12.8-12.8h-22.4c-6.4 0-12.8 6.4-12.8 12.8v134.4c0 6.4 6.4 12.8 12.8 12.8zM496 400H48V80c0-8.84-7.16-16-16-16H16C7.16 64 0 71.16 0 80v336c0 17.67 14.33 32 32 32h464c8.84 0 16-7.16 16-16v-16c0-8.84-7.16-16-16-16zm-387.2-48h22.4c6.4 0 12.8-6.4 12.8-12.8v-70.4c0-6.4-6.4-12.8-12.8-12.8h-22.4c-6.4 0-12.8 6.4-12.8 12.8v70.4c0 6.4 6.4 12.8 12.8 12.8z\" class=\"\"><\/path><\/svg><\/i> <img loading=\"lazy\" decoding=\"async\" width=\"16\" height=\"16\" alt=\"Loading\" src=\"https:\/\/temucotelevision.cl\/web\/wp-content\/plugins\/page-views-count\/ajax-loader-2x.gif\" border=0 \/><\/p>\n<div class=\"pvc_clear\"><\/div>\n<p>El sujeto manten\u00eda una orden de detenci\u00f3n pendiente por el delito de robo con intimidaci\u00f3n e intent\u00f3 por todos los<\/p>\n","protected":false},"author":1,"featured_media":1298,"comment_status":"open","ping_status":"open","sticky":false,"template":"","format":"standard","meta":{"colormag_page_container_layout":"default_layout","colormag_page_sidebar_layout":"default_layout","footnotes":""},"categories":[16],"tags":[125,419,421,138,338],"class_list":["post-1297","post","type-post","status-publish","format-standard","has-post-thumbnail","hentry","category-policial","tag-carabineros","tag-familia","tag-fuga","tag-robo","tag-sujeto"],"a3_pvc":{"activated":true,"total_views":32,"today_views":0},"_links":{"self":[{"href":"https:\/\/temucotelevision.cl\/web\/wp-json\/wp\/v2\/posts\/1297","targetHints":{"allow":["GET"]}}],"collection":[{"href":"https:\/\/temucotelevision.cl\/web\/wp-json\/wp\/v2\/posts"}],"about":[{"href":"https:\/\/temucotelevision.cl\/web\/wp-json\/wp\/v2\/types\/post"}],"author":[{"embeddable":true,"href":"https:\/\/temucotelevision.cl\/web\/wp-json\/wp\/v2\/users\/1"}],"replies":[{"embeddable":true,"href":"https:\/\/temucotelevision.cl\/web\/wp-json\/wp\/v2\/comments?post=1297"}],"version-history":[{"count":1,"href":"https:\/\/temucotelevision.cl\/web\/wp-json\/wp\/v2\/posts\/1297\/revisions"}],"predecessor-version":[{"id":1299,"href":"https:\/\/temucotelevision.cl\/web\/wp-json\/wp\/v2\/posts\/1297\/revisions\/1299"}],"wp:featuredmedia":[{"embeddable":true,"href":"https:\/\/temucotelevision.cl\/web\/wp-json\/wp\/v2\/media\/1298"}],"wp:attachment":[{"href":"https:\/\/temucotelevision.cl\/web\/wp-json\/wp\/v2\/media?parent=1297"}],"wp:term":[{"taxonomy":"category","embeddable":true,"href":"https:\/\/temucotelevision.cl\/web\/wp-json\/wp\/v2\/categories?post=1297"},{"taxonomy":"post_tag","embeddable":true,"href":"https:\/\/temucotelevision.cl\/web\/wp-json\/wp\/v2\/tags?post=1297"}],"curies":[{"name":"wp","href":"https:\/\/api.w.org\/{rel}","templated":true}]}}