{"id":12961,"date":"2020-08-03T10:47:59","date_gmt":"2020-08-03T13:47:59","guid":{"rendered":"https:\/\/temucotelevision.cl\/web\/?p=12961"},"modified":"2020-08-03T10:52:18","modified_gmt":"2020-08-03T13:52:18","slug":"curacautin-juzgado-de-garantia-prohibe-acercarse-a-la-municipalidad-de-imputados-por-danos-y-rinas-tras-desalojo","status":"publish","type":"post","link":"https:\/\/temucotelevision.cl\/web\/2020\/08\/03\/curacautin-juzgado-de-garantia-prohibe-acercarse-a-la-municipalidad-de-imputados-por-danos-y-rinas-tras-desalojo\/","title":{"rendered":"Curacaut\u00edn: Juzgado de Garant\u00eda proh\u00edbe a imputados acercarse a la Municipalidad por da\u00f1os y ri\u00f1as tras desalojo"},"content":{"rendered":"<div class=\"pvc_clear\"><\/div><p id=\"pvc_stats_12961\" class=\"pvc_stats total_only  \" data-element-id=\"12961\" style=\"\"><i class=\"pvc-stats-icon large\" aria-hidden=\"true\"><svg aria-hidden=\"true\" focusable=\"false\" data-prefix=\"far\" data-icon=\"chart-bar\" role=\"img\" xmlns=\"http:\/\/www.w3.org\/2000\/svg\" viewBox=\"0 0 512 512\" class=\"svg-inline--fa fa-chart-bar fa-w-16 fa-2x\"><path fill=\"currentColor\" d=\"M396.8 352h22.4c6.4 0 12.8-6.4 12.8-12.8V108.8c0-6.4-6.4-12.8-12.8-12.8h-22.4c-6.4 0-12.8 6.4-12.8 12.8v230.4c0 6.4 6.4 12.8 12.8 12.8zm-192 0h22.4c6.4 0 12.8-6.4 12.8-12.8V140.8c0-6.4-6.4-12.8-12.8-12.8h-22.4c-6.4 0-12.8 6.4-12.8 12.8v198.4c0 6.4 6.4 12.8 12.8 12.8zm96 0h22.4c6.4 0 12.8-6.4 12.8-12.8V204.8c0-6.4-6.4-12.8-12.8-12.8h-22.4c-6.4 0-12.8 6.4-12.8 12.8v134.4c0 6.4 6.4 12.8 12.8 12.8zM496 400H48V80c0-8.84-7.16-16-16-16H16C7.16 64 0 71.16 0 80v336c0 17.67 14.33 32 32 32h464c8.84 0 16-7.16 16-16v-16c0-8.84-7.16-16-16-16zm-387.2-48h22.4c6.4 0 12.8-6.4 12.8-12.8v-70.4c0-6.4-6.4-12.8-12.8-12.8h-22.4c-6.4 0-12.8 6.4-12.8 12.8v70.4c0 6.4 6.4 12.8 12.8 12.8z\" class=\"\"><\/path><\/svg><\/i> <img loading=\"lazy\" decoding=\"async\" width=\"16\" height=\"16\" alt=\"Loading\" src=\"https:\/\/temucotelevision.cl\/web\/wp-content\/plugins\/page-views-count\/ajax-loader-2x.gif\" border=0 \/><\/p><div class=\"pvc_clear\"><\/div>\n<p>El Juzgado de Garant\u00eda de Curacaut\u00edn dej\u00f3 ayer \u2013domingo 2 de agosto\u2013 sujetos a las medidas cautelares de firma mensual, arraigo nacional y prohibici\u00f3n de acercarse a la municipalidad local a 19 imputados por el Ministerio P\u00fablico como autores de los delitos consumados de da\u00f1os y ri\u00f1a. Il\u00edcitos que habr\u00edan perpetrado en la v\u00edspera, en el interior e inmediaciones de la casa edilicia.<\/p>\n\n\n\n<p>En la audiencia de formalizaci\u00f3n de la investigaci\u00f3n (causa rol 691-2020), realizada v\u00eda Zoom, la magistrada Marcela Bley Valenzuela acogi\u00f3 las medidas cautelares solicitadas por el Ministerio P\u00fablico, con adhesi\u00f3n del querellante Intendencia Regional, por considerarlas proporcionales a los hechos imputados. Adem\u00e1s fij\u00f3 en dos meses el plazo de investigaci\u00f3n.\u00a0Seg\u00fan el ente persecutor, en horas de la ma\u00f1ana del lunes 27 de julio de 2020, un grupo indeterminado de comuneros mapuches, entre los cuales se encontraban los imputados: Artemio Benjam\u00edn Co\u00f1oep\u00e1n Cifuentes, Domingo Efra\u00edn Co\u00f1oep\u00e1n Cifuentes, Rosa del Carmen Co\u00f1oep\u00e1n Cifuentes, Benjam\u00edn David Curamil Neculqueo, Arturo Patricio Huenchull\u00e1n Colicheo, H\u00e9ctor Fabi\u00e1n Huenul Quilap\u00e1n, Abel Nivaldo Trangol Huirc\u00e1n, V\u00edctor Juvenal Hualla Pichil\u00e9n, Juan Luis Llancam\u00e1n Silva, Alfredo Exequiel Pailahueque Colicheo, Jos\u00e9 Jaime Curamil Millanao, Irma Stephenie Trangol Huenul, Evelyn Maritza Hualla Pichil\u00e9n, Fernanda Alejandra Levi\u00f1ir Levi\u00f1ir, Juana Alejandra Levi\u00f1ir Porma, Graciela Alejandra Hualla Huenchucona, Antonieta Maritza Huenul Quilap\u00e1n, Gabriel Cristi\u00e1n Hualla Huenchucona y Juan Pl\u00e1cido Llaul\u00e9n Llaul\u00e9n, habr\u00edan ingresado a la Municipalidad de Curacuat\u00edn, ubicada en la calle Bernardo O\u00b4Higgins 796 de la comuna, lugar donde, adem\u00e1s, funcionan otros servicios p\u00fablicos, tomando posesi\u00f3n de las dependencias, cerrando el edificio e impidiendo que los funcionarios municipales desarrollaran sus funciones.\u00a0<\/p>\n\n\n\n<p>En dicho contexto, a las 20.30 horas de ayer, s\u00e1bado 1 de agosto de 2020, en el exterior de la municipalidad, en la esquina de las calles O\u00b4Higgins y Yungay, los imputados se enfrentaron con un grupo indeterminado de contra manifestantes, resultando siete de los imputados con lesiones de car\u00e1cter leve. M\u00e1s tarde, al ser desalojados por Carabineros, los imputados habr\u00edan intentado impedir la acci\u00f3n policial lanzando variados objetos, causando da\u00f1os en la infraestructura, mobiliario, equipos y archivos del edificio edilicio.\u00a0<\/p>\n\n\n\n<p><strong>Desalojo Municipalidad de Victoria<\/strong>En tanto, el Juzgado de Garant\u00eda de Victoria no dio a lugar hoy \u2013domingo 2 de agosto\u2013 a decretar medidas cautelares en contra de 16 imputados por el Ministerio P\u00fablico como autores de los delitos consumados de atentado a la autoridad, des\u00f3rdenes, da\u00f1os y de la falta de arrojar piedras u objetos en el espacio p\u00fablico con peligro para las personas. Il\u00edcitos que habr\u00edan perpetrado entre el 27 de julio y la madrugada de hoy, al momento de ser desalojados por carabineros del edificio de la municipalidad de la comuna que se hab\u00edan tomado el lunes.\u00a0<\/p>\n\n\n\n<p>En la audiencia de formalizaci\u00f3n de la investigaci\u00f3n (causa rol 652-2020), realizada v\u00eda Zoom, la magistrada Evelyn Zelaya Latham desestim\u00f3 las medidas cautelares de arraigo regional y la prohibici\u00f3n de acercarse al edificio municipal solicitadas por la fiscal\u00eda y orden\u00f3 la libertad inmediata de los imputados, al desestimar, por ahora, que existan indicios claros de participaci\u00f3n en los il\u00edcitos que se les imputan. Adem\u00e1s, fij\u00f3 en tres meses el plazo de investigaci\u00f3n.\u00a0<\/p>\n\n\n\n<p>En la causa, el tribunal ofici\u00f3 al Ministerio P\u00fablico para que remita las grabaciones de las c\u00e1maras de seguridad de la sucursal de BancoEstado, ubicado en la calle Confederaci\u00f3n Suiza esquina Lagos, de la ciudad de Victoria, para aclarar las circunstancias de la detenci\u00f3n del imputado Alfonso Alejandro Porma Lev\u00edo, quien asegura que fue detenido en las inmediaciones de la entidad bancaria, horas antes y sin relaci\u00f3n alguna con los hechos que se le imputan. <\/p>\n\n\n\n<p>Asimismo, el tribunal acogi\u00f3 la solicitud de las defensas y orden\u00f3 oficiar al Hospital de Victoria para que realice nuevas constataciones de lesiones de imputados que fueron presentados al tribunal con evidentes golpes.\u00a0Seg\u00fan el ente persecutor, el lunes 27 de julio de 2020, un grupo indeterminado de personas entre los que se encontraban los imputados: Edgar Fernando Bayotoro Huenchull\u00e1n, Fabi\u00e1n Ariel Curinao Astudillo, Isa\u00edas Baldemar Huenchull\u00e1n Colihuinca, Rudecindo Juan Huenchull\u00e1n Colihuinca, Carmen Ruth Huenchull\u00e1n Pailahueque, B\u00e1rbara Millaray Huenul Porma, Anselmo Francisco Llanca Llanca, Germini Ivania Pailahueque Catrinao, Carmen Patricia Pailahueque Hualla, Karina Andrea Pitriqueo Porma, Juan Miguel Pitriqueo Torres, Carlos Wladimir Porma Porma, Carmen Rosa Porma Porma, Elizabeth Beatriz Porma Porma, Alfonso Alejandro Porma Lev\u00edo y Hugo Cristi\u00e1n Silva Chavol, habr\u00edan ingresado a la Municipalidad de Victoria, ubicada en la calle General Lagos 680 de la ciudad, lugar donde, adem\u00e1s, funciona otras reparticiones y servicios; tales como: el Servicio de Impuesto Internos, Correos de Chile, Aguas Araucan\u00eda y Registro Civil de la comuna, tomando posesi\u00f3n de las dependencias municipales, cerrando el edificio, impidiendo que los funcionarios municipales desarrollaran sus funciones.\u00a0Toma que se prolong\u00f3 hasta la 0.15 hora de la madrugada de hoy, domingo 2 de agosto de 2020, cuando fueron desalojados del lugar por efectivos de Fuerzas Especiales de Carabineros. <\/p>\n\n\n\n<p>Procedimiento que encontr\u00f3 la resistencia de los ocupantes, quienes habr\u00edan arrojado objetos contundentes, como piedras y palos, al personal policial, causando da\u00f1os en el edificio municipal y en protectores faciales de tres uniformados.\u00a0que encontr\u00f3 la resistencia de los ocupantes, quienes habr\u00edan arrojado objetos contundentes, como piedras y palos, al personal policial, causando da\u00f1os en el edificio municipal y en protectores faciales de tres uniformados.<\/p>\n","protected":false},"excerpt":{"rendered":"<div class=\"pvc_clear\"><\/div>\n<p id=\"pvc_stats_12961\" class=\"pvc_stats total_only  \" data-element-id=\"12961\" style=\"\"><i class=\"pvc-stats-icon large\" aria-hidden=\"true\"><svg aria-hidden=\"true\" focusable=\"false\" data-prefix=\"far\" data-icon=\"chart-bar\" role=\"img\" xmlns=\"http:\/\/www.w3.org\/2000\/svg\" viewBox=\"0 0 512 512\" class=\"svg-inline--fa fa-chart-bar fa-w-16 fa-2x\"><path fill=\"currentColor\" d=\"M396.8 352h22.4c6.4 0 12.8-6.4 12.8-12.8V108.8c0-6.4-6.4-12.8-12.8-12.8h-22.4c-6.4 0-12.8 6.4-12.8 12.8v230.4c0 6.4 6.4 12.8 12.8 12.8zm-192 0h22.4c6.4 0 12.8-6.4 12.8-12.8V140.8c0-6.4-6.4-12.8-12.8-12.8h-22.4c-6.4 0-12.8 6.4-12.8 12.8v198.4c0 6.4 6.4 12.8 12.8 12.8zm96 0h22.4c6.4 0 12.8-6.4 12.8-12.8V204.8c0-6.4-6.4-12.8-12.8-12.8h-22.4c-6.4 0-12.8 6.4-12.8 12.8v134.4c0 6.4 6.4 12.8 12.8 12.8zM496 400H48V80c0-8.84-7.16-16-16-16H16C7.16 64 0 71.16 0 80v336c0 17.67 14.33 32 32 32h464c8.84 0 16-7.16 16-16v-16c0-8.84-7.16-16-16-16zm-387.2-48h22.4c6.4 0 12.8-6.4 12.8-12.8v-70.4c0-6.4-6.4-12.8-12.8-12.8h-22.4c-6.4 0-12.8 6.4-12.8 12.8v70.4c0 6.4 6.4 12.8 12.8 12.8z\" class=\"\"><\/path><\/svg><\/i> <img loading=\"lazy\" decoding=\"async\" width=\"16\" height=\"16\" alt=\"Loading\" src=\"https:\/\/temucotelevision.cl\/web\/wp-content\/plugins\/page-views-count\/ajax-loader-2x.gif\" border=0 \/><\/p>\n<div class=\"pvc_clear\"><\/div>\n<p>El Juzgado de Garant\u00eda de Curacaut\u00edn dej\u00f3 ayer \u2013domingo 2 de agosto\u2013 sujetos a las medidas cautelares de firma mensual,<\/p>\n","protected":false},"author":1,"featured_media":12962,"comment_status":"open","ping_status":"open","sticky":false,"template":"","format":"standard","meta":{"colormag_page_container_layout":"default_layout","colormag_page_sidebar_layout":"default_layout","footnotes":""},"categories":[15],"tags":[2024],"class_list":["post-12961","post","type-post","status-publish","format-standard","has-post-thumbnail","hentry","category-la-araucania","tag-imputados"],"a3_pvc":{"activated":true,"total_views":132,"today_views":0},"_links":{"self":[{"href":"https:\/\/temucotelevision.cl\/web\/wp-json\/wp\/v2\/posts\/12961","targetHints":{"allow":["GET"]}}],"collection":[{"href":"https:\/\/temucotelevision.cl\/web\/wp-json\/wp\/v2\/posts"}],"about":[{"href":"https:\/\/temucotelevision.cl\/web\/wp-json\/wp\/v2\/types\/post"}],"author":[{"embeddable":true,"href":"https:\/\/temucotelevision.cl\/web\/wp-json\/wp\/v2\/users\/1"}],"replies":[{"embeddable":true,"href":"https:\/\/temucotelevision.cl\/web\/wp-json\/wp\/v2\/comments?post=12961"}],"version-history":[{"count":4,"href":"https:\/\/temucotelevision.cl\/web\/wp-json\/wp\/v2\/posts\/12961\/revisions"}],"predecessor-version":[{"id":12967,"href":"https:\/\/temucotelevision.cl\/web\/wp-json\/wp\/v2\/posts\/12961\/revisions\/12967"}],"wp:featuredmedia":[{"embeddable":true,"href":"https:\/\/temucotelevision.cl\/web\/wp-json\/wp\/v2\/media\/12962"}],"wp:attachment":[{"href":"https:\/\/temucotelevision.cl\/web\/wp-json\/wp\/v2\/media?parent=12961"}],"wp:term":[{"taxonomy":"category","embeddable":true,"href":"https:\/\/temucotelevision.cl\/web\/wp-json\/wp\/v2\/categories?post=12961"},{"taxonomy":"post_tag","embeddable":true,"href":"https:\/\/temucotelevision.cl\/web\/wp-json\/wp\/v2\/tags?post=12961"}],"curies":[{"name":"wp","href":"https:\/\/api.w.org\/{rel}","templated":true}]}}