{"id":12954,"date":"2020-08-02T18:00:13","date_gmt":"2020-08-02T21:00:13","guid":{"rendered":"https:\/\/temucotelevision.cl\/web\/?p=12954"},"modified":"2020-08-02T18:00:15","modified_gmt":"2020-08-02T21:00:15","slug":"ana-llao-werken-admapu-el-ministro-y-su-gobierno-son-los-responsables-frente-a-la-nula-respuesta-a-los-ppm","status":"publish","type":"post","link":"https:\/\/temucotelevision.cl\/web\/2020\/08\/02\/ana-llao-werken-admapu-el-ministro-y-su-gobierno-son-los-responsables-frente-a-la-nula-respuesta-a-los-ppm\/","title":{"rendered":"Ana Llao Werken Admapu: &#8220;El Ministro y su gobierno son los responsables frente a la nula respuesta a los PPM&#8221;"},"content":{"rendered":"<div class=\"pvc_clear\"><\/div><p id=\"pvc_stats_12954\" class=\"pvc_stats total_only  \" data-element-id=\"12954\" style=\"\"><i class=\"pvc-stats-icon large\" aria-hidden=\"true\"><svg aria-hidden=\"true\" focusable=\"false\" data-prefix=\"far\" data-icon=\"chart-bar\" role=\"img\" xmlns=\"http:\/\/www.w3.org\/2000\/svg\" viewBox=\"0 0 512 512\" class=\"svg-inline--fa fa-chart-bar fa-w-16 fa-2x\"><path fill=\"currentColor\" d=\"M396.8 352h22.4c6.4 0 12.8-6.4 12.8-12.8V108.8c0-6.4-6.4-12.8-12.8-12.8h-22.4c-6.4 0-12.8 6.4-12.8 12.8v230.4c0 6.4 6.4 12.8 12.8 12.8zm-192 0h22.4c6.4 0 12.8-6.4 12.8-12.8V140.8c0-6.4-6.4-12.8-12.8-12.8h-22.4c-6.4 0-12.8 6.4-12.8 12.8v198.4c0 6.4 6.4 12.8 12.8 12.8zm96 0h22.4c6.4 0 12.8-6.4 12.8-12.8V204.8c0-6.4-6.4-12.8-12.8-12.8h-22.4c-6.4 0-12.8 6.4-12.8 12.8v134.4c0 6.4 6.4 12.8 12.8 12.8zM496 400H48V80c0-8.84-7.16-16-16-16H16C7.16 64 0 71.16 0 80v336c0 17.67 14.33 32 32 32h464c8.84 0 16-7.16 16-16v-16c0-8.84-7.16-16-16-16zm-387.2-48h22.4c6.4 0 12.8-6.4 12.8-12.8v-70.4c0-6.4-6.4-12.8-12.8-12.8h-22.4c-6.4 0-12.8 6.4-12.8 12.8v70.4c0 6.4 6.4 12.8 12.8 12.8z\" class=\"\"><\/path><\/svg><\/i> <img loading=\"lazy\" decoding=\"async\" width=\"16\" height=\"16\" alt=\"Loading\" src=\"https:\/\/temucotelevision.cl\/web\/wp-content\/plugins\/page-views-count\/ajax-loader-2x.gif\" border=0 \/><\/p><div class=\"pvc_clear\"><\/div>\n<p><strong>Por actos racistas y violencia en Traiguen, Ercilla, Curacautin y Victoria<\/strong><\/p>\n\n\n\n<p>La Werken de la organizaci\u00f3n mapuche Admapu, Ana Lla\u00f3 conden\u00f3 el accionar racista, colonialista y fascista de ciudadanos que, amparados por el Gobierno y por Carabineros, atacaron a los comuneros que se manten\u00edan en toma de los municipios frente a la falta de respuestas del Ministro de Justicia sobre las demandas planteadas por los presos pol\u00edticos mapuche en huelga en Angol, Lebu y Temuco<\/p>\n\n\n\n<p>Llao expres\u00f3 que \u201cel gobierno, el Ministro P\u00e9rez Varela y los agricultores de APRA con Gloria Naveillan son los responsables de incitar al racismo, a la violencia y terrorismo de Estado, por lo que tendr\u00e1n que responder por este ilegal procedimiento junto a civiles en pleno toque de queda, sin exigencias sanitarias y con personas armadas con elementos contundentes para activar estos desalojos promovidos por activistas de ultraderecha de Malleco\u201d.<\/p>\n\n\n\n<p>\u201cEste hecho viene a recordar que en este territorio<strong>&nbsp;<\/strong>existe el racismo y que no solo lo llevan adelante los grandes terratenientes que nos usurparon las tierras sino aun tambi\u00e9n de aquel pueblo chileno, mestizo, empobrecido e ignorante. Lo de anoche dejo claro la indolencia de un sector de la ciudadan\u00eda que no entiende nada de historia y deja en evidencia el largo camino que falta por recorrer\u201d, coment\u00f3.<\/p>\n\n\n\n<p>Ana Llao agreg\u00f3 que \u201cel gobierno es el principal responsable al no dar ninguna apertura a las demandas de los PPM, quienes fundamentan sus peticiones en la implementaci\u00f3n del C. 169, en lo relativo a la forma de cumplir cautelares u forma de cumplimiento de condenas. Es un Tratado Internacional que ni las autoridades ni los Jueces han tenido a la vista a la hora de aplicar las leyes en territorio\u201d.<\/p>\n\n\n\n<p>La dirigente mapuche formul\u00f3 un llamado a las comunidades, organizaciones y asociaciones mapuche y chilena, \u201cque se identifican con la historia de nuestro pueblo, a resistir frente a lo vivido anoche, sobre todo ante las medidas represivas y policiales que son utilizadas por sobre el dialogo al cual siempre hemos estado disponibles desde hace d\u00e9cadas\u201d.<\/p>\n\n\n\n<p>Por \u00faltimo, Ana Llao fustig\u00f3 la inacci\u00f3n de Carabineros frente a los hechos de violencia en la zona, sin embargo, a pesar de ello,&nbsp;recalc\u00f3, \u201cseguiremos en la defensa de la tierra, denunciando el racismo que existe en la sociedad y si tenemos que seguir avanzando nuestro propio camino lo haremos con o sin aliados ya que esto nos remece la memoria y la conciencia de que poco ha cambiado estos a\u00f1os de ocupaci\u00f3n de nuestros territorios&#8221;<\/p>\n","protected":false},"excerpt":{"rendered":"<div class=\"pvc_clear\"><\/div>\n<p id=\"pvc_stats_12954\" class=\"pvc_stats total_only  \" data-element-id=\"12954\" style=\"\"><i class=\"pvc-stats-icon large\" aria-hidden=\"true\"><svg aria-hidden=\"true\" focusable=\"false\" data-prefix=\"far\" data-icon=\"chart-bar\" role=\"img\" xmlns=\"http:\/\/www.w3.org\/2000\/svg\" viewBox=\"0 0 512 512\" class=\"svg-inline--fa fa-chart-bar fa-w-16 fa-2x\"><path fill=\"currentColor\" d=\"M396.8 352h22.4c6.4 0 12.8-6.4 12.8-12.8V108.8c0-6.4-6.4-12.8-12.8-12.8h-22.4c-6.4 0-12.8 6.4-12.8 12.8v230.4c0 6.4 6.4 12.8 12.8 12.8zm-192 0h22.4c6.4 0 12.8-6.4 12.8-12.8V140.8c0-6.4-6.4-12.8-12.8-12.8h-22.4c-6.4 0-12.8 6.4-12.8 12.8v198.4c0 6.4 6.4 12.8 12.8 12.8zm96 0h22.4c6.4 0 12.8-6.4 12.8-12.8V204.8c0-6.4-6.4-12.8-12.8-12.8h-22.4c-6.4 0-12.8 6.4-12.8 12.8v134.4c0 6.4 6.4 12.8 12.8 12.8zM496 400H48V80c0-8.84-7.16-16-16-16H16C7.16 64 0 71.16 0 80v336c0 17.67 14.33 32 32 32h464c8.84 0 16-7.16 16-16v-16c0-8.84-7.16-16-16-16zm-387.2-48h22.4c6.4 0 12.8-6.4 12.8-12.8v-70.4c0-6.4-6.4-12.8-12.8-12.8h-22.4c-6.4 0-12.8 6.4-12.8 12.8v70.4c0 6.4 6.4 12.8 12.8 12.8z\" class=\"\"><\/path><\/svg><\/i> <img loading=\"lazy\" decoding=\"async\" width=\"16\" height=\"16\" alt=\"Loading\" src=\"https:\/\/temucotelevision.cl\/web\/wp-content\/plugins\/page-views-count\/ajax-loader-2x.gif\" border=0 \/><\/p>\n<div class=\"pvc_clear\"><\/div>\n<p>Por actos racistas y violencia en Traiguen, Ercilla, Curacautin y Victoria La Werken de la organizaci\u00f3n mapuche Admapu, Ana Lla\u00f3<\/p>\n","protected":false},"author":1,"featured_media":12955,"comment_status":"open","ping_status":"open","sticky":false,"template":"","format":"standard","meta":{"colormag_page_container_layout":"default_layout","colormag_page_sidebar_layout":"default_layout","footnotes":""},"categories":[15],"tags":[1552,2840],"class_list":["post-12954","post","type-post","status-publish","format-standard","has-post-thumbnail","hentry","category-la-araucania","tag-ana-llao","tag-ppm"],"a3_pvc":{"activated":true,"total_views":57,"today_views":0},"_links":{"self":[{"href":"https:\/\/temucotelevision.cl\/web\/wp-json\/wp\/v2\/posts\/12954","targetHints":{"allow":["GET"]}}],"collection":[{"href":"https:\/\/temucotelevision.cl\/web\/wp-json\/wp\/v2\/posts"}],"about":[{"href":"https:\/\/temucotelevision.cl\/web\/wp-json\/wp\/v2\/types\/post"}],"author":[{"embeddable":true,"href":"https:\/\/temucotelevision.cl\/web\/wp-json\/wp\/v2\/users\/1"}],"replies":[{"embeddable":true,"href":"https:\/\/temucotelevision.cl\/web\/wp-json\/wp\/v2\/comments?post=12954"}],"version-history":[{"count":1,"href":"https:\/\/temucotelevision.cl\/web\/wp-json\/wp\/v2\/posts\/12954\/revisions"}],"predecessor-version":[{"id":12956,"href":"https:\/\/temucotelevision.cl\/web\/wp-json\/wp\/v2\/posts\/12954\/revisions\/12956"}],"wp:featuredmedia":[{"embeddable":true,"href":"https:\/\/temucotelevision.cl\/web\/wp-json\/wp\/v2\/media\/12955"}],"wp:attachment":[{"href":"https:\/\/temucotelevision.cl\/web\/wp-json\/wp\/v2\/media?parent=12954"}],"wp:term":[{"taxonomy":"category","embeddable":true,"href":"https:\/\/temucotelevision.cl\/web\/wp-json\/wp\/v2\/categories?post=12954"},{"taxonomy":"post_tag","embeddable":true,"href":"https:\/\/temucotelevision.cl\/web\/wp-json\/wp\/v2\/tags?post=12954"}],"curies":[{"name":"wp","href":"https:\/\/api.w.org\/{rel}","templated":true}]}}