{"id":12950,"date":"2020-08-02T17:48:21","date_gmt":"2020-08-02T20:48:21","guid":{"rendered":"https:\/\/temucotelevision.cl\/web\/?p=12950"},"modified":"2020-08-02T17:51:00","modified_gmt":"2020-08-02T20:51:00","slug":"diputado-ricardo-celis-impulsara-comision-investigadora-por-hechos-de-violencia-en-la-araucania","status":"publish","type":"post","link":"https:\/\/temucotelevision.cl\/web\/2020\/08\/02\/diputado-ricardo-celis-impulsara-comision-investigadora-por-hechos-de-violencia-en-la-araucania\/","title":{"rendered":"Diputado Ricardo Celis impulsar\u00e1 comisi\u00f3n investigadora por hechos de violencia en La Araucan\u00eda"},"content":{"rendered":"<div class=\"pvc_clear\"><\/div><p id=\"pvc_stats_12950\" class=\"pvc_stats total_only  \" data-element-id=\"12950\" style=\"\"><i class=\"pvc-stats-icon large\" aria-hidden=\"true\"><svg aria-hidden=\"true\" focusable=\"false\" data-prefix=\"far\" data-icon=\"chart-bar\" role=\"img\" xmlns=\"http:\/\/www.w3.org\/2000\/svg\" viewBox=\"0 0 512 512\" class=\"svg-inline--fa fa-chart-bar fa-w-16 fa-2x\"><path fill=\"currentColor\" d=\"M396.8 352h22.4c6.4 0 12.8-6.4 12.8-12.8V108.8c0-6.4-6.4-12.8-12.8-12.8h-22.4c-6.4 0-12.8 6.4-12.8 12.8v230.4c0 6.4 6.4 12.8 12.8 12.8zm-192 0h22.4c6.4 0 12.8-6.4 12.8-12.8V140.8c0-6.4-6.4-12.8-12.8-12.8h-22.4c-6.4 0-12.8 6.4-12.8 12.8v198.4c0 6.4 6.4 12.8 12.8 12.8zm96 0h22.4c6.4 0 12.8-6.4 12.8-12.8V204.8c0-6.4-6.4-12.8-12.8-12.8h-22.4c-6.4 0-12.8 6.4-12.8 12.8v134.4c0 6.4 6.4 12.8 12.8 12.8zM496 400H48V80c0-8.84-7.16-16-16-16H16C7.16 64 0 71.16 0 80v336c0 17.67 14.33 32 32 32h464c8.84 0 16-7.16 16-16v-16c0-8.84-7.16-16-16-16zm-387.2-48h22.4c6.4 0 12.8-6.4 12.8-12.8v-70.4c0-6.4-6.4-12.8-12.8-12.8h-22.4c-6.4 0-12.8 6.4-12.8 12.8v70.4c0 6.4 6.4 12.8 12.8 12.8z\" class=\"\"><\/path><\/svg><\/i> <img loading=\"lazy\" decoding=\"async\" width=\"16\" height=\"16\" alt=\"Loading\" src=\"https:\/\/temucotelevision.cl\/web\/wp-content\/plugins\/page-views-count\/ajax-loader-2x.gif\" border=0 \/><\/p><div class=\"pvc_clear\"><\/div>\n<p>Como muy preocupante calific\u00f3 el diputado Ricardo Celis los hechos de violencia ocurridos anoche en cuatro comunas de La Araucan\u00eda, donde se produjeron desalojos ciudadanos de recintos municipales en horas de toque de queda.<\/p>\n\n\n\n<p>Esto describe la situaci\u00f3n de Curacaut\u00edn, Ercilla, Traigu\u00e9n y Victoria, comunas que vieron como adem\u00e1s sus edificios consistoriales fueron v\u00edctimas del fuego y todo lo cual tiene como responsable las erradas pol\u00edticas tomadas por el Estado de Chile respecto de la situaci\u00f3n de los pueblos ind\u00edgenas.<\/p>\n\n\n\n<p>\u201cSubyace ac\u00e1 un tema que tiene que ver con la historia y la instalaci\u00f3n del Estado en La Araucan\u00eda. Hay demandas hist\u00f3ricas no resueltas, pendientes a\u00fan luego del retorno a la democracia\u201d indic\u00f3 el diputado Celis en una declaraci\u00f3n p\u00fablica que hizo llegar a los medios de comunicaci\u00f3n en horas de este domingo.<\/p>\n\n\n\n<p>El parlamentario aludi\u00f3 a la falta de hitos importantes desde la promulgaci\u00f3n de la Ley Ind\u00edgena: \u201cQuiz\u00e1s luego de la promulgaci\u00f3n de la Ley Ind\u00edgena tampoco hubo hitos pol\u00edticos relevantes ni pol\u00edticas p\u00fablicas que resuelvan efectivamente estas demandas. Hoy en d\u00eda solo plasman recomendaciones que han quedado en papel y varias comisiones presidenciales cuyas recomendaciones tampoco han sido llevadas adelante con la energ\u00eda necesaria para resolver un problema pol\u00edtico de esta magnitud\u201d<\/p>\n\n\n\n<p>El legislador se\u00f1al\u00f3 que en su rol de fiscalizador impulsar\u00e1 una Comisi\u00f3n Especial Investigadora &nbsp;de los actos de Gobierno respecto a la gesti\u00f3n de hechos de violencia y en particular con lo ocurrido el d\u00eda de ayer en la provincia de Malleco, donde en pleno toque de queda se evidenci\u00f3 que hubo circulaci\u00f3n de civiles<\/p>\n","protected":false},"excerpt":{"rendered":"<div class=\"pvc_clear\"><\/div>\n<p id=\"pvc_stats_12950\" class=\"pvc_stats total_only  \" data-element-id=\"12950\" style=\"\"><i class=\"pvc-stats-icon large\" aria-hidden=\"true\"><svg aria-hidden=\"true\" focusable=\"false\" data-prefix=\"far\" data-icon=\"chart-bar\" role=\"img\" xmlns=\"http:\/\/www.w3.org\/2000\/svg\" viewBox=\"0 0 512 512\" class=\"svg-inline--fa fa-chart-bar fa-w-16 fa-2x\"><path fill=\"currentColor\" d=\"M396.8 352h22.4c6.4 0 12.8-6.4 12.8-12.8V108.8c0-6.4-6.4-12.8-12.8-12.8h-22.4c-6.4 0-12.8 6.4-12.8 12.8v230.4c0 6.4 6.4 12.8 12.8 12.8zm-192 0h22.4c6.4 0 12.8-6.4 12.8-12.8V140.8c0-6.4-6.4-12.8-12.8-12.8h-22.4c-6.4 0-12.8 6.4-12.8 12.8v198.4c0 6.4 6.4 12.8 12.8 12.8zm96 0h22.4c6.4 0 12.8-6.4 12.8-12.8V204.8c0-6.4-6.4-12.8-12.8-12.8h-22.4c-6.4 0-12.8 6.4-12.8 12.8v134.4c0 6.4 6.4 12.8 12.8 12.8zM496 400H48V80c0-8.84-7.16-16-16-16H16C7.16 64 0 71.16 0 80v336c0 17.67 14.33 32 32 32h464c8.84 0 16-7.16 16-16v-16c0-8.84-7.16-16-16-16zm-387.2-48h22.4c6.4 0 12.8-6.4 12.8-12.8v-70.4c0-6.4-6.4-12.8-12.8-12.8h-22.4c-6.4 0-12.8 6.4-12.8 12.8v70.4c0 6.4 6.4 12.8 12.8 12.8z\" class=\"\"><\/path><\/svg><\/i> <img loading=\"lazy\" decoding=\"async\" width=\"16\" height=\"16\" alt=\"Loading\" src=\"https:\/\/temucotelevision.cl\/web\/wp-content\/plugins\/page-views-count\/ajax-loader-2x.gif\" border=0 \/><\/p>\n<div class=\"pvc_clear\"><\/div>\n<p>Como muy preocupante calific\u00f3 el diputado Ricardo Celis los hechos de violencia ocurridos anoche en cuatro comunas de La Araucan\u00eda,<\/p>\n","protected":false},"author":1,"featured_media":12480,"comment_status":"open","ping_status":"open","sticky":false,"template":"","format":"standard","meta":{"colormag_page_container_layout":"default_layout","colormag_page_sidebar_layout":"default_layout","footnotes":""},"categories":[84],"tags":[154,2380],"class_list":["post-12950","post","type-post","status-publish","format-standard","has-post-thumbnail","hentry","category-politica","tag-diputado","tag-municipios"],"a3_pvc":{"activated":true,"total_views":9,"today_views":0},"_links":{"self":[{"href":"https:\/\/temucotelevision.cl\/web\/wp-json\/wp\/v2\/posts\/12950","targetHints":{"allow":["GET"]}}],"collection":[{"href":"https:\/\/temucotelevision.cl\/web\/wp-json\/wp\/v2\/posts"}],"about":[{"href":"https:\/\/temucotelevision.cl\/web\/wp-json\/wp\/v2\/types\/post"}],"author":[{"embeddable":true,"href":"https:\/\/temucotelevision.cl\/web\/wp-json\/wp\/v2\/users\/1"}],"replies":[{"embeddable":true,"href":"https:\/\/temucotelevision.cl\/web\/wp-json\/wp\/v2\/comments?post=12950"}],"version-history":[{"count":2,"href":"https:\/\/temucotelevision.cl\/web\/wp-json\/wp\/v2\/posts\/12950\/revisions"}],"predecessor-version":[{"id":12952,"href":"https:\/\/temucotelevision.cl\/web\/wp-json\/wp\/v2\/posts\/12950\/revisions\/12952"}],"wp:featuredmedia":[{"embeddable":true,"href":"https:\/\/temucotelevision.cl\/web\/wp-json\/wp\/v2\/media\/12480"}],"wp:attachment":[{"href":"https:\/\/temucotelevision.cl\/web\/wp-json\/wp\/v2\/media?parent=12950"}],"wp:term":[{"taxonomy":"category","embeddable":true,"href":"https:\/\/temucotelevision.cl\/web\/wp-json\/wp\/v2\/categories?post=12950"},{"taxonomy":"post_tag","embeddable":true,"href":"https:\/\/temucotelevision.cl\/web\/wp-json\/wp\/v2\/tags?post=12950"}],"curies":[{"name":"wp","href":"https:\/\/api.w.org\/{rel}","templated":true}]}}