{"id":12947,"date":"2020-08-02T14:09:54","date_gmt":"2020-08-02T17:09:54","guid":{"rendered":"https:\/\/temucotelevision.cl\/web\/?p=12947"},"modified":"2020-08-02T14:09:55","modified_gmt":"2020-08-02T17:09:55","slug":"diputada-andrea-parra-anoche-presenciamos-una-de-las-jornadas-mas-oscuras-de-la-historia","status":"publish","type":"post","link":"https:\/\/temucotelevision.cl\/web\/2020\/08\/02\/diputada-andrea-parra-anoche-presenciamos-una-de-las-jornadas-mas-oscuras-de-la-historia\/","title":{"rendered":"Diputada Andrea Parra: &#8220;anoche presenciamos una de las jornadas m\u00e1s oscuras de la historia&#8221;"},"content":{"rendered":"<div class=\"pvc_clear\"><\/div><p id=\"pvc_stats_12947\" class=\"pvc_stats total_only  \" data-element-id=\"12947\" style=\"\"><i class=\"pvc-stats-icon large\" aria-hidden=\"true\"><svg aria-hidden=\"true\" focusable=\"false\" data-prefix=\"far\" data-icon=\"chart-bar\" role=\"img\" xmlns=\"http:\/\/www.w3.org\/2000\/svg\" viewBox=\"0 0 512 512\" class=\"svg-inline--fa fa-chart-bar fa-w-16 fa-2x\"><path fill=\"currentColor\" d=\"M396.8 352h22.4c6.4 0 12.8-6.4 12.8-12.8V108.8c0-6.4-6.4-12.8-12.8-12.8h-22.4c-6.4 0-12.8 6.4-12.8 12.8v230.4c0 6.4 6.4 12.8 12.8 12.8zm-192 0h22.4c6.4 0 12.8-6.4 12.8-12.8V140.8c0-6.4-6.4-12.8-12.8-12.8h-22.4c-6.4 0-12.8 6.4-12.8 12.8v198.4c0 6.4 6.4 12.8 12.8 12.8zm96 0h22.4c6.4 0 12.8-6.4 12.8-12.8V204.8c0-6.4-6.4-12.8-12.8-12.8h-22.4c-6.4 0-12.8 6.4-12.8 12.8v134.4c0 6.4 6.4 12.8 12.8 12.8zM496 400H48V80c0-8.84-7.16-16-16-16H16C7.16 64 0 71.16 0 80v336c0 17.67 14.33 32 32 32h464c8.84 0 16-7.16 16-16v-16c0-8.84-7.16-16-16-16zm-387.2-48h22.4c6.4 0 12.8-6.4 12.8-12.8v-70.4c0-6.4-6.4-12.8-12.8-12.8h-22.4c-6.4 0-12.8 6.4-12.8 12.8v70.4c0 6.4 6.4 12.8 12.8 12.8z\" class=\"\"><\/path><\/svg><\/i> <img loading=\"lazy\" decoding=\"async\" width=\"16\" height=\"16\" alt=\"Loading\" src=\"https:\/\/temucotelevision.cl\/web\/wp-content\/plugins\/page-views-count\/ajax-loader-2x.gif\" border=0 \/><\/p><div class=\"pvc_clear\"><\/div>\n<p>Anoche presenciamos una de las jornadas m\u00e1s oscuras de la historia reciente de la Araucan\u00eda. Nuestras ciudades fueron presa de la furia pero tambi\u00e9n del abandono de quienes, por deber constitucional e institucional, deb\u00edan evitar que impere la violencia, el desorden y el abuso.&nbsp;<\/p>\n\n\n\n<p>Diversas Municipalidades de nuestra regi\u00f3n fueron tomadas por grupos radicalizados, perjudicando en funcionamiento de ellas en una situaci\u00f3n cr\u00edtica por la pandemia sanitaria y social. Era evidente que la prioridad debi\u00f3 ser la vuelta a la normalidad. Los Alcaldes hicieron m\u00faltiples gestiones y enviaron los oficios correspondientes para volver a entregar su servicio primordial.<\/p>\n\n\n\n<p>Pero pasaron los d\u00edas y la respuesta de las autoridades del Ministerio del Interior nunca llegaron. Pero, adem\u00e1s, nuestra regi\u00f3n est\u00e1 en estado de excepci\u00f3n constitucional con un jefe militar que, al parecer, nunca se enter\u00f3 de lo que ocurr\u00eda en 5 comunas de La Araucan\u00eda.<\/p>\n\n\n\n<p>Asumi\u00f3 el nuevo Ministro del Interior y sus primeras palabras, desafiantes, fueron para decir que estaba preocupado por la falta de paz de la Araucan\u00eda, en la jornada siguiente visit\u00f3 la zona y \u00bfQu\u00e9 hizo? \u00bfReunirse con alguno de los Alcaldes que ped\u00edan el actuar del gobierno? Nada de eso, en la escalinata del avi\u00f3n tras su fugaz visita solo mencion\u00f3 que las autoridades municipales eran responsables por no pedir los desalojos y que deb\u00edan hacerlo.<\/p>\n\n\n\n<p>Desidia e ineptitud debiera llamarse esta mala novela.&nbsp;\u00bfEsta es la preocupaci\u00f3n del Ministro P\u00e9rez? \u00bfDejar que los grupos radicalizados se tomen la agenda?<\/p>\n\n\n\n<p>Quiero ser clara, no queremos ser una tierra sin ley, donde el m\u00e1s fuerte o la irracionalidad se imponen. Necesitamos un Estado y sus autoridades m\u00e1s presentes, para garantizar el orden y tambi\u00e9n para proveer pol\u00edticas p\u00fablicas adecuadas a las m\u00faltiples carencias de nuestra regi\u00f3n. Por \u00faltimo, cuando la Rep\u00fablica deja de funcionar reina el desorden, las peleas, la venganza y el abuso. Advierto, desde ya, que como Diputada fiscalizadora buscar\u00e9 responsabilidades por este incumplimiento de deberes constitucionales<\/p>\n","protected":false},"excerpt":{"rendered":"<div class=\"pvc_clear\"><\/div>\n<p id=\"pvc_stats_12947\" class=\"pvc_stats total_only  \" data-element-id=\"12947\" style=\"\"><i class=\"pvc-stats-icon large\" aria-hidden=\"true\"><svg aria-hidden=\"true\" focusable=\"false\" data-prefix=\"far\" data-icon=\"chart-bar\" role=\"img\" xmlns=\"http:\/\/www.w3.org\/2000\/svg\" viewBox=\"0 0 512 512\" class=\"svg-inline--fa fa-chart-bar fa-w-16 fa-2x\"><path fill=\"currentColor\" d=\"M396.8 352h22.4c6.4 0 12.8-6.4 12.8-12.8V108.8c0-6.4-6.4-12.8-12.8-12.8h-22.4c-6.4 0-12.8 6.4-12.8 12.8v230.4c0 6.4 6.4 12.8 12.8 12.8zm-192 0h22.4c6.4 0 12.8-6.4 12.8-12.8V140.8c0-6.4-6.4-12.8-12.8-12.8h-22.4c-6.4 0-12.8 6.4-12.8 12.8v198.4c0 6.4 6.4 12.8 12.8 12.8zm96 0h22.4c6.4 0 12.8-6.4 12.8-12.8V204.8c0-6.4-6.4-12.8-12.8-12.8h-22.4c-6.4 0-12.8 6.4-12.8 12.8v134.4c0 6.4 6.4 12.8 12.8 12.8zM496 400H48V80c0-8.84-7.16-16-16-16H16C7.16 64 0 71.16 0 80v336c0 17.67 14.33 32 32 32h464c8.84 0 16-7.16 16-16v-16c0-8.84-7.16-16-16-16zm-387.2-48h22.4c6.4 0 12.8-6.4 12.8-12.8v-70.4c0-6.4-6.4-12.8-12.8-12.8h-22.4c-6.4 0-12.8 6.4-12.8 12.8v70.4c0 6.4 6.4 12.8 12.8 12.8z\" class=\"\"><\/path><\/svg><\/i> <img loading=\"lazy\" decoding=\"async\" width=\"16\" height=\"16\" alt=\"Loading\" src=\"https:\/\/temucotelevision.cl\/web\/wp-content\/plugins\/page-views-count\/ajax-loader-2x.gif\" border=0 \/><\/p>\n<div class=\"pvc_clear\"><\/div>\n<p>Anoche presenciamos una de las jornadas m\u00e1s oscuras de la historia reciente de la Araucan\u00eda. Nuestras ciudades fueron presa de<\/p>\n","protected":false},"author":1,"featured_media":12948,"comment_status":"open","ping_status":"open","sticky":false,"template":"","format":"standard","meta":{"colormag_page_container_layout":"default_layout","colormag_page_sidebar_layout":"default_layout","footnotes":""},"categories":[84],"tags":[1480,788,958],"class_list":["post-12947","post","type-post","status-publish","format-standard","has-post-thumbnail","hentry","category-politica","tag-destrozos","tag-diputada","tag-parra"],"a3_pvc":{"activated":true,"total_views":27,"today_views":0},"_links":{"self":[{"href":"https:\/\/temucotelevision.cl\/web\/wp-json\/wp\/v2\/posts\/12947","targetHints":{"allow":["GET"]}}],"collection":[{"href":"https:\/\/temucotelevision.cl\/web\/wp-json\/wp\/v2\/posts"}],"about":[{"href":"https:\/\/temucotelevision.cl\/web\/wp-json\/wp\/v2\/types\/post"}],"author":[{"embeddable":true,"href":"https:\/\/temucotelevision.cl\/web\/wp-json\/wp\/v2\/users\/1"}],"replies":[{"embeddable":true,"href":"https:\/\/temucotelevision.cl\/web\/wp-json\/wp\/v2\/comments?post=12947"}],"version-history":[{"count":1,"href":"https:\/\/temucotelevision.cl\/web\/wp-json\/wp\/v2\/posts\/12947\/revisions"}],"predecessor-version":[{"id":12949,"href":"https:\/\/temucotelevision.cl\/web\/wp-json\/wp\/v2\/posts\/12947\/revisions\/12949"}],"wp:featuredmedia":[{"embeddable":true,"href":"https:\/\/temucotelevision.cl\/web\/wp-json\/wp\/v2\/media\/12948"}],"wp:attachment":[{"href":"https:\/\/temucotelevision.cl\/web\/wp-json\/wp\/v2\/media?parent=12947"}],"wp:term":[{"taxonomy":"category","embeddable":true,"href":"https:\/\/temucotelevision.cl\/web\/wp-json\/wp\/v2\/categories?post=12947"},{"taxonomy":"post_tag","embeddable":true,"href":"https:\/\/temucotelevision.cl\/web\/wp-json\/wp\/v2\/tags?post=12947"}],"curies":[{"name":"wp","href":"https:\/\/api.w.org\/{rel}","templated":true}]}}