{"id":12943,"date":"2020-08-02T13:41:54","date_gmt":"2020-08-02T16:41:54","guid":{"rendered":"https:\/\/temucotelevision.cl\/web\/?p=12943"},"modified":"2020-08-02T13:51:35","modified_gmt":"2020-08-02T16:51:35","slug":"municipios-de-traiguen-y-ercilla-fueron-incendiados-luego-de-violentos-incidentes-en-curacautin-y-victoria-millonarias-perdidas-tras-destrozos","status":"publish","type":"post","link":"https:\/\/temucotelevision.cl\/web\/2020\/08\/02\/municipios-de-traiguen-y-ercilla-fueron-incendiados-luego-de-violentos-incidentes-en-curacautin-y-victoria-millonarias-perdidas-tras-destrozos\/","title":{"rendered":"Municipios de Traigu\u00e9n y Ercilla fueron incendiados luego de violentos incidentes, en Curacaut\u00edn y Victoria millonarias perdidas tras destrozos"},"content":{"rendered":"<div class=\"pvc_clear\"><\/div><p id=\"pvc_stats_12943\" class=\"pvc_stats total_only  \" data-element-id=\"12943\" style=\"\"><i class=\"pvc-stats-icon large\" aria-hidden=\"true\"><svg aria-hidden=\"true\" focusable=\"false\" data-prefix=\"far\" data-icon=\"chart-bar\" role=\"img\" xmlns=\"http:\/\/www.w3.org\/2000\/svg\" viewBox=\"0 0 512 512\" class=\"svg-inline--fa fa-chart-bar fa-w-16 fa-2x\"><path fill=\"currentColor\" d=\"M396.8 352h22.4c6.4 0 12.8-6.4 12.8-12.8V108.8c0-6.4-6.4-12.8-12.8-12.8h-22.4c-6.4 0-12.8 6.4-12.8 12.8v230.4c0 6.4 6.4 12.8 12.8 12.8zm-192 0h22.4c6.4 0 12.8-6.4 12.8-12.8V140.8c0-6.4-6.4-12.8-12.8-12.8h-22.4c-6.4 0-12.8 6.4-12.8 12.8v198.4c0 6.4 6.4 12.8 12.8 12.8zm96 0h22.4c6.4 0 12.8-6.4 12.8-12.8V204.8c0-6.4-6.4-12.8-12.8-12.8h-22.4c-6.4 0-12.8 6.4-12.8 12.8v134.4c0 6.4 6.4 12.8 12.8 12.8zM496 400H48V80c0-8.84-7.16-16-16-16H16C7.16 64 0 71.16 0 80v336c0 17.67 14.33 32 32 32h464c8.84 0 16-7.16 16-16v-16c0-8.84-7.16-16-16-16zm-387.2-48h22.4c6.4 0 12.8-6.4 12.8-12.8v-70.4c0-6.4-6.4-12.8-12.8-12.8h-22.4c-6.4 0-12.8 6.4-12.8 12.8v70.4c0 6.4 6.4 12.8 12.8 12.8z\" class=\"\"><\/path><\/svg><\/i> <img loading=\"lazy\" decoding=\"async\" width=\"16\" height=\"16\" alt=\"Loading\" src=\"https:\/\/temucotelevision.cl\/web\/wp-content\/plugins\/page-views-count\/ajax-loader-2x.gif\" border=0 \/><\/p><div class=\"pvc_clear\"><\/div>\n<p>Destruidas por las llamas quedaron las municipalidades de Ercilla y Traigu\u00e9n esta madrugada en La Araucan\u00eda. <\/p>\n\n\n\n<iframe loading=\"lazy\" src=\"https:\/\/www.facebook.com\/plugins\/post.php?href=https%3A%2F%2Fwww.facebook.com%2FTemucoTelevision%2Fvideos%2F662328734629565%2F&#038;show_text=true&#038;width=552&#038;height=419&#038;appId\" width=\"552\" height=\"419\" style=\"border:none;overflow:hidden\" scrolling=\"no\" frameborder=\"0\" allowTransparency=\"true\" allow=\"encrypted-media\"><\/iframe>\n\n\n\n<p>Los edificios municipales se encontraban tomados por comuneros, apoyando a los denominados presos pol\u00edticos mapuche en huelga de hambre. <\/p>\n\n\n\n<p>La municipalidad de Ercilla qued\u00f3 destruida por la acci\u00f3n del fuego que adem\u00e1s afect\u00f3 a dos inmuebles, un bus y otras maquinarias, en tanto el municipio de Traigu\u00e9n result\u00f3 con un 90% destruido luego que comuneros prendieran fuego y despu\u00e9s huyeron del lugar, indicaron testigos.<\/p>\n\n\n\n<p>Pero todo comenz\u00f3 en el municipio de Curacaut\u00edn, donde la gente se levant\u00f3 en contra de los comuneros que manten\u00edan tomado el edificio, donde una turba de gente los esperaba para lincharlos, indicaban testigos, mientras que otro grupo de gente intentaba desalojarlos. <\/p>\n\n\n\n<iframe loading=\"lazy\" src=\"https:\/\/www.facebook.com\/plugins\/post.php?href=https%3A%2F%2Fwww.facebook.com%2FTemucoTelevision%2Fvideos%2F3251764808243289%2F&#038;show_text=true&#038;width=552&#038;height=375&#038;appId\" width=\"552\" height=\"375\" style=\"border:none;overflow:hidden\" scrolling=\"no\" frameborder=\"0\" allowTransparency=\"true\" allow=\"encrypted-media\"><\/iframe>\n\n\n\n<p>Minutos m\u00e1s tarde lleg\u00f3 personal policial e ingres\u00f3 hasta el edificio tomado, dando protecci\u00f3n a los comuneros, y dentro de una hora fue personal de FFEE quienes desalojaron a las personas.<\/p>\n\n\n\n<p>Pero en el exterior la gente indignada con los destrozos al interior de la Municipalidad, hicieron justicia con sus propias manos, incendiando dos camionetas estacionadas, que pertenecer\u00edan a los comuneros. <\/p>\n\n\n\n<p>En Curacaut\u00edn se registraron 19 personas detenidas, 16 en Victoria y 1 en Collipulli. <\/p>\n\n\n\n<iframe loading=\"lazy\" src=\"https:\/\/www.facebook.com\/plugins\/post.php?href=https%3A%2F%2Fwww.facebook.com%2FTemucoTelevision%2Fposts%2F1371505306386204&#038;show_text=true&#038;width=552&#038;height=661&#038;appId\" width=\"552\" height=\"661\" style=\"border:none;overflow:hidden\" scrolling=\"no\" frameborder=\"0\" allowTransparency=\"true\" allow=\"encrypted-media\"><\/iframe>\n\n\n\n<blockquote class=\"twitter-tweet\"><p lang=\"es\" dir=\"ltr\">Producto de graves des\u00f3rdenes p\u00fablicos, da\u00f1os y lesiones al personal de servicio, se procedi\u00f3 a la detenci\u00f3n de las personas que manten\u00edan tomadas las dependencias de la Municipalidad de <a href=\"https:\/\/twitter.com\/hashtag\/Curacaut%C3%ADn?src=hash&amp;ref_src=twsrc%5Etfw\">#Curacaut\u00edn<\/a>. Procedimiento en desarrollo. <a href=\"https:\/\/t.co\/32e0JlZN3E\">pic.twitter.com\/32e0JlZN3E<\/a><\/p>&mdash; Carabineros Regi\u00f3n de La Araucan\u00eda (@CarabAraucania) <a href=\"https:\/\/twitter.com\/CarabAraucania\/status\/1289775681090412547?ref_src=twsrc%5Etfw\">August 2, 2020<\/a><\/blockquote> <script async src=\"https:\/\/platform.twitter.com\/widgets.js\" charset=\"utf-8\"><\/script>\n","protected":false},"excerpt":{"rendered":"<div class=\"pvc_clear\"><\/div>\n<p id=\"pvc_stats_12943\" class=\"pvc_stats total_only  \" data-element-id=\"12943\" style=\"\"><i class=\"pvc-stats-icon large\" aria-hidden=\"true\"><svg aria-hidden=\"true\" focusable=\"false\" data-prefix=\"far\" data-icon=\"chart-bar\" role=\"img\" xmlns=\"http:\/\/www.w3.org\/2000\/svg\" viewBox=\"0 0 512 512\" class=\"svg-inline--fa fa-chart-bar fa-w-16 fa-2x\"><path fill=\"currentColor\" d=\"M396.8 352h22.4c6.4 0 12.8-6.4 12.8-12.8V108.8c0-6.4-6.4-12.8-12.8-12.8h-22.4c-6.4 0-12.8 6.4-12.8 12.8v230.4c0 6.4 6.4 12.8 12.8 12.8zm-192 0h22.4c6.4 0 12.8-6.4 12.8-12.8V140.8c0-6.4-6.4-12.8-12.8-12.8h-22.4c-6.4 0-12.8 6.4-12.8 12.8v198.4c0 6.4 6.4 12.8 12.8 12.8zm96 0h22.4c6.4 0 12.8-6.4 12.8-12.8V204.8c0-6.4-6.4-12.8-12.8-12.8h-22.4c-6.4 0-12.8 6.4-12.8 12.8v134.4c0 6.4 6.4 12.8 12.8 12.8zM496 400H48V80c0-8.84-7.16-16-16-16H16C7.16 64 0 71.16 0 80v336c0 17.67 14.33 32 32 32h464c8.84 0 16-7.16 16-16v-16c0-8.84-7.16-16-16-16zm-387.2-48h22.4c6.4 0 12.8-6.4 12.8-12.8v-70.4c0-6.4-6.4-12.8-12.8-12.8h-22.4c-6.4 0-12.8 6.4-12.8 12.8v70.4c0 6.4 6.4 12.8 12.8 12.8z\" class=\"\"><\/path><\/svg><\/i> <img loading=\"lazy\" decoding=\"async\" width=\"16\" height=\"16\" alt=\"Loading\" src=\"https:\/\/temucotelevision.cl\/web\/wp-content\/plugins\/page-views-count\/ajax-loader-2x.gif\" border=0 \/><\/p>\n<div class=\"pvc_clear\"><\/div>\n<p>Destruidas por las llamas quedaron las municipalidades de Ercilla y Traigu\u00e9n esta madrugada en La Araucan\u00eda. Los edificios municipales se<\/p>\n","protected":false},"author":1,"featured_media":12944,"comment_status":"open","ping_status":"open","sticky":false,"template":"","format":"standard","meta":{"colormag_page_container_layout":"default_layout","colormag_page_sidebar_layout":"default_layout","footnotes":""},"categories":[15],"tags":[362],"class_list":["post-12943","post","type-post","status-publish","format-standard","has-post-thumbnail","hentry","category-la-araucania","tag-traiguen"],"a3_pvc":{"activated":true,"total_views":30,"today_views":0},"_links":{"self":[{"href":"https:\/\/temucotelevision.cl\/web\/wp-json\/wp\/v2\/posts\/12943","targetHints":{"allow":["GET"]}}],"collection":[{"href":"https:\/\/temucotelevision.cl\/web\/wp-json\/wp\/v2\/posts"}],"about":[{"href":"https:\/\/temucotelevision.cl\/web\/wp-json\/wp\/v2\/types\/post"}],"author":[{"embeddable":true,"href":"https:\/\/temucotelevision.cl\/web\/wp-json\/wp\/v2\/users\/1"}],"replies":[{"embeddable":true,"href":"https:\/\/temucotelevision.cl\/web\/wp-json\/wp\/v2\/comments?post=12943"}],"version-history":[{"count":2,"href":"https:\/\/temucotelevision.cl\/web\/wp-json\/wp\/v2\/posts\/12943\/revisions"}],"predecessor-version":[{"id":12946,"href":"https:\/\/temucotelevision.cl\/web\/wp-json\/wp\/v2\/posts\/12943\/revisions\/12946"}],"wp:featuredmedia":[{"embeddable":true,"href":"https:\/\/temucotelevision.cl\/web\/wp-json\/wp\/v2\/media\/12944"}],"wp:attachment":[{"href":"https:\/\/temucotelevision.cl\/web\/wp-json\/wp\/v2\/media?parent=12943"}],"wp:term":[{"taxonomy":"category","embeddable":true,"href":"https:\/\/temucotelevision.cl\/web\/wp-json\/wp\/v2\/categories?post=12943"},{"taxonomy":"post_tag","embeddable":true,"href":"https:\/\/temucotelevision.cl\/web\/wp-json\/wp\/v2\/tags?post=12943"}],"curies":[{"name":"wp","href":"https:\/\/api.w.org\/{rel}","templated":true}]}}