{"id":12941,"date":"2020-08-01T18:26:29","date_gmt":"2020-08-01T21:26:29","guid":{"rendered":"https:\/\/temucotelevision.cl\/web\/?p=12941"},"modified":"2020-08-01T18:26:31","modified_gmt":"2020-08-01T21:26:31","slug":"core-sandoval-y-dirigentes-proponen-declarar-zona-de-rezago-a-toda-la-araucania%ef%bb%bf","status":"publish","type":"post","link":"https:\/\/temucotelevision.cl\/web\/2020\/08\/01\/core-sandoval-y-dirigentes-proponen-declarar-zona-de-rezago-a-toda-la-araucania%ef%bb%bf\/","title":{"rendered":"Core Sandoval y dirigentes proponen declarar Zona de Rezago a toda La Araucan\u00eda\ufeff"},"content":{"rendered":"<div class=\"pvc_clear\"><\/div><p id=\"pvc_stats_12941\" class=\"pvc_stats total_only  \" data-element-id=\"12941\" style=\"\"><i class=\"pvc-stats-icon large\" aria-hidden=\"true\"><svg aria-hidden=\"true\" focusable=\"false\" data-prefix=\"far\" data-icon=\"chart-bar\" role=\"img\" xmlns=\"http:\/\/www.w3.org\/2000\/svg\" viewBox=\"0 0 512 512\" class=\"svg-inline--fa fa-chart-bar fa-w-16 fa-2x\"><path fill=\"currentColor\" d=\"M396.8 352h22.4c6.4 0 12.8-6.4 12.8-12.8V108.8c0-6.4-6.4-12.8-12.8-12.8h-22.4c-6.4 0-12.8 6.4-12.8 12.8v230.4c0 6.4 6.4 12.8 12.8 12.8zm-192 0h22.4c6.4 0 12.8-6.4 12.8-12.8V140.8c0-6.4-6.4-12.8-12.8-12.8h-22.4c-6.4 0-12.8 6.4-12.8 12.8v198.4c0 6.4 6.4 12.8 12.8 12.8zm96 0h22.4c6.4 0 12.8-6.4 12.8-12.8V204.8c0-6.4-6.4-12.8-12.8-12.8h-22.4c-6.4 0-12.8 6.4-12.8 12.8v134.4c0 6.4 6.4 12.8 12.8 12.8zM496 400H48V80c0-8.84-7.16-16-16-16H16C7.16 64 0 71.16 0 80v336c0 17.67 14.33 32 32 32h464c8.84 0 16-7.16 16-16v-16c0-8.84-7.16-16-16-16zm-387.2-48h22.4c6.4 0 12.8-6.4 12.8-12.8v-70.4c0-6.4-6.4-12.8-12.8-12.8h-22.4c-6.4 0-12.8 6.4-12.8 12.8v70.4c0 6.4 6.4 12.8 12.8 12.8z\" class=\"\"><\/path><\/svg><\/i> <img loading=\"lazy\" decoding=\"async\" width=\"16\" height=\"16\" alt=\"Loading\" src=\"https:\/\/temucotelevision.cl\/web\/wp-content\/plugins\/page-views-count\/ajax-loader-2x.gif\" border=0 \/><\/p><div class=\"pvc_clear\"><\/div>\n<p>Tras Cuenta Presidencial e inexistencia del Plan Impulso<\/p>\n\n\n\n<p><em>Ante la inexistencia del Plan Impulso y la falta de presupuestos y plan destinado al desarrollo local y reactivaci\u00f3n econ\u00f3mica que nazca desde los territorios.<\/em><\/p>\n\n\n\n<p>El Consejero Regional Daniel Sandoval (FRVS) junto a Cristina Silva de la Corporaci\u00f3n Araucania Inclusiva y Vicente Painel Encargado DD.HH de la Asociaci\u00f3n Ind\u00edgena de Investigaci\u00f3n y Desarrollo Mapuche (AID) tras la cuenta presidencial llamaron al Gobierno a declarar a toda la regi\u00f3n de La Araucan\u00eda como zona de rezago con el objetivo de agilizar la inversi\u00f3n p\u00fablica respecto a la tramitaci\u00f3n de proyectos y tener un real y efectivo presupuesto especial frente a la inexistencia del Plan Impulso.<\/p>\n\n\n\n<p>As\u00ed lo manifestaron el Core y los dirigentes quienes expresaron que si el Estado y los gobiernos hablan de un trato especial hacia la regi\u00f3n, no basta con declararlo, esto se debe traducir en presupuestos, planes y programas especiales que mejoren los nefastos indicadores que tiene la regi\u00f3n como el 28% de pobreza multidimensional y un 17,2% en ingresos (CASEN), donde ya las comunas de la costa que concentran estos indicadores tiene esta condici\u00f3n especial de rezago, esta se debe proyectar a Malleco, a toda La Araucan\u00eda Andina y tambi\u00e9n Caut\u00edn Sur, integrando la conurbaci\u00f3n Temuco-Padre Las Casas.<\/p>\n\n\n\n<p>Al respecto el Core Daniel Sandoval sostuvo que \u201ces una burla cuando el presidente nos habla de una inversi\u00f3n multimillonaria en 8 a\u00f1os, cuando no existe una mirada territorial con un plan de rezago que le entregue esa condici\u00f3n a toda la regi\u00f3n, sumado a la inexistencia del Plan Impulso el cual utiliza los mismos recursos otorgados a\u00f1o a a\u00f1o por ley al FNDR, donde no hemos crecido en el porcentaje de decisi\u00f3n regional de la inversi\u00f3n, seguimos chocando contra anuncios centralistas y sectoriales, por lo tanto, no podemos seguir aceptando m\u00e1s enga\u00f1os y mentiras, es m\u00e1s, el supuesto Plan a\u00fan no ha sido presentado al pleno del Consejo Regional, donde ya han pasado tres Intendentes sin que expliquen a este cuerpo colegiado el detalle de esta iniciativa\u201d.<\/p>\n\n\n\n<p>En tanto, Painel y Silva expresaron que \u201cel aislamiento y las brechas sociales invitan a que se ponderen todos los indicadores para que la Subdere eval\u00fae esta posibilidad y as\u00ed poder generar desde ac\u00e1 un Plan Regional de Zonas Rezagadas, utilizando la zonificaci\u00f3n definida por Diplader o bien, por una distinci\u00f3n a definir en virtud de las caracter\u00edsticas culturales y productivas locales, as\u00ed tendremos recursos frescos con planes que nacen desde los territorios para ir dejando atr\u00e1s el modelo extractivista que no reactiva y que adem\u00e1s no genera valor y menos disminuci\u00f3n de indicadores sociales hist\u00f3ricos en la regi\u00f3n\u201d.<\/p>\n\n\n\n<p>Por \u00faltimo, los dirigentes y el Core Sandoval sostuvieron que el plan y reglamento de zonas de rezago no puede ir dejando atr\u00e1s a los habitantes de toda una regi\u00f3n afectada, se requiere defender la igualdad en el acceso de oportunidades, independiente del lugar en el que habiten las personas, es la regi\u00f3n completa la que requiere una atenci\u00f3n integral, no s\u00f3lo Caut\u00edn versus Malleco, o la Costa versus la Cordillera, ac\u00e1 es todo el territorio regional el afectado, sin distinci\u00f3n, de esta manera estaremos incrementando, en parte, la infraestructura p\u00fablica, acceso a conectividad, servicios b\u00e1sicos que impulsen un desarrollo end\u00f3geno, tur\u00edstico, sustentable, verde y productivo, acorde a la realidad multicultural de nuestra Araucan\u00eda\u201d, concluyeron.<\/p>\n","protected":false},"excerpt":{"rendered":"<div class=\"pvc_clear\"><\/div>\n<p id=\"pvc_stats_12941\" class=\"pvc_stats total_only  \" data-element-id=\"12941\" style=\"\"><i class=\"pvc-stats-icon large\" aria-hidden=\"true\"><svg aria-hidden=\"true\" focusable=\"false\" data-prefix=\"far\" data-icon=\"chart-bar\" role=\"img\" xmlns=\"http:\/\/www.w3.org\/2000\/svg\" viewBox=\"0 0 512 512\" class=\"svg-inline--fa fa-chart-bar fa-w-16 fa-2x\"><path fill=\"currentColor\" d=\"M396.8 352h22.4c6.4 0 12.8-6.4 12.8-12.8V108.8c0-6.4-6.4-12.8-12.8-12.8h-22.4c-6.4 0-12.8 6.4-12.8 12.8v230.4c0 6.4 6.4 12.8 12.8 12.8zm-192 0h22.4c6.4 0 12.8-6.4 12.8-12.8V140.8c0-6.4-6.4-12.8-12.8-12.8h-22.4c-6.4 0-12.8 6.4-12.8 12.8v198.4c0 6.4 6.4 12.8 12.8 12.8zm96 0h22.4c6.4 0 12.8-6.4 12.8-12.8V204.8c0-6.4-6.4-12.8-12.8-12.8h-22.4c-6.4 0-12.8 6.4-12.8 12.8v134.4c0 6.4 6.4 12.8 12.8 12.8zM496 400H48V80c0-8.84-7.16-16-16-16H16C7.16 64 0 71.16 0 80v336c0 17.67 14.33 32 32 32h464c8.84 0 16-7.16 16-16v-16c0-8.84-7.16-16-16-16zm-387.2-48h22.4c6.4 0 12.8-6.4 12.8-12.8v-70.4c0-6.4-6.4-12.8-12.8-12.8h-22.4c-6.4 0-12.8 6.4-12.8 12.8v70.4c0 6.4 6.4 12.8 12.8 12.8z\" class=\"\"><\/path><\/svg><\/i> <img loading=\"lazy\" decoding=\"async\" width=\"16\" height=\"16\" alt=\"Loading\" src=\"https:\/\/temucotelevision.cl\/web\/wp-content\/plugins\/page-views-count\/ajax-loader-2x.gif\" border=0 \/><\/p>\n<div class=\"pvc_clear\"><\/div>\n<p>Tras Cuenta Presidencial e inexistencia del Plan Impulso Ante la inexistencia del Plan Impulso y la falta de presupuestos y<\/p>\n","protected":false},"author":1,"featured_media":12827,"comment_status":"open","ping_status":"open","sticky":false,"template":"","format":"standard","meta":{"colormag_page_container_layout":"default_layout","colormag_page_sidebar_layout":"default_layout","footnotes":""},"categories":[15],"tags":[353,170],"class_list":["post-12941","post","type-post","status-publish","format-standard","has-post-thumbnail","hentry","category-la-araucania","tag-core","tag-region"],"a3_pvc":{"activated":true,"total_views":17,"today_views":0},"_links":{"self":[{"href":"https:\/\/temucotelevision.cl\/web\/wp-json\/wp\/v2\/posts\/12941","targetHints":{"allow":["GET"]}}],"collection":[{"href":"https:\/\/temucotelevision.cl\/web\/wp-json\/wp\/v2\/posts"}],"about":[{"href":"https:\/\/temucotelevision.cl\/web\/wp-json\/wp\/v2\/types\/post"}],"author":[{"embeddable":true,"href":"https:\/\/temucotelevision.cl\/web\/wp-json\/wp\/v2\/users\/1"}],"replies":[{"embeddable":true,"href":"https:\/\/temucotelevision.cl\/web\/wp-json\/wp\/v2\/comments?post=12941"}],"version-history":[{"count":1,"href":"https:\/\/temucotelevision.cl\/web\/wp-json\/wp\/v2\/posts\/12941\/revisions"}],"predecessor-version":[{"id":12942,"href":"https:\/\/temucotelevision.cl\/web\/wp-json\/wp\/v2\/posts\/12941\/revisions\/12942"}],"wp:featuredmedia":[{"embeddable":true,"href":"https:\/\/temucotelevision.cl\/web\/wp-json\/wp\/v2\/media\/12827"}],"wp:attachment":[{"href":"https:\/\/temucotelevision.cl\/web\/wp-json\/wp\/v2\/media?parent=12941"}],"wp:term":[{"taxonomy":"category","embeddable":true,"href":"https:\/\/temucotelevision.cl\/web\/wp-json\/wp\/v2\/categories?post=12941"},{"taxonomy":"post_tag","embeddable":true,"href":"https:\/\/temucotelevision.cl\/web\/wp-json\/wp\/v2\/tags?post=12941"}],"curies":[{"name":"wp","href":"https:\/\/api.w.org\/{rel}","templated":true}]}}