{"id":1288,"date":"2019-02-08T11:03:26","date_gmt":"2019-02-08T14:03:26","guid":{"rendered":"https:\/\/temucotelevision.cl\/web\/?p=1288"},"modified":"2019-02-08T11:21:04","modified_gmt":"2019-02-08T14:21:04","slug":"confirman-primer-caso-de-hantavirus-en-la-araucania","status":"publish","type":"post","link":"https:\/\/temucotelevision.cl\/web\/2019\/02\/08\/confirman-primer-caso-de-hantavirus-en-la-araucania\/","title":{"rendered":"Confirman primer caso de Hantavirus del a\u00f1o en La Araucan\u00eda"},"content":{"rendered":"<div class=\"pvc_clear\"><\/div>\n<p id=\"pvc_stats_1288\" class=\"pvc_stats total_only  \" data-element-id=\"1288\" style=\"\"><i class=\"pvc-stats-icon large\" aria-hidden=\"true\"><svg aria-hidden=\"true\" focusable=\"false\" data-prefix=\"far\" data-icon=\"chart-bar\" role=\"img\" xmlns=\"http:\/\/www.w3.org\/2000\/svg\" viewBox=\"0 0 512 512\" class=\"svg-inline--fa fa-chart-bar fa-w-16 fa-2x\"><path fill=\"currentColor\" d=\"M396.8 352h22.4c6.4 0 12.8-6.4 12.8-12.8V108.8c0-6.4-6.4-12.8-12.8-12.8h-22.4c-6.4 0-12.8 6.4-12.8 12.8v230.4c0 6.4 6.4 12.8 12.8 12.8zm-192 0h22.4c6.4 0 12.8-6.4 12.8-12.8V140.8c0-6.4-6.4-12.8-12.8-12.8h-22.4c-6.4 0-12.8 6.4-12.8 12.8v198.4c0 6.4 6.4 12.8 12.8 12.8zm96 0h22.4c6.4 0 12.8-6.4 12.8-12.8V204.8c0-6.4-6.4-12.8-12.8-12.8h-22.4c-6.4 0-12.8 6.4-12.8 12.8v134.4c0 6.4 6.4 12.8 12.8 12.8zM496 400H48V80c0-8.84-7.16-16-16-16H16C7.16 64 0 71.16 0 80v336c0 17.67 14.33 32 32 32h464c8.84 0 16-7.16 16-16v-16c0-8.84-7.16-16-16-16zm-387.2-48h22.4c6.4 0 12.8-6.4 12.8-12.8v-70.4c0-6.4-6.4-12.8-12.8-12.8h-22.4c-6.4 0-12.8 6.4-12.8 12.8v70.4c0 6.4 6.4 12.8 12.8 12.8z\" class=\"\"><\/path><\/svg><\/i> <img loading=\"lazy\" decoding=\"async\" width=\"16\" height=\"16\" alt=\"Loading\" src=\"https:\/\/temucotelevision.cl\/web\/wp-content\/plugins\/page-views-count\/ajax-loader-2x.gif\" border=0 \/><\/p>\n<div class=\"pvc_clear\"><\/div>\n<p style=\"text-align: justify;\">La Secretar\u00eda Regional Ministerial de Salud confirma el PRIMER caso de contagio de Hantavirus del a\u00f1o en La Araucan\u00eda, ello seg\u00fan los resultados entregados por el Laboratorio de Virolog\u00eda Molecular de la Universidad Austral de Austral de Valdivia.<\/p>\n<p style=\"text-align: justify;\">Se trata de una paciente de sexo femenino de 19 a\u00f1os de edad, con domicilio en la comuna de Padre Las Casas.<\/p>\n<p style=\"text-align: justify;\">La paciente consult\u00f3 el 5 de febrero en el Consultorio Miraflores por un cuadro general con fiebre, mialgia, s\u00edntomas gastrointestinales y compromiso respiratorio, donde el test r\u00e1pido practicado en ese establecimiento result\u00f3 negativo. Sin embargo, la muestra enviada a Valdivia arroj\u00f3 positivo.<\/p>\n<p style=\"text-align: justify;\">Desde ayer la paciente\u00a0se encuentra en buenas condiciones, internada en el Hospital Dr. Hern\u00e1n Henr\u00edquez Aravena de Temuco, sin requerimiento de ox\u00edgeno.<\/p>\n<p style=\"text-align: justify;\">Los equipos de Epidemiolog\u00eda y Zoonosis de las SEREMI de Salud de La Araucan\u00eda, se encuentran realizando la investigaci\u00f3n correspondiente, para determinar el posible lugar del contagio del paciente.<\/p>\n<p>La Autoridad Sanitaria realiza un llamado a la poblaci\u00f3n a extremar las medidas de precauci\u00f3n frente a la Infecci\u00f3n por Hantavirus para evitar la transmisi\u00f3n a quienes trabajan y viven en zonas rurales.<\/p>\n<p style=\"text-align: justify;\">Recomendaciones:<br \/>\n\u2022 Mantener alimentos y agua protegidos de los ratones<br \/>\n\u2022 Guardar los alimentos en recipientes cerrados sin dejar restos de comida sobre mesas, muebles, piso, etc.<br \/>\n\u2022 Caminar en el campo s\u00f3lo por senderos habilitados<br \/>\n\u2022 No ingresar a lugares que han estado cerrados por mucho tiempo sin ventilar estos recintos. Ventilar por 30 minutos las bodegas y le\u00f1eras de la casa antes de ingresar.<\/p>\n<p style=\"text-align: justify;\">\u2022 Realizar una adecuada limpieza utilizando guantes y mascarillas, adem\u00e1s de limpieza con cloro, en lugares cerrados por largos per\u00edodos<br \/>\n\u2022 Mantener siempre medidas generales de higiene en cocina y utensilios.<br \/>\n\u2022 Guardar la basura en recipientes con tapa. Si no hay recolecci\u00f3n de basura, enti\u00e9rrela a 50 cm. de profundidad y a 50 metros de la vivienda.<br \/>\n\u2022 Mantener protegidas y tapadas las fuentes de abastecimiento de agua.<br \/>\n\u2022 Mantener letrinas o fosas s\u00e9pticas en buenas condiciones de higiene. No eliminar a los depredadores naturales de ratones, como lechuzas, zorros y culebras.<\/p>\n","protected":false},"excerpt":{"rendered":"<div class=\"pvc_clear\"><\/div>\n<p id=\"pvc_stats_1288\" class=\"pvc_stats total_only  \" data-element-id=\"1288\" style=\"\"><i class=\"pvc-stats-icon large\" aria-hidden=\"true\"><svg aria-hidden=\"true\" focusable=\"false\" data-prefix=\"far\" data-icon=\"chart-bar\" role=\"img\" xmlns=\"http:\/\/www.w3.org\/2000\/svg\" viewBox=\"0 0 512 512\" class=\"svg-inline--fa fa-chart-bar fa-w-16 fa-2x\"><path fill=\"currentColor\" d=\"M396.8 352h22.4c6.4 0 12.8-6.4 12.8-12.8V108.8c0-6.4-6.4-12.8-12.8-12.8h-22.4c-6.4 0-12.8 6.4-12.8 12.8v230.4c0 6.4 6.4 12.8 12.8 12.8zm-192 0h22.4c6.4 0 12.8-6.4 12.8-12.8V140.8c0-6.4-6.4-12.8-12.8-12.8h-22.4c-6.4 0-12.8 6.4-12.8 12.8v198.4c0 6.4 6.4 12.8 12.8 12.8zm96 0h22.4c6.4 0 12.8-6.4 12.8-12.8V204.8c0-6.4-6.4-12.8-12.8-12.8h-22.4c-6.4 0-12.8 6.4-12.8 12.8v134.4c0 6.4 6.4 12.8 12.8 12.8zM496 400H48V80c0-8.84-7.16-16-16-16H16C7.16 64 0 71.16 0 80v336c0 17.67 14.33 32 32 32h464c8.84 0 16-7.16 16-16v-16c0-8.84-7.16-16-16-16zm-387.2-48h22.4c6.4 0 12.8-6.4 12.8-12.8v-70.4c0-6.4-6.4-12.8-12.8-12.8h-22.4c-6.4 0-12.8 6.4-12.8 12.8v70.4c0 6.4 6.4 12.8 12.8 12.8z\" class=\"\"><\/path><\/svg><\/i> <img loading=\"lazy\" decoding=\"async\" width=\"16\" height=\"16\" alt=\"Loading\" src=\"https:\/\/temucotelevision.cl\/web\/wp-content\/plugins\/page-views-count\/ajax-loader-2x.gif\" border=0 \/><\/p>\n<div class=\"pvc_clear\"><\/div>\n<p>La Secretar\u00eda Regional Ministerial de Salud confirma el PRIMER caso de contagio de Hantavirus del a\u00f1o en La Araucan\u00eda, ello<\/p>\n","protected":false},"author":1,"featured_media":1289,"comment_status":"open","ping_status":"open","sticky":false,"template":"","format":"standard","meta":{"colormag_page_container_layout":"default_layout","colormag_page_sidebar_layout":"default_layout","footnotes":""},"categories":[15],"tags":[412,413,416,170,414,415],"class_list":["post-1288","post","type-post","status-publish","format-standard","has-post-thumbnail","hentry","category-la-araucania","tag-caso","tag-hanta","tag-paciente","tag-region","tag-virus","tag-zonas"],"a3_pvc":{"activated":true,"total_views":23,"today_views":0},"_links":{"self":[{"href":"https:\/\/temucotelevision.cl\/web\/wp-json\/wp\/v2\/posts\/1288","targetHints":{"allow":["GET"]}}],"collection":[{"href":"https:\/\/temucotelevision.cl\/web\/wp-json\/wp\/v2\/posts"}],"about":[{"href":"https:\/\/temucotelevision.cl\/web\/wp-json\/wp\/v2\/types\/post"}],"author":[{"embeddable":true,"href":"https:\/\/temucotelevision.cl\/web\/wp-json\/wp\/v2\/users\/1"}],"replies":[{"embeddable":true,"href":"https:\/\/temucotelevision.cl\/web\/wp-json\/wp\/v2\/comments?post=1288"}],"version-history":[{"count":3,"href":"https:\/\/temucotelevision.cl\/web\/wp-json\/wp\/v2\/posts\/1288\/revisions"}],"predecessor-version":[{"id":1293,"href":"https:\/\/temucotelevision.cl\/web\/wp-json\/wp\/v2\/posts\/1288\/revisions\/1293"}],"wp:featuredmedia":[{"embeddable":true,"href":"https:\/\/temucotelevision.cl\/web\/wp-json\/wp\/v2\/media\/1289"}],"wp:attachment":[{"href":"https:\/\/temucotelevision.cl\/web\/wp-json\/wp\/v2\/media?parent=1288"}],"wp:term":[{"taxonomy":"category","embeddable":true,"href":"https:\/\/temucotelevision.cl\/web\/wp-json\/wp\/v2\/categories?post=1288"},{"taxonomy":"post_tag","embeddable":true,"href":"https:\/\/temucotelevision.cl\/web\/wp-json\/wp\/v2\/tags?post=1288"}],"curies":[{"name":"wp","href":"https:\/\/api.w.org\/{rel}","templated":true}]}}