{"id":12823,"date":"2020-07-29T16:11:28","date_gmt":"2020-07-29T19:11:28","guid":{"rendered":"https:\/\/temucotelevision.cl\/web\/?p=12823"},"modified":"2020-07-29T16:11:30","modified_gmt":"2020-07-29T19:11:30","slug":"en-febrero-abrira-al-publico-la-primera-etapa-del-parque-urbano-isla-cautin","status":"publish","type":"post","link":"https:\/\/temucotelevision.cl\/web\/2020\/07\/29\/en-febrero-abrira-al-publico-la-primera-etapa-del-parque-urbano-isla-cautin\/","title":{"rendered":"En febrero abrir\u00e1 al p\u00fablico la primera etapa del Parque Urbano Isla Caut\u00edn"},"content":{"rendered":"<div class=\"pvc_clear\"><\/div><p id=\"pvc_stats_12823\" class=\"pvc_stats total_only  \" data-element-id=\"12823\" style=\"\"><i class=\"pvc-stats-icon large\" aria-hidden=\"true\"><svg aria-hidden=\"true\" focusable=\"false\" data-prefix=\"far\" data-icon=\"chart-bar\" role=\"img\" xmlns=\"http:\/\/www.w3.org\/2000\/svg\" viewBox=\"0 0 512 512\" class=\"svg-inline--fa fa-chart-bar fa-w-16 fa-2x\"><path fill=\"currentColor\" d=\"M396.8 352h22.4c6.4 0 12.8-6.4 12.8-12.8V108.8c0-6.4-6.4-12.8-12.8-12.8h-22.4c-6.4 0-12.8 6.4-12.8 12.8v230.4c0 6.4 6.4 12.8 12.8 12.8zm-192 0h22.4c6.4 0 12.8-6.4 12.8-12.8V140.8c0-6.4-6.4-12.8-12.8-12.8h-22.4c-6.4 0-12.8 6.4-12.8 12.8v198.4c0 6.4 6.4 12.8 12.8 12.8zm96 0h22.4c6.4 0 12.8-6.4 12.8-12.8V204.8c0-6.4-6.4-12.8-12.8-12.8h-22.4c-6.4 0-12.8 6.4-12.8 12.8v134.4c0 6.4 6.4 12.8 12.8 12.8zM496 400H48V80c0-8.84-7.16-16-16-16H16C7.16 64 0 71.16 0 80v336c0 17.67 14.33 32 32 32h464c8.84 0 16-7.16 16-16v-16c0-8.84-7.16-16-16-16zm-387.2-48h22.4c6.4 0 12.8-6.4 12.8-12.8v-70.4c0-6.4-6.4-12.8-12.8-12.8h-22.4c-6.4 0-12.8 6.4-12.8 12.8v70.4c0 6.4 6.4 12.8 12.8 12.8z\" class=\"\"><\/path><\/svg><\/i> <img loading=\"lazy\" decoding=\"async\" width=\"16\" height=\"16\" alt=\"Loading\" src=\"https:\/\/temucotelevision.cl\/web\/wp-content\/plugins\/page-views-count\/ajax-loader-2x.gif\" border=0 \/><\/p><div class=\"pvc_clear\"><\/div>\n<p><em>La mega obra de 27 hect\u00e1reas, financiada por el Minvu y que ser\u00e1 administrada por la Municipalidad de Temuco, se convertir\u00e1 uno de los pulmones verdes m\u00e1s importante de Chile y se espera sea entregado en agosto de 2021.<\/em><\/p>\n\n\n\n<p>Para conocer el estado de avance del gran proyecto y \u00e1rea verde que es la construcci\u00f3n del Parque Urbano Isla Caut\u00edn, el alcalde Miguel Becker, junto al director del Serviu, Sergio Merino, realizaron una visita inspectiva a este importante sector de Temuco, que hab\u00eda sido olvidado a lo largo de los a\u00f1os y que adem\u00e1s incrementar\u00e1 considerablemente las \u00e1reas verdes de la ciudad.<\/p>\n\n\n\n<p>En el recorrido, el alcalde Becker junto al director del Serviu visitaron los principales hitos de este gran parque urbano, que inici\u00f3 sus obras de edificaci\u00f3n en octubre de 2018 y que cuenta con una inversi\u00f3n de m\u00e1s de 18 mil millones de pesos, que, a la fecha, ya tiene un avance de un 50 por ciento en sus de 27 hect\u00e1reas, que incluye plazas, praderas, paseo borde r\u00edo, memorial, plaza de deportes, senderos y miradores ribere\u00f1os y explanada c\u00edvica, entre otros.&nbsp;<\/p>\n\n\n\n<p>Sobra las obras, el alcalde Miguel Becker dijo que, \u201cestamos en la Isla Caut\u00edn donde se est\u00e1 desarrollando un proyecto muy importante, un \u00e1rea verde tremenda con 27 hect\u00e1reas de intervenci\u00f3n que en su etapa final est\u00e1 para agosto de 2021. Este es un trabajo que estamos desarrollando en conjunto con el Ministerio de Vivienda y que vamos a tener la responsabilidad, como Municipio, de administrar posteriormente, as\u00ed es que es uno de los parques m\u00e1s importantes de la Regi\u00f3n y de Chile, que aqu\u00ed vamos a tener en nuestra Isla Caut\u00edn, al lado de Temuco, al lado del centro de la ciudad y eso lo hace ser, a\u00fan, m\u00e1s valioso\u201d.<\/p>\n\n\n\n<p>Mientras que el director del Serviu Araucan\u00eda, Sergio Merino, afirm\u00f3 que, \u201cel proyecto del parque isla Caut\u00edn es una obra que le devuelve la oportunidad a las familias de recuperar este espacio, por mucho tiempo olvidado y reencontrarnos con el R\u00edo Caut\u00edn; es por eso que estamos muy contentos de los trabajos que alcanzan un 50% y que esperamos finalizar el segundo semestre del pr\u00f3ximo a\u00f1o\u201d.<\/p>\n\n\n\n<p>Por \u00faltimo, la directora de obra del Proyecto Parque Isla Caut\u00edn, Lucia Abarz\u00faa, afirm\u00f3 que, \u201cllevamos en el avance de etapa uno, que ser\u00eda aproximado un 70 por ciento, y de la etapa dos, un 30 por ciento de avance f\u00edsico, teniendo proyectada la entrega de la etapa uno para febrero, inicialmenmte estaba para diciembre, pero con todo lo del covid-19 y la pandemia la empresa solicit\u00f3 extender el plazo y la segunda ser\u00e1 en agosto de este parque, que ser\u00e1 uno de los m\u00e1s importantes, hermoso, un lugar \u2013quiz\u00e1s- un poco m\u00edstico por todo el bosque natural que tiene, mucha cantidad de \u00e1rbol nativo, tiene sectores de \u00e1reas de juegos de ni\u00f1os, de deportes tradicionales y urbanos, cancha de f\u00fatbol, mucha \u00e1rea verde, paseos muy lindos al interior y una calle que bordea todo el parque que va a ser muy atractivo visitarlo, creo que personas de todas las edades van a poder disfrutar de este hermoso parque\u201d.<\/p>\n\n\n\n<p>El proyecto Isla Caut\u00edn no solo contempla la creaci\u00f3n del parque, sino que tambi\u00e9n incluye una mejor planificaci\u00f3n de ciudad con un barrio c\u00edvico y viviendas de integraci\u00f3n social, adem\u00e1s de la protecci\u00f3n del r\u00edo.<\/p>\n","protected":false},"excerpt":{"rendered":"<div class=\"pvc_clear\"><\/div>\n<p id=\"pvc_stats_12823\" class=\"pvc_stats total_only  \" data-element-id=\"12823\" style=\"\"><i class=\"pvc-stats-icon large\" aria-hidden=\"true\"><svg aria-hidden=\"true\" focusable=\"false\" data-prefix=\"far\" data-icon=\"chart-bar\" role=\"img\" xmlns=\"http:\/\/www.w3.org\/2000\/svg\" viewBox=\"0 0 512 512\" class=\"svg-inline--fa fa-chart-bar fa-w-16 fa-2x\"><path fill=\"currentColor\" d=\"M396.8 352h22.4c6.4 0 12.8-6.4 12.8-12.8V108.8c0-6.4-6.4-12.8-12.8-12.8h-22.4c-6.4 0-12.8 6.4-12.8 12.8v230.4c0 6.4 6.4 12.8 12.8 12.8zm-192 0h22.4c6.4 0 12.8-6.4 12.8-12.8V140.8c0-6.4-6.4-12.8-12.8-12.8h-22.4c-6.4 0-12.8 6.4-12.8 12.8v198.4c0 6.4 6.4 12.8 12.8 12.8zm96 0h22.4c6.4 0 12.8-6.4 12.8-12.8V204.8c0-6.4-6.4-12.8-12.8-12.8h-22.4c-6.4 0-12.8 6.4-12.8 12.8v134.4c0 6.4 6.4 12.8 12.8 12.8zM496 400H48V80c0-8.84-7.16-16-16-16H16C7.16 64 0 71.16 0 80v336c0 17.67 14.33 32 32 32h464c8.84 0 16-7.16 16-16v-16c0-8.84-7.16-16-16-16zm-387.2-48h22.4c6.4 0 12.8-6.4 12.8-12.8v-70.4c0-6.4-6.4-12.8-12.8-12.8h-22.4c-6.4 0-12.8 6.4-12.8 12.8v70.4c0 6.4 6.4 12.8 12.8 12.8z\" class=\"\"><\/path><\/svg><\/i> <img loading=\"lazy\" decoding=\"async\" width=\"16\" height=\"16\" alt=\"Loading\" src=\"https:\/\/temucotelevision.cl\/web\/wp-content\/plugins\/page-views-count\/ajax-loader-2x.gif\" border=0 \/><\/p>\n<div class=\"pvc_clear\"><\/div>\n<p>La mega obra de 27 hect\u00e1reas, financiada por el Minvu y que ser\u00e1 administrada por la Municipalidad de Temuco, se<\/p>\n","protected":false},"author":1,"featured_media":12824,"comment_status":"open","ping_status":"open","sticky":false,"template":"","format":"standard","meta":{"colormag_page_container_layout":"default_layout","colormag_page_sidebar_layout":"default_layout","footnotes":""},"categories":[14],"tags":[260],"class_list":["post-12823","post","type-post","status-publish","format-standard","has-post-thumbnail","hentry","category-temuco","tag-febrero"],"a3_pvc":{"activated":true,"total_views":94,"today_views":0},"_links":{"self":[{"href":"https:\/\/temucotelevision.cl\/web\/wp-json\/wp\/v2\/posts\/12823","targetHints":{"allow":["GET"]}}],"collection":[{"href":"https:\/\/temucotelevision.cl\/web\/wp-json\/wp\/v2\/posts"}],"about":[{"href":"https:\/\/temucotelevision.cl\/web\/wp-json\/wp\/v2\/types\/post"}],"author":[{"embeddable":true,"href":"https:\/\/temucotelevision.cl\/web\/wp-json\/wp\/v2\/users\/1"}],"replies":[{"embeddable":true,"href":"https:\/\/temucotelevision.cl\/web\/wp-json\/wp\/v2\/comments?post=12823"}],"version-history":[{"count":1,"href":"https:\/\/temucotelevision.cl\/web\/wp-json\/wp\/v2\/posts\/12823\/revisions"}],"predecessor-version":[{"id":12825,"href":"https:\/\/temucotelevision.cl\/web\/wp-json\/wp\/v2\/posts\/12823\/revisions\/12825"}],"wp:featuredmedia":[{"embeddable":true,"href":"https:\/\/temucotelevision.cl\/web\/wp-json\/wp\/v2\/media\/12824"}],"wp:attachment":[{"href":"https:\/\/temucotelevision.cl\/web\/wp-json\/wp\/v2\/media?parent=12823"}],"wp:term":[{"taxonomy":"category","embeddable":true,"href":"https:\/\/temucotelevision.cl\/web\/wp-json\/wp\/v2\/categories?post=12823"},{"taxonomy":"post_tag","embeddable":true,"href":"https:\/\/temucotelevision.cl\/web\/wp-json\/wp\/v2\/tags?post=12823"}],"curies":[{"name":"wp","href":"https:\/\/api.w.org\/{rel}","templated":true}]}}