{"id":12816,"date":"2020-07-29T11:41:27","date_gmt":"2020-07-29T14:41:27","guid":{"rendered":"https:\/\/temucotelevision.cl\/web\/?p=12816"},"modified":"2020-07-29T11:44:13","modified_gmt":"2020-07-29T14:44:13","slug":"juzgado-de-temuco-arraigo-nacional-prohibicion-de-acercarse-a-las-victimas-y-al-registro-civil-a-imputados-por-usurpacion-violenta","status":"publish","type":"post","link":"https:\/\/temucotelevision.cl\/web\/2020\/07\/29\/juzgado-de-temuco-arraigo-nacional-prohibicion-de-acercarse-a-las-victimas-y-al-registro-civil-a-imputados-por-usurpacion-violenta\/","title":{"rendered":"Juzgado de Temuco: Arraigo nacional, prohibici\u00f3n de acercarse a las v\u00edctimas y al Registro Civil a imputados por usurpaci\u00f3n violenta"},"content":{"rendered":"<div class=\"pvc_clear\"><\/div><p id=\"pvc_stats_12816\" class=\"pvc_stats total_only  \" data-element-id=\"12816\" style=\"\"><i class=\"pvc-stats-icon large\" aria-hidden=\"true\"><svg aria-hidden=\"true\" focusable=\"false\" data-prefix=\"far\" data-icon=\"chart-bar\" role=\"img\" xmlns=\"http:\/\/www.w3.org\/2000\/svg\" viewBox=\"0 0 512 512\" class=\"svg-inline--fa fa-chart-bar fa-w-16 fa-2x\"><path fill=\"currentColor\" d=\"M396.8 352h22.4c6.4 0 12.8-6.4 12.8-12.8V108.8c0-6.4-6.4-12.8-12.8-12.8h-22.4c-6.4 0-12.8 6.4-12.8 12.8v230.4c0 6.4 6.4 12.8 12.8 12.8zm-192 0h22.4c6.4 0 12.8-6.4 12.8-12.8V140.8c0-6.4-6.4-12.8-12.8-12.8h-22.4c-6.4 0-12.8 6.4-12.8 12.8v198.4c0 6.4 6.4 12.8 12.8 12.8zm96 0h22.4c6.4 0 12.8-6.4 12.8-12.8V204.8c0-6.4-6.4-12.8-12.8-12.8h-22.4c-6.4 0-12.8 6.4-12.8 12.8v134.4c0 6.4 6.4 12.8 12.8 12.8zM496 400H48V80c0-8.84-7.16-16-16-16H16C7.16 64 0 71.16 0 80v336c0 17.67 14.33 32 32 32h464c8.84 0 16-7.16 16-16v-16c0-8.84-7.16-16-16-16zm-387.2-48h22.4c6.4 0 12.8-6.4 12.8-12.8v-70.4c0-6.4-6.4-12.8-12.8-12.8h-22.4c-6.4 0-12.8 6.4-12.8 12.8v70.4c0 6.4 6.4 12.8 12.8 12.8z\" class=\"\"><\/path><\/svg><\/i> <img loading=\"lazy\" decoding=\"async\" width=\"16\" height=\"16\" alt=\"Loading\" src=\"https:\/\/temucotelevision.cl\/web\/wp-content\/plugins\/page-views-count\/ajax-loader-2x.gif\" border=0 \/><\/p><div class=\"pvc_clear\"><\/div>\n<p>El Juzgado de Garant\u00eda de Temuco dej\u00f3 sujetos a las medidas cautelares de arraigo nacional, prohibici\u00f3n de acercarse a las v\u00edctimas y al Registro Civil e Identificaci\u00f3n a: Karina Luz Bayotoro Millacheo, Noelia Pilar Bayotoro Millacheo, Jonatan Andr\u00e9s Calbucoy Montanares, Yocelin Andrea Decap Ovalle, Carolina del Carmen Marileo Saravia, Magaly Herminda Marileo Saravia, Teresa Magaly Millacheo Mar\u00edn, Miriam del Carmen Palacios Nahuel y Carolina Andrea Toro Marileo,<strong>&nbsp;<\/strong>imputados por el Ministerio P\u00fablico como autores de los delitos consumados de usurpaci\u00f3n violenta, da\u00f1os, amenazas, maltrato de obra a carabineros de servicios y lesiones. Il\u00edcitos que habr\u00edan perpetrado en la v\u00edspera, en la direcci\u00f3n regional del Registro Civil e Identificaci\u00f3n de La Araucan\u00eda.&nbsp;<\/p>\n\n\n\n<p>En la audiencia de formalizaci\u00f3n de la investigaci\u00f3n,&nbsp;realizada en modalidad semipresencial, el magistrado Federico Guti\u00e9rrez Salazar orden\u00f3 el ingreso en tr\u00e1nsito en el Centro de Detenci\u00f3n Preventiva de Temuco de&nbsp;Daniela Alejandra Sierra Soto, imputada por el Ministerio P\u00fablico como autora de los delitos consumados de usurpaci\u00f3n violenta, da\u00f1os, lesiones, amenazas y maltrato de obras a carabinero en servicio, a la espera de que la Corte de Apelaciones de Temuco resuelva.&nbsp;Adem\u00e1s, el tribunal fij\u00f3 en tres meses el plazo de investigaci\u00f3n<\/p>\n\n\n\n<p>Seg\u00fan el ente persecutor, aproximadamente a las 10.30 horas de ayer, lunes 27 de julio de 2020, un grupo indeterminado de sujetos, entre los cuales se encontraban los imputados, ingresaron al edificio ubicado en calle Claro Solar 871 de la comuna de Temuco, en cuyo interior funcionan diversos servicios p\u00fablicos, subiendo hasta el tercer piso de la torre, donde irrumpieron violentamente en las oficinas del Servicio del Registro Civil e Identificaci\u00f3n de La Araucan\u00eda, gritando consigna relacionadas con el denominado conflicto mapuche; y provocando da\u00f1os en mampara de acceso, mobiliario, equipos tecnol\u00f3gicos, archivos e infraestructura de la repartici\u00f3n, avaluados en $45.000.000.<\/p>\n\n\n\n<p>Al interior de la oficina, los imputados habr\u00edan amenazado al personal. En dicho contexto, los imputados Daniela Sierra, Jocelin Decap y Jonatan Calbucoy habr\u00edan agredido con golpes al director regional del servicio, Juan de Dios Fuentes Vega, caus\u00e1ndole lesiones leves; y otras imputadas le habr\u00edan arrojado un ventilador a una abogada, caus\u00e1ndole un esguince de mu\u00f1eca y contusi\u00f3n en el muslo derecho.&nbsp;<\/p>\n\n\n\n<p>En tanto, Jocelin Decap Ovalle habr\u00eda rasgu\u00f1ado el rostro de una carabinera, quit\u00e1ndole el protector facial; y la imputada Daniela Sierra habr\u00eda lanzado un extintor a otro funcionario policial, caus\u00e1ndole una fractura nasal.<\/p>\n\n\n\n<iframe loading=\"lazy\" src=\"https:\/\/www.facebook.com\/plugins\/post.php?href=https%3A%2F%2Fwww.facebook.com%2FTemucoTelevision%2Fposts%2F1366950196841715&#038;show_text=true&#038;width=552&#038;height=419&#038;appId\" width=\"552\" height=\"419\" style=\"border:none;overflow:hidden\" scrolling=\"no\" frameborder=\"0\" allowTransparency=\"true\" allow=\"encrypted-media\"><\/iframe>\n","protected":false},"excerpt":{"rendered":"<div class=\"pvc_clear\"><\/div>\n<p id=\"pvc_stats_12816\" class=\"pvc_stats total_only  \" data-element-id=\"12816\" style=\"\"><i class=\"pvc-stats-icon large\" aria-hidden=\"true\"><svg aria-hidden=\"true\" focusable=\"false\" data-prefix=\"far\" data-icon=\"chart-bar\" role=\"img\" xmlns=\"http:\/\/www.w3.org\/2000\/svg\" viewBox=\"0 0 512 512\" class=\"svg-inline--fa fa-chart-bar fa-w-16 fa-2x\"><path fill=\"currentColor\" d=\"M396.8 352h22.4c6.4 0 12.8-6.4 12.8-12.8V108.8c0-6.4-6.4-12.8-12.8-12.8h-22.4c-6.4 0-12.8 6.4-12.8 12.8v230.4c0 6.4 6.4 12.8 12.8 12.8zm-192 0h22.4c6.4 0 12.8-6.4 12.8-12.8V140.8c0-6.4-6.4-12.8-12.8-12.8h-22.4c-6.4 0-12.8 6.4-12.8 12.8v198.4c0 6.4 6.4 12.8 12.8 12.8zm96 0h22.4c6.4 0 12.8-6.4 12.8-12.8V204.8c0-6.4-6.4-12.8-12.8-12.8h-22.4c-6.4 0-12.8 6.4-12.8 12.8v134.4c0 6.4 6.4 12.8 12.8 12.8zM496 400H48V80c0-8.84-7.16-16-16-16H16C7.16 64 0 71.16 0 80v336c0 17.67 14.33 32 32 32h464c8.84 0 16-7.16 16-16v-16c0-8.84-7.16-16-16-16zm-387.2-48h22.4c6.4 0 12.8-6.4 12.8-12.8v-70.4c0-6.4-6.4-12.8-12.8-12.8h-22.4c-6.4 0-12.8 6.4-12.8 12.8v70.4c0 6.4 6.4 12.8 12.8 12.8z\" class=\"\"><\/path><\/svg><\/i> <img loading=\"lazy\" decoding=\"async\" width=\"16\" height=\"16\" alt=\"Loading\" src=\"https:\/\/temucotelevision.cl\/web\/wp-content\/plugins\/page-views-count\/ajax-loader-2x.gif\" border=0 \/><\/p>\n<div class=\"pvc_clear\"><\/div>\n<p>El Juzgado de Garant\u00eda de Temuco dej\u00f3 sujetos a las medidas cautelares de arraigo nacional, prohibici\u00f3n de acercarse a las<\/p>\n","protected":false},"author":1,"featured_media":12817,"comment_status":"open","ping_status":"open","sticky":false,"template":"","format":"standard","meta":{"colormag_page_container_layout":"default_layout","colormag_page_sidebar_layout":"default_layout","footnotes":""},"categories":[14],"tags":[2024],"class_list":["post-12816","post","type-post","status-publish","format-standard","has-post-thumbnail","hentry","category-temuco","tag-imputados"],"a3_pvc":{"activated":true,"total_views":37,"today_views":0},"_links":{"self":[{"href":"https:\/\/temucotelevision.cl\/web\/wp-json\/wp\/v2\/posts\/12816","targetHints":{"allow":["GET"]}}],"collection":[{"href":"https:\/\/temucotelevision.cl\/web\/wp-json\/wp\/v2\/posts"}],"about":[{"href":"https:\/\/temucotelevision.cl\/web\/wp-json\/wp\/v2\/types\/post"}],"author":[{"embeddable":true,"href":"https:\/\/temucotelevision.cl\/web\/wp-json\/wp\/v2\/users\/1"}],"replies":[{"embeddable":true,"href":"https:\/\/temucotelevision.cl\/web\/wp-json\/wp\/v2\/comments?post=12816"}],"version-history":[{"count":4,"href":"https:\/\/temucotelevision.cl\/web\/wp-json\/wp\/v2\/posts\/12816\/revisions"}],"predecessor-version":[{"id":12822,"href":"https:\/\/temucotelevision.cl\/web\/wp-json\/wp\/v2\/posts\/12816\/revisions\/12822"}],"wp:featuredmedia":[{"embeddable":true,"href":"https:\/\/temucotelevision.cl\/web\/wp-json\/wp\/v2\/media\/12817"}],"wp:attachment":[{"href":"https:\/\/temucotelevision.cl\/web\/wp-json\/wp\/v2\/media?parent=12816"}],"wp:term":[{"taxonomy":"category","embeddable":true,"href":"https:\/\/temucotelevision.cl\/web\/wp-json\/wp\/v2\/categories?post=12816"},{"taxonomy":"post_tag","embeddable":true,"href":"https:\/\/temucotelevision.cl\/web\/wp-json\/wp\/v2\/tags?post=12816"}],"curies":[{"name":"wp","href":"https:\/\/api.w.org\/{rel}","templated":true}]}}