{"id":1279,"date":"2019-02-07T20:58:42","date_gmt":"2019-02-07T23:58:42","guid":{"rendered":"https:\/\/temucotelevision.cl\/web\/?p=1279"},"modified":"2019-02-07T21:00:01","modified_gmt":"2019-02-08T00:00:01","slug":"conoce-el-nuevo-estilo-de-yoga-aquafimat-en-pucon","status":"publish","type":"post","link":"https:\/\/temucotelevision.cl\/web\/2019\/02\/07\/conoce-el-nuevo-estilo-de-yoga-aquafimat-en-pucon\/","title":{"rendered":"Conoce el nuevo estilo de yoga Aquafimat en Puc\u00f3n"},"content":{"rendered":"<div class=\"pvc_clear\"><\/div>\n<p id=\"pvc_stats_1279\" class=\"pvc_stats total_only  \" data-element-id=\"1279\" style=\"\"><i class=\"pvc-stats-icon large\" aria-hidden=\"true\"><svg aria-hidden=\"true\" focusable=\"false\" data-prefix=\"far\" data-icon=\"chart-bar\" role=\"img\" xmlns=\"http:\/\/www.w3.org\/2000\/svg\" viewBox=\"0 0 512 512\" class=\"svg-inline--fa fa-chart-bar fa-w-16 fa-2x\"><path fill=\"currentColor\" d=\"M396.8 352h22.4c6.4 0 12.8-6.4 12.8-12.8V108.8c0-6.4-6.4-12.8-12.8-12.8h-22.4c-6.4 0-12.8 6.4-12.8 12.8v230.4c0 6.4 6.4 12.8 12.8 12.8zm-192 0h22.4c6.4 0 12.8-6.4 12.8-12.8V140.8c0-6.4-6.4-12.8-12.8-12.8h-22.4c-6.4 0-12.8 6.4-12.8 12.8v198.4c0 6.4 6.4 12.8 12.8 12.8zm96 0h22.4c6.4 0 12.8-6.4 12.8-12.8V204.8c0-6.4-6.4-12.8-12.8-12.8h-22.4c-6.4 0-12.8 6.4-12.8 12.8v134.4c0 6.4 6.4 12.8 12.8 12.8zM496 400H48V80c0-8.84-7.16-16-16-16H16C7.16 64 0 71.16 0 80v336c0 17.67 14.33 32 32 32h464c8.84 0 16-7.16 16-16v-16c0-8.84-7.16-16-16-16zm-387.2-48h22.4c6.4 0 12.8-6.4 12.8-12.8v-70.4c0-6.4-6.4-12.8-12.8-12.8h-22.4c-6.4 0-12.8 6.4-12.8 12.8v70.4c0 6.4 6.4 12.8 12.8 12.8z\" class=\"\"><\/path><\/svg><\/i> <img loading=\"lazy\" decoding=\"async\" width=\"16\" height=\"16\" alt=\"Loading\" src=\"https:\/\/temucotelevision.cl\/web\/wp-content\/plugins\/page-views-count\/ajax-loader-2x.gif\" border=0 \/><\/p>\n<div class=\"pvc_clear\"><\/div>\n<p style=\"text-align: justify;\">En los festivales Wanderlust y SoulYogaFest, que se desarrollar\u00e1n en la comuna lacustre el pr\u00f3ximo 16 de febrero, se realizar\u00e1n clases de esta disciplina.<\/p>\n<p style=\"text-align: justify;\">Una larga trayectoria es la que acompa\u00f1a a Ximena Carre\u00f1o Rodr\u00edguez en el mundo del deporte. La entrenadora de ski de carrera del Club Andes de La Parva regres\u00f3 a Chile luego de once a\u00f1os en Canad\u00e1 para renovar en nuestro pa\u00eds la forma de hacer yoga.<\/p>\n<p style=\"text-align: justify;\">La vida de esta ingeniera en construcci\u00f3n civil comenz\u00f3 en Concepci\u00f3n donde se crio y luego junto a su peque\u00f1a familia decidi\u00f3 viajar hasta el pa\u00eds del norte para emprender nuevos rumbos. En Vancouver comenz\u00f3 a esquiar y luego se encontr\u00f3 con el yoga, pr\u00e1ctica que enamor\u00f3 todos sus sentidos.<\/p>\n<p style=\"text-align: justify;\">As\u00ed transcurrieron once a\u00f1os, con largas jornadas de invierno en la monta\u00f1a y soleados d\u00edas de verano sobre un mat.<\/p>\n<p style=\"text-align: justify;\">Antes de regresar a Chile en 2017 pens\u00f3 en innovar y comenzar con un proyecto personal que pudiera complementar o unir ambas actividades.<\/p>\n<p style=\"text-align: justify;\">\u201cDescubr\u00ed esta nueva forma de vincularme con el yoga gracias a mi certificaci\u00f3n en Supyoga. Vi una oportunidad importante de abrir nuevos espacios a una disciplina poco conocida en mi pa\u00eds y hoy estoy convencida que puede ser una gran herramienta para muchas personas\u201d, se\u00f1al\u00f3 Ximena.<\/p>\n<p style=\"text-align: justify;\">AQUAFIMAT es una disciplina que integra yoga, pilates y fitness pero sobre una colchoneta en el agua. La disciplina, que desaf\u00eda el equilibrio y fortalece todos los m\u00fasculos del cuerpo, es apta para todo p\u00fablico sin importar la edad, pues es de bajo impacto.<\/p>\n<p style=\"text-align: justify;\">\u201cDurante 45 minutos realizamos un completo trabajo muscular a trav\u00e9s de diferentes ejercicios. Es un deporte completo, que permite las personas se relajen en la piscina, el mar o la laguna y se conecten con una energ\u00eda diferente. Solo se necesitan ganas y concentraci\u00f3n\u201d.<\/p>\n<p style=\"text-align: justify;\">Durante estos primeros meses AQUAFITMAT ha comenzado a abrirse camino en Santiago y Maitencillo, donde recientemente fueron parte de una incre\u00edble jornada en torno al yoga generada por la productora de Marcelo Salas junto a Mar\u00eda Jos\u00e9 Prieto.<\/p>\n<p style=\"text-align: justify;\">\u201cCreo que cada uno de estos peque\u00f1os pasos nos ayudaran a seguir creciendo\u201d, afirmo la amante de los deportes.<\/p>\n<p style=\"text-align: justify;\">Los pr\u00f3ximos desaf\u00edos los vivir\u00e1 Ximena en los festivales Wanderlust y SoulYogaFest que el pr\u00f3ximo 16 de febrero se desarrollaran en la comuna de Puc\u00f3n. En ellos los amantes del yoga podr\u00e1n disfrutar de pr\u00e1cticas al aire libre junto a toda la familia.<\/p>\n<p style=\"text-align: justify;\">Mas informaci\u00f3n en <a href=\"http:\/\/www.aquafitmat.cl\" target=\"_blank\" rel=\"noopener\">www.aquafitmat.cl<\/a><\/p>\n","protected":false},"excerpt":{"rendered":"<div class=\"pvc_clear\"><\/div>\n<p id=\"pvc_stats_1279\" class=\"pvc_stats total_only  \" data-element-id=\"1279\" style=\"\"><i class=\"pvc-stats-icon large\" aria-hidden=\"true\"><svg aria-hidden=\"true\" focusable=\"false\" data-prefix=\"far\" data-icon=\"chart-bar\" role=\"img\" xmlns=\"http:\/\/www.w3.org\/2000\/svg\" viewBox=\"0 0 512 512\" class=\"svg-inline--fa fa-chart-bar fa-w-16 fa-2x\"><path fill=\"currentColor\" d=\"M396.8 352h22.4c6.4 0 12.8-6.4 12.8-12.8V108.8c0-6.4-6.4-12.8-12.8-12.8h-22.4c-6.4 0-12.8 6.4-12.8 12.8v230.4c0 6.4 6.4 12.8 12.8 12.8zm-192 0h22.4c6.4 0 12.8-6.4 12.8-12.8V140.8c0-6.4-6.4-12.8-12.8-12.8h-22.4c-6.4 0-12.8 6.4-12.8 12.8v198.4c0 6.4 6.4 12.8 12.8 12.8zm96 0h22.4c6.4 0 12.8-6.4 12.8-12.8V204.8c0-6.4-6.4-12.8-12.8-12.8h-22.4c-6.4 0-12.8 6.4-12.8 12.8v134.4c0 6.4 6.4 12.8 12.8 12.8zM496 400H48V80c0-8.84-7.16-16-16-16H16C7.16 64 0 71.16 0 80v336c0 17.67 14.33 32 32 32h464c8.84 0 16-7.16 16-16v-16c0-8.84-7.16-16-16-16zm-387.2-48h22.4c6.4 0 12.8-6.4 12.8-12.8v-70.4c0-6.4-6.4-12.8-12.8-12.8h-22.4c-6.4 0-12.8 6.4-12.8 12.8v70.4c0 6.4 6.4 12.8 12.8 12.8z\" class=\"\"><\/path><\/svg><\/i> <img loading=\"lazy\" decoding=\"async\" width=\"16\" height=\"16\" alt=\"Loading\" src=\"https:\/\/temucotelevision.cl\/web\/wp-content\/plugins\/page-views-count\/ajax-loader-2x.gif\" border=0 \/><\/p>\n<div class=\"pvc_clear\"><\/div>\n<p>En los festivales Wanderlust y SoulYogaFest, que se desarrollar\u00e1n en la comuna lacustre el pr\u00f3ximo 16 de febrero, se realizar\u00e1n<\/p>\n","protected":false},"author":1,"featured_media":1280,"comment_status":"open","ping_status":"open","sticky":false,"template":"","format":"standard","meta":{"colormag_page_container_layout":"default_layout","colormag_page_sidebar_layout":"default_layout","footnotes":""},"categories":[101],"tags":[406,407,408,379,405],"class_list":["post-1279","post","type-post","status-publish","format-standard","has-post-thumbnail","hentry","category-actualidad","tag-aquafimat","tag-espacios","tag-pilates","tag-piscina","tag-yoga"],"a3_pvc":{"activated":true,"total_views":29,"today_views":0},"_links":{"self":[{"href":"https:\/\/temucotelevision.cl\/web\/wp-json\/wp\/v2\/posts\/1279","targetHints":{"allow":["GET"]}}],"collection":[{"href":"https:\/\/temucotelevision.cl\/web\/wp-json\/wp\/v2\/posts"}],"about":[{"href":"https:\/\/temucotelevision.cl\/web\/wp-json\/wp\/v2\/types\/post"}],"author":[{"embeddable":true,"href":"https:\/\/temucotelevision.cl\/web\/wp-json\/wp\/v2\/users\/1"}],"replies":[{"embeddable":true,"href":"https:\/\/temucotelevision.cl\/web\/wp-json\/wp\/v2\/comments?post=1279"}],"version-history":[{"count":1,"href":"https:\/\/temucotelevision.cl\/web\/wp-json\/wp\/v2\/posts\/1279\/revisions"}],"predecessor-version":[{"id":1281,"href":"https:\/\/temucotelevision.cl\/web\/wp-json\/wp\/v2\/posts\/1279\/revisions\/1281"}],"wp:featuredmedia":[{"embeddable":true,"href":"https:\/\/temucotelevision.cl\/web\/wp-json\/wp\/v2\/media\/1280"}],"wp:attachment":[{"href":"https:\/\/temucotelevision.cl\/web\/wp-json\/wp\/v2\/media?parent=1279"}],"wp:term":[{"taxonomy":"category","embeddable":true,"href":"https:\/\/temucotelevision.cl\/web\/wp-json\/wp\/v2\/categories?post=1279"},{"taxonomy":"post_tag","embeddable":true,"href":"https:\/\/temucotelevision.cl\/web\/wp-json\/wp\/v2\/tags?post=1279"}],"curies":[{"name":"wp","href":"https:\/\/api.w.org\/{rel}","templated":true}]}}