{"id":1272,"date":"2019-02-07T19:58:38","date_gmt":"2019-02-07T22:58:38","guid":{"rendered":"https:\/\/temucotelevision.cl\/web\/?p=1272"},"modified":"2019-02-07T19:58:38","modified_gmt":"2019-02-07T22:58:38","slug":"temuco-contara-con-patrullaje-preventivo-e-investigativo-aereo","status":"publish","type":"post","link":"https:\/\/temucotelevision.cl\/web\/2019\/02\/07\/temuco-contara-con-patrullaje-preventivo-e-investigativo-aereo\/","title":{"rendered":"Temuco contar\u00e1 con patrullaje preventivo e investigativo a\u00e9reo"},"content":{"rendered":"<div class=\"pvc_clear\"><\/div>\n<p id=\"pvc_stats_1272\" class=\"pvc_stats total_only  \" data-element-id=\"1272\" style=\"\"><i class=\"pvc-stats-icon large\" aria-hidden=\"true\"><svg aria-hidden=\"true\" focusable=\"false\" data-prefix=\"far\" data-icon=\"chart-bar\" role=\"img\" xmlns=\"http:\/\/www.w3.org\/2000\/svg\" viewBox=\"0 0 512 512\" class=\"svg-inline--fa fa-chart-bar fa-w-16 fa-2x\"><path fill=\"currentColor\" d=\"M396.8 352h22.4c6.4 0 12.8-6.4 12.8-12.8V108.8c0-6.4-6.4-12.8-12.8-12.8h-22.4c-6.4 0-12.8 6.4-12.8 12.8v230.4c0 6.4 6.4 12.8 12.8 12.8zm-192 0h22.4c6.4 0 12.8-6.4 12.8-12.8V140.8c0-6.4-6.4-12.8-12.8-12.8h-22.4c-6.4 0-12.8 6.4-12.8 12.8v198.4c0 6.4 6.4 12.8 12.8 12.8zm96 0h22.4c6.4 0 12.8-6.4 12.8-12.8V204.8c0-6.4-6.4-12.8-12.8-12.8h-22.4c-6.4 0-12.8 6.4-12.8 12.8v134.4c0 6.4 6.4 12.8 12.8 12.8zM496 400H48V80c0-8.84-7.16-16-16-16H16C7.16 64 0 71.16 0 80v336c0 17.67 14.33 32 32 32h464c8.84 0 16-7.16 16-16v-16c0-8.84-7.16-16-16-16zm-387.2-48h22.4c6.4 0 12.8-6.4 12.8-12.8v-70.4c0-6.4-6.4-12.8-12.8-12.8h-22.4c-6.4 0-12.8 6.4-12.8 12.8v70.4c0 6.4 6.4 12.8 12.8 12.8z\" class=\"\"><\/path><\/svg><\/i> <img loading=\"lazy\" decoding=\"async\" width=\"16\" height=\"16\" alt=\"Loading\" src=\"https:\/\/temucotelevision.cl\/web\/wp-content\/plugins\/page-views-count\/ajax-loader-2x.gif\" border=0 \/><\/p>\n<div class=\"pvc_clear\"><\/div>\n<p style=\"text-align: justify;\">Con la presencia de la Subsecretaria de Prevenci\u00f3n del Delito, Katherine Martorell, el alcalde de la comuna, Miguel Becker Alvear, parlamentarios, autoridades de Carabineros, PDI e invitados especiales, se llev\u00f3 a cabo la ceremonia de inauguraci\u00f3n del proyecto \u201cPatrullaje Preventivo e Investigativo A\u00e9reo en la Comuna de Temuco\u201d, instancia en la cual se procedi\u00f3 a certificar a los funcionarios municipales, de Carabineros y de la PDI que fueron capacitados en operaci\u00f3n responsable de aeronaves manipuladas a distancia.<\/p>\n<p style=\"text-align: justify;\">Cabe precisar que el proyecto incluy\u00f3 la adquisici\u00f3n de dos drones Matriz 200, de \u00faltima generaci\u00f3n, los cuales ser\u00e1n entregados en calidad de comodato a Carabineros de Chile y a la Polic\u00eda de Investigaciones. El proyecto, ejecutado por el Plan Comunal de Seguridad P\u00fablica y financiado por la Subsecretar\u00eda de Prevenci\u00f3n del Delito, cuenta con una inversi\u00f3n cercana a los 20 millones de pesos.<\/p>\n<p style=\"text-align: justify;\">El alcalde de la comuna Miguel Becker se\u00f1al\u00f3 \u201cera un anhelo desde hace mucho tiempo poder tener estos drones que nos van a permitir desde el aire controlar la delincuencia y poder vigilar nuestra ciudad. Estamos muy contentos con esta inversi\u00f3n de m\u00e1s de 20 millones de pesos, donde adem\u00e1s hemos capacitado a Carabineros, Polic\u00eda de Investigaciones y tambi\u00e9n a nuestra gente\u2026 Asimismo, agradecer a nuestra Subsecretaria de Prevenci\u00f3n del Delito, Katherine Martorell. Es esto lo que precisamente nos est\u00e1 solicitando nuestro Presidente de La Rep\u00fablica Sebasti\u00e1n Pi\u00f1era, poder aportar y apoyar para mejorar las condiciones de vida de nuestra gente\u201d.<\/p>\n<p style=\"text-align: justify;\">En tanto, la Subsecretaria de Prevenci\u00f3n del Delito, Katherine Martorell, precis\u00f3 \u201cestamos muy contentos de ser parte de este proyecto, haberlo impulsado y adem\u00e1s por la recepci\u00f3n que ha tenido el municipio y de c\u00f3mo ha trabajado de manera coordinada, sobre todo con ambas polic\u00edas. Esto va a permitir que a trav\u00e9s del trabajo coordinado se puedan prevenir de mejor manera los delitos y llevar seguridad a todos los ciudadanos de Temuco\u201d.<\/p>\n<p style=\"text-align: justify;\">Por su parte, el Prefecto Inspector V\u00edctor P\u00e9rez Oliva, precis\u00f3 \u201chemos trabajado este proyecto con la Municipalidad y a trav\u00e9s del proceso investigativo que nosotros tenemos y del cual nos hacemos cargo. Este dron nos permitir\u00e1 fortalecer ese proceso investigativo y poder realizar algunas labores espec\u00edficas, sobre todo en aquellas investigaciones que tienen que ver con presuntas desgracias, movimientos de pasos fronterizos&#8230; Agradecemos la predisposici\u00f3n del alcalde para trabajar con la Polic\u00eda de Investigaciones y entender que la labor que nosotros podemos realizar a trav\u00e9s de la investigaci\u00f3n le permite a \u00e9l tambi\u00e9n entregar seguridad a los habitantes de la comuna\u201d.<\/p>\n<p style=\"text-align: justify;\">Asimismo, el General de Carabineros Marcelo Araya Zapata, Jefe de Zona Suplente IX Zona de Carabineros Araucan\u00eda, se\u00f1al\u00f3 \u201ces un muy buen proyecto en el cual estamos conectados con el gobierno, representado por la Subsecretar\u00eda de Prevenci\u00f3n del Delito, el municipio y las polic\u00edas, lo que demuestra el esfuerzo que se hace con respecto a un tema que es tan relevante como la seguridad\u201d.<\/p>\n<p style=\"text-align: justify;\">Una de las alumnas que fue capacitado en manejo de dron fue la cabo 2da. B\u00e1rbara Gonz\u00e1lez quien indic\u00f3 \u201cel curso comenz\u00f3 en diciembre, fue un largo proceso, sin embargo, fue aprobado satisfactoriamente. El dron tiene un zoom de 180 k, que equivale a 4 kil\u00f3metros de distancia, con una velocidad de 70 kil\u00f3metros por hora y abarca 5 kil\u00f3metros de distancia\u201d.<\/p>\n<p style=\"text-align: justify;\">De esta forma, con la materializaci\u00f3n de este proyecto, ejecutado por el Plan Comunal de Seguridad P\u00fablica, se logra fortalecer la prevenci\u00f3n de hechos delictuales, generando tranquilidad en los habitantes de Temuco, espec\u00edficamente en el sector urbano y rural de nuestra comuna.<\/p>\n","protected":false},"excerpt":{"rendered":"<div class=\"pvc_clear\"><\/div>\n<p id=\"pvc_stats_1272\" class=\"pvc_stats total_only  \" data-element-id=\"1272\" style=\"\"><i class=\"pvc-stats-icon large\" aria-hidden=\"true\"><svg aria-hidden=\"true\" focusable=\"false\" data-prefix=\"far\" data-icon=\"chart-bar\" role=\"img\" xmlns=\"http:\/\/www.w3.org\/2000\/svg\" viewBox=\"0 0 512 512\" class=\"svg-inline--fa fa-chart-bar fa-w-16 fa-2x\"><path fill=\"currentColor\" d=\"M396.8 352h22.4c6.4 0 12.8-6.4 12.8-12.8V108.8c0-6.4-6.4-12.8-12.8-12.8h-22.4c-6.4 0-12.8 6.4-12.8 12.8v230.4c0 6.4 6.4 12.8 12.8 12.8zm-192 0h22.4c6.4 0 12.8-6.4 12.8-12.8V140.8c0-6.4-6.4-12.8-12.8-12.8h-22.4c-6.4 0-12.8 6.4-12.8 12.8v198.4c0 6.4 6.4 12.8 12.8 12.8zm96 0h22.4c6.4 0 12.8-6.4 12.8-12.8V204.8c0-6.4-6.4-12.8-12.8-12.8h-22.4c-6.4 0-12.8 6.4-12.8 12.8v134.4c0 6.4 6.4 12.8 12.8 12.8zM496 400H48V80c0-8.84-7.16-16-16-16H16C7.16 64 0 71.16 0 80v336c0 17.67 14.33 32 32 32h464c8.84 0 16-7.16 16-16v-16c0-8.84-7.16-16-16-16zm-387.2-48h22.4c6.4 0 12.8-6.4 12.8-12.8v-70.4c0-6.4-6.4-12.8-12.8-12.8h-22.4c-6.4 0-12.8 6.4-12.8 12.8v70.4c0 6.4 6.4 12.8 12.8 12.8z\" class=\"\"><\/path><\/svg><\/i> <img loading=\"lazy\" decoding=\"async\" width=\"16\" height=\"16\" alt=\"Loading\" src=\"https:\/\/temucotelevision.cl\/web\/wp-content\/plugins\/page-views-count\/ajax-loader-2x.gif\" border=0 \/><\/p>\n<div class=\"pvc_clear\"><\/div>\n<p>Con la presencia de la Subsecretaria de Prevenci\u00f3n del Delito, Katherine Martorell, el alcalde de la comuna, Miguel Becker Alvear,<\/p>\n","protected":false},"author":1,"featured_media":1273,"comment_status":"open","ping_status":"open","sticky":false,"template":"","format":"standard","meta":{"colormag_page_container_layout":"default_layout","colormag_page_sidebar_layout":"default_layout","footnotes":""},"categories":[101],"tags":[125,252,397,235,398,76,400,399],"class_list":["post-1272","post","type-post","status-publish","format-standard","has-post-thumbnail","hentry","category-actualidad","tag-carabineros","tag-centro","tag-drones","tag-funcionarios","tag-municipales","tag-pdi","tag-robos","tag-seguridad"],"a3_pvc":{"activated":true,"total_views":26,"today_views":0},"_links":{"self":[{"href":"https:\/\/temucotelevision.cl\/web\/wp-json\/wp\/v2\/posts\/1272","targetHints":{"allow":["GET"]}}],"collection":[{"href":"https:\/\/temucotelevision.cl\/web\/wp-json\/wp\/v2\/posts"}],"about":[{"href":"https:\/\/temucotelevision.cl\/web\/wp-json\/wp\/v2\/types\/post"}],"author":[{"embeddable":true,"href":"https:\/\/temucotelevision.cl\/web\/wp-json\/wp\/v2\/users\/1"}],"replies":[{"embeddable":true,"href":"https:\/\/temucotelevision.cl\/web\/wp-json\/wp\/v2\/comments?post=1272"}],"version-history":[{"count":1,"href":"https:\/\/temucotelevision.cl\/web\/wp-json\/wp\/v2\/posts\/1272\/revisions"}],"predecessor-version":[{"id":1274,"href":"https:\/\/temucotelevision.cl\/web\/wp-json\/wp\/v2\/posts\/1272\/revisions\/1274"}],"wp:featuredmedia":[{"embeddable":true,"href":"https:\/\/temucotelevision.cl\/web\/wp-json\/wp\/v2\/media\/1273"}],"wp:attachment":[{"href":"https:\/\/temucotelevision.cl\/web\/wp-json\/wp\/v2\/media?parent=1272"}],"wp:term":[{"taxonomy":"category","embeddable":true,"href":"https:\/\/temucotelevision.cl\/web\/wp-json\/wp\/v2\/categories?post=1272"},{"taxonomy":"post_tag","embeddable":true,"href":"https:\/\/temucotelevision.cl\/web\/wp-json\/wp\/v2\/tags?post=1272"}],"curies":[{"name":"wp","href":"https:\/\/api.w.org\/{rel}","templated":true}]}}