{"id":1266,"date":"2019-02-07T19:42:11","date_gmt":"2019-02-07T22:42:11","guid":{"rendered":"https:\/\/temucotelevision.cl\/web\/?p=1266"},"modified":"2019-02-07T19:53:58","modified_gmt":"2019-02-07T22:53:58","slug":"fotos-en-pasarela-del-tejido-2019-candidatas-a-reina-de-villarrica-van-por-la-recta-final","status":"publish","type":"post","link":"https:\/\/temucotelevision.cl\/web\/2019\/02\/07\/fotos-en-pasarela-del-tejido-2019-candidatas-a-reina-de-villarrica-van-por-la-recta-final\/","title":{"rendered":"[Fotos] En Pasarela del Tejido 2019 candidatas a Reina de Villarrica van por la recta final"},"content":{"rendered":"<div class=\"pvc_clear\"><\/div>\n<p id=\"pvc_stats_1266\" class=\"pvc_stats total_only  \" data-element-id=\"1266\" style=\"\"><i class=\"pvc-stats-icon large\" aria-hidden=\"true\"><svg aria-hidden=\"true\" focusable=\"false\" data-prefix=\"far\" data-icon=\"chart-bar\" role=\"img\" xmlns=\"http:\/\/www.w3.org\/2000\/svg\" viewBox=\"0 0 512 512\" class=\"svg-inline--fa fa-chart-bar fa-w-16 fa-2x\"><path fill=\"currentColor\" d=\"M396.8 352h22.4c6.4 0 12.8-6.4 12.8-12.8V108.8c0-6.4-6.4-12.8-12.8-12.8h-22.4c-6.4 0-12.8 6.4-12.8 12.8v230.4c0 6.4 6.4 12.8 12.8 12.8zm-192 0h22.4c6.4 0 12.8-6.4 12.8-12.8V140.8c0-6.4-6.4-12.8-12.8-12.8h-22.4c-6.4 0-12.8 6.4-12.8 12.8v198.4c0 6.4 6.4 12.8 12.8 12.8zm96 0h22.4c6.4 0 12.8-6.4 12.8-12.8V204.8c0-6.4-6.4-12.8-12.8-12.8h-22.4c-6.4 0-12.8 6.4-12.8 12.8v134.4c0 6.4 6.4 12.8 12.8 12.8zM496 400H48V80c0-8.84-7.16-16-16-16H16C7.16 64 0 71.16 0 80v336c0 17.67 14.33 32 32 32h464c8.84 0 16-7.16 16-16v-16c0-8.84-7.16-16-16-16zm-387.2-48h22.4c6.4 0 12.8-6.4 12.8-12.8v-70.4c0-6.4-6.4-12.8-12.8-12.8h-22.4c-6.4 0-12.8 6.4-12.8 12.8v70.4c0 6.4 6.4 12.8 12.8 12.8z\" class=\"\"><\/path><\/svg><\/i> <img loading=\"lazy\" decoding=\"async\" width=\"16\" height=\"16\" alt=\"Loading\" src=\"https:\/\/temucotelevision.cl\/web\/wp-content\/plugins\/page-views-count\/ajax-loader-2x.gif\" border=0 \/><\/p>\n<div class=\"pvc_clear\"><\/div>\n<p style=\"text-align: justify;\">Como uno de los sucesos m\u00e1s representativos del verano en la ciudad lacustre, es catalogada la \u201cPasarela del Tejido y Elecci\u00f3n de Reina de Villarrica, organizada por la Municipalidad de Villarrica, a trav\u00e9s del Centro Empresarial y de Emprendimiento.<\/p>\n<p style=\"text-align: justify;\">Actividad, que tiene dentro de sus objetivos exhibir el trabajo realizado durante el a\u00f1o por las artesanas textileras de la comuna, donde plasman en sus prendas de vestir exclusivos dise\u00f1os, utilizando nobles materias primas y variadas t\u00e9cnicas ancestrales, con productos naturales como lana de oveja te\u00f1idas con ra\u00edces, tejidas a palillos, crochet, telar y otras disciplinas que recuperan el arte del tejido originario de estas latitudes, rescatando el concepto de identidad local.<\/p>\n<p style=\"text-align: justify;\">Reina Villarrica 2019<\/p>\n<p style=\"text-align: justify;\">Con m\u00faltiples actividades, las ocho candidatas a Reina de Villarrica, se preparan para el evento final que se llevar\u00e1 a cabo el pr\u00f3ximo 05 de febrero a las 20:00 horas, en el frontis de la Municipalidad de Villarrica, actividad donde se elegir\u00e1 a la soberana de belleza que representar\u00e1 a la juventud de Villarrica en la Pasarela del Tejido 2019.<\/p>\n<p style=\"text-align: justify;\">Durante estas \u00faltimas semanas, las candidatas han\u00a0realizado clases de modelaje, est\u00e9tica y crecimiento personal, preparadas por profesionales del \u00e1rea.<\/p>\n<p style=\"text-align: justify;\">La localidad de Lican Ray y sus alrededores, fueron los escenarios ideales para plasmar en toda su dimensi\u00f3n la belleza esc\u00e9nica documentada en sesiones fotogr\u00e1ficas, que ser\u00e1n exhibidas de manera integral en la Pasarela del Tejido 2019.<\/p>\n<p><img loading=\"lazy\" decoding=\"async\" class=\"size-full wp-image-1267 aligncenter\" src=\"https:\/\/temucotelevision.cl\/web\/wp-content\/uploads\/2019\/02\/Candidatas-Pasarela2.jpg\" alt=\"\" width=\"800\" height=\"455\" srcset=\"https:\/\/temucotelevision.cl\/web\/wp-content\/uploads\/2019\/02\/Candidatas-Pasarela2.jpg 800w, https:\/\/temucotelevision.cl\/web\/wp-content\/uploads\/2019\/02\/Candidatas-Pasarela2-768x437.jpg 768w\" sizes=\"auto, (max-width: 800px) 100vw, 800px\" \/><\/p>\n<p><img loading=\"lazy\" decoding=\"async\" class=\"size-medium wp-image-1268 aligncenter\" src=\"https:\/\/temucotelevision.cl\/web\/wp-content\/uploads\/2019\/02\/Candidatas-Pasarela4-2000x3000.jpg\" alt=\"\" width=\"2000\" height=\"3000\" srcset=\"https:\/\/temucotelevision.cl\/web\/wp-content\/uploads\/2019\/02\/Candidatas-Pasarela4-2000x3000.jpg 2000w, https:\/\/temucotelevision.cl\/web\/wp-content\/uploads\/2019\/02\/Candidatas-Pasarela4-768x1152.jpg 768w, https:\/\/temucotelevision.cl\/web\/wp-content\/uploads\/2019\/02\/Candidatas-Pasarela4-683x1024.jpg 683w\" sizes=\"auto, (max-width: 2000px) 100vw, 2000px\" \/><\/p>\n<p><img loading=\"lazy\" decoding=\"async\" class=\"size-full wp-image-1269 aligncenter\" src=\"https:\/\/temucotelevision.cl\/web\/wp-content\/uploads\/2019\/02\/Candidatas-Pasarela5.jpg\" alt=\"\" width=\"800\" height=\"455\" srcset=\"https:\/\/temucotelevision.cl\/web\/wp-content\/uploads\/2019\/02\/Candidatas-Pasarela5.jpg 800w, https:\/\/temucotelevision.cl\/web\/wp-content\/uploads\/2019\/02\/Candidatas-Pasarela5-768x437.jpg 768w\" sizes=\"auto, (max-width: 800px) 100vw, 800px\" \/><\/p>\n","protected":false},"excerpt":{"rendered":"<div class=\"pvc_clear\"><\/div>\n<p id=\"pvc_stats_1266\" class=\"pvc_stats total_only  \" data-element-id=\"1266\" style=\"\"><i class=\"pvc-stats-icon large\" aria-hidden=\"true\"><svg aria-hidden=\"true\" focusable=\"false\" data-prefix=\"far\" data-icon=\"chart-bar\" role=\"img\" xmlns=\"http:\/\/www.w3.org\/2000\/svg\" viewBox=\"0 0 512 512\" class=\"svg-inline--fa fa-chart-bar fa-w-16 fa-2x\"><path fill=\"currentColor\" d=\"M396.8 352h22.4c6.4 0 12.8-6.4 12.8-12.8V108.8c0-6.4-6.4-12.8-12.8-12.8h-22.4c-6.4 0-12.8 6.4-12.8 12.8v230.4c0 6.4 6.4 12.8 12.8 12.8zm-192 0h22.4c6.4 0 12.8-6.4 12.8-12.8V140.8c0-6.4-6.4-12.8-12.8-12.8h-22.4c-6.4 0-12.8 6.4-12.8 12.8v198.4c0 6.4 6.4 12.8 12.8 12.8zm96 0h22.4c6.4 0 12.8-6.4 12.8-12.8V204.8c0-6.4-6.4-12.8-12.8-12.8h-22.4c-6.4 0-12.8 6.4-12.8 12.8v134.4c0 6.4 6.4 12.8 12.8 12.8zM496 400H48V80c0-8.84-7.16-16-16-16H16C7.16 64 0 71.16 0 80v336c0 17.67 14.33 32 32 32h464c8.84 0 16-7.16 16-16v-16c0-8.84-7.16-16-16-16zm-387.2-48h22.4c6.4 0 12.8-6.4 12.8-12.8v-70.4c0-6.4-6.4-12.8-12.8-12.8h-22.4c-6.4 0-12.8 6.4-12.8 12.8v70.4c0 6.4 6.4 12.8 12.8 12.8z\" class=\"\"><\/path><\/svg><\/i> <img loading=\"lazy\" decoding=\"async\" width=\"16\" height=\"16\" alt=\"Loading\" src=\"https:\/\/temucotelevision.cl\/web\/wp-content\/plugins\/page-views-count\/ajax-loader-2x.gif\" border=0 \/><\/p>\n<div class=\"pvc_clear\"><\/div>\n<p>Como uno de los sucesos m\u00e1s representativos del verano en la ciudad lacustre, es catalogada la \u201cPasarela del Tejido y<\/p>\n","protected":false},"author":1,"featured_media":1271,"comment_status":"open","ping_status":"open","sticky":false,"template":"","format":"standard","meta":{"colormag_page_container_layout":"default_layout","colormag_page_sidebar_layout":"default_layout","footnotes":""},"categories":[15],"tags":[],"class_list":["post-1266","post","type-post","status-publish","format-standard","has-post-thumbnail","hentry","category-la-araucania"],"a3_pvc":{"activated":true,"total_views":148,"today_views":0},"_links":{"self":[{"href":"https:\/\/temucotelevision.cl\/web\/wp-json\/wp\/v2\/posts\/1266","targetHints":{"allow":["GET"]}}],"collection":[{"href":"https:\/\/temucotelevision.cl\/web\/wp-json\/wp\/v2\/posts"}],"about":[{"href":"https:\/\/temucotelevision.cl\/web\/wp-json\/wp\/v2\/types\/post"}],"author":[{"embeddable":true,"href":"https:\/\/temucotelevision.cl\/web\/wp-json\/wp\/v2\/users\/1"}],"replies":[{"embeddable":true,"href":"https:\/\/temucotelevision.cl\/web\/wp-json\/wp\/v2\/comments?post=1266"}],"version-history":[{"count":1,"href":"https:\/\/temucotelevision.cl\/web\/wp-json\/wp\/v2\/posts\/1266\/revisions"}],"predecessor-version":[{"id":1270,"href":"https:\/\/temucotelevision.cl\/web\/wp-json\/wp\/v2\/posts\/1266\/revisions\/1270"}],"wp:featuredmedia":[{"embeddable":true,"href":"https:\/\/temucotelevision.cl\/web\/wp-json\/wp\/v2\/media\/1271"}],"wp:attachment":[{"href":"https:\/\/temucotelevision.cl\/web\/wp-json\/wp\/v2\/media?parent=1266"}],"wp:term":[{"taxonomy":"category","embeddable":true,"href":"https:\/\/temucotelevision.cl\/web\/wp-json\/wp\/v2\/categories?post=1266"},{"taxonomy":"post_tag","embeddable":true,"href":"https:\/\/temucotelevision.cl\/web\/wp-json\/wp\/v2\/tags?post=1266"}],"curies":[{"name":"wp","href":"https:\/\/api.w.org\/{rel}","templated":true}]}}