{"id":1262,"date":"2019-02-07T19:04:31","date_gmt":"2019-02-07T22:04:31","guid":{"rendered":"https:\/\/temucotelevision.cl\/web\/?p=1262"},"modified":"2019-02-07T19:04:31","modified_gmt":"2019-02-07T22:04:31","slug":"eklipse-de-amor-los-prisioneros-del-sur-y-jorge-luis-el-protillo-animaran-la-feria-gastronomica-polul-bajo","status":"publish","type":"post","link":"https:\/\/temucotelevision.cl\/web\/2019\/02\/07\/eklipse-de-amor-los-prisioneros-del-sur-y-jorge-luis-el-protillo-animaran-la-feria-gastronomica-polul-bajo\/","title":{"rendered":"Eklipse de Amor, Los Prisioneros del Sur y Jorge Luis \u201cEl Protillo\u201d animar\u00e1n la Feria Gastron\u00f3mica Polul Bajo"},"content":{"rendered":"<div class=\"pvc_clear\"><\/div>\n<p id=\"pvc_stats_1262\" class=\"pvc_stats total_only  \" data-element-id=\"1262\" style=\"\"><i class=\"pvc-stats-icon large\" aria-hidden=\"true\"><svg aria-hidden=\"true\" focusable=\"false\" data-prefix=\"far\" data-icon=\"chart-bar\" role=\"img\" xmlns=\"http:\/\/www.w3.org\/2000\/svg\" viewBox=\"0 0 512 512\" class=\"svg-inline--fa fa-chart-bar fa-w-16 fa-2x\"><path fill=\"currentColor\" d=\"M396.8 352h22.4c6.4 0 12.8-6.4 12.8-12.8V108.8c0-6.4-6.4-12.8-12.8-12.8h-22.4c-6.4 0-12.8 6.4-12.8 12.8v230.4c0 6.4 6.4 12.8 12.8 12.8zm-192 0h22.4c6.4 0 12.8-6.4 12.8-12.8V140.8c0-6.4-6.4-12.8-12.8-12.8h-22.4c-6.4 0-12.8 6.4-12.8 12.8v198.4c0 6.4 6.4 12.8 12.8 12.8zm96 0h22.4c6.4 0 12.8-6.4 12.8-12.8V204.8c0-6.4-6.4-12.8-12.8-12.8h-22.4c-6.4 0-12.8 6.4-12.8 12.8v134.4c0 6.4 6.4 12.8 12.8 12.8zM496 400H48V80c0-8.84-7.16-16-16-16H16C7.16 64 0 71.16 0 80v336c0 17.67 14.33 32 32 32h464c8.84 0 16-7.16 16-16v-16c0-8.84-7.16-16-16-16zm-387.2-48h22.4c6.4 0 12.8-6.4 12.8-12.8v-70.4c0-6.4-6.4-12.8-12.8-12.8h-22.4c-6.4 0-12.8 6.4-12.8 12.8v70.4c0 6.4 6.4 12.8 12.8 12.8z\" class=\"\"><\/path><\/svg><\/i> <img loading=\"lazy\" decoding=\"async\" width=\"16\" height=\"16\" alt=\"Loading\" src=\"https:\/\/temucotelevision.cl\/web\/wp-content\/plugins\/page-views-count\/ajax-loader-2x.gif\" border=0 \/><\/p>\n<div class=\"pvc_clear\"><\/div>\n<p style=\"text-align: justify;\">Este domingo 10 de febrero se realizar\u00e1 la segunda versi\u00f3n de la Feria Gastron\u00f3mica Polul Bajo, organizada por el Comit\u00e9 de Peque\u00f1os Agricultores del mencionado sector ubicado en Gorbea, el evento se desarrollar\u00e1 en la sede comunitaria, emplazada en la Quinta Faja km 21 y durante la jornada los asistentes podr\u00e1n disfrutar de m\u00fasica en vivo, gastronom\u00eda y tradiciones.<\/p>\n<p style=\"text-align: justify;\">En esta oportunidad se presentar\u00e1n conjuntos folcl\u00f3ricos, adem\u00e1s de los grupos Eklipse de Amor y Los Prisioneros del Sur y Jorge Luis \u201cEl Potrillo\u201d. El alcalde Guido Siegmund hizo una invitaci\u00f3n para aquellos interesados en visitar esta feria \u201cdejamos a todos los vecinos invitados a la Feria Gastron\u00f3mica de Polul Bajo, en la que va a haber m\u00fasica en vivo, se van a presentar grupos folcl\u00f3ricos y tambi\u00e9n habr\u00e1 asados criollos\u201d.<\/p>\n<p style=\"text-align: justify;\">La Feria Gastron\u00f3mica Polul Bajo tambi\u00e9n tendr\u00e1 un espacio para la exhibici\u00f3n de artesan\u00eda, como por ejemplo, productos elaborados con lana. Todo comenzar\u00e1 desde las 12 horas en la sede comunitaria ubicada en la Quinta Faja km 21 y se recuerda que es un evento con entrada liberada.<\/p>\n<p><img loading=\"lazy\" decoding=\"async\" class=\"size-full wp-image-1264 aligncenter\" src=\"https:\/\/temucotelevision.cl\/web\/wp-content\/uploads\/2019\/02\/Feria-Gorbea2.jpg\" alt=\"\" width=\"800\" height=\"455\" srcset=\"https:\/\/temucotelevision.cl\/web\/wp-content\/uploads\/2019\/02\/Feria-Gorbea2.jpg 800w, https:\/\/temucotelevision.cl\/web\/wp-content\/uploads\/2019\/02\/Feria-Gorbea2-768x437.jpg 768w\" sizes=\"auto, (max-width: 800px) 100vw, 800px\" \/><\/p>\n","protected":false},"excerpt":{"rendered":"<div class=\"pvc_clear\"><\/div>\n<p id=\"pvc_stats_1262\" class=\"pvc_stats total_only  \" data-element-id=\"1262\" style=\"\"><i class=\"pvc-stats-icon large\" aria-hidden=\"true\"><svg aria-hidden=\"true\" focusable=\"false\" data-prefix=\"far\" data-icon=\"chart-bar\" role=\"img\" xmlns=\"http:\/\/www.w3.org\/2000\/svg\" viewBox=\"0 0 512 512\" class=\"svg-inline--fa fa-chart-bar fa-w-16 fa-2x\"><path fill=\"currentColor\" d=\"M396.8 352h22.4c6.4 0 12.8-6.4 12.8-12.8V108.8c0-6.4-6.4-12.8-12.8-12.8h-22.4c-6.4 0-12.8 6.4-12.8 12.8v230.4c0 6.4 6.4 12.8 12.8 12.8zm-192 0h22.4c6.4 0 12.8-6.4 12.8-12.8V140.8c0-6.4-6.4-12.8-12.8-12.8h-22.4c-6.4 0-12.8 6.4-12.8 12.8v198.4c0 6.4 6.4 12.8 12.8 12.8zm96 0h22.4c6.4 0 12.8-6.4 12.8-12.8V204.8c0-6.4-6.4-12.8-12.8-12.8h-22.4c-6.4 0-12.8 6.4-12.8 12.8v134.4c0 6.4 6.4 12.8 12.8 12.8zM496 400H48V80c0-8.84-7.16-16-16-16H16C7.16 64 0 71.16 0 80v336c0 17.67 14.33 32 32 32h464c8.84 0 16-7.16 16-16v-16c0-8.84-7.16-16-16-16zm-387.2-48h22.4c6.4 0 12.8-6.4 12.8-12.8v-70.4c0-6.4-6.4-12.8-12.8-12.8h-22.4c-6.4 0-12.8 6.4-12.8 12.8v70.4c0 6.4 6.4 12.8 12.8 12.8z\" class=\"\"><\/path><\/svg><\/i> <img loading=\"lazy\" decoding=\"async\" width=\"16\" height=\"16\" alt=\"Loading\" src=\"https:\/\/temucotelevision.cl\/web\/wp-content\/plugins\/page-views-count\/ajax-loader-2x.gif\" border=0 \/><\/p>\n<div class=\"pvc_clear\"><\/div>\n<p>Este domingo 10 de febrero se realizar\u00e1 la segunda versi\u00f3n de la Feria Gastron\u00f3mica Polul Bajo, organizada por el Comit\u00e9<\/p>\n","protected":false},"author":1,"featured_media":1263,"comment_status":"open","ping_status":"open","sticky":false,"template":"","format":"standard","meta":{"colormag_page_container_layout":"default_layout","colormag_page_sidebar_layout":"default_layout","footnotes":""},"categories":[86],"tags":[257,395,382,394,396],"class_list":["post-1262","post","type-post","status-publish","format-standard","has-post-thumbnail","hentry","category-panoramas","tag-feria","tag-gastronomia","tag-gorbea","tag-grupos","tag-tradiciones"],"a3_pvc":{"activated":true,"total_views":121,"today_views":0},"_links":{"self":[{"href":"https:\/\/temucotelevision.cl\/web\/wp-json\/wp\/v2\/posts\/1262","targetHints":{"allow":["GET"]}}],"collection":[{"href":"https:\/\/temucotelevision.cl\/web\/wp-json\/wp\/v2\/posts"}],"about":[{"href":"https:\/\/temucotelevision.cl\/web\/wp-json\/wp\/v2\/types\/post"}],"author":[{"embeddable":true,"href":"https:\/\/temucotelevision.cl\/web\/wp-json\/wp\/v2\/users\/1"}],"replies":[{"embeddable":true,"href":"https:\/\/temucotelevision.cl\/web\/wp-json\/wp\/v2\/comments?post=1262"}],"version-history":[{"count":1,"href":"https:\/\/temucotelevision.cl\/web\/wp-json\/wp\/v2\/posts\/1262\/revisions"}],"predecessor-version":[{"id":1265,"href":"https:\/\/temucotelevision.cl\/web\/wp-json\/wp\/v2\/posts\/1262\/revisions\/1265"}],"wp:featuredmedia":[{"embeddable":true,"href":"https:\/\/temucotelevision.cl\/web\/wp-json\/wp\/v2\/media\/1263"}],"wp:attachment":[{"href":"https:\/\/temucotelevision.cl\/web\/wp-json\/wp\/v2\/media?parent=1262"}],"wp:term":[{"taxonomy":"category","embeddable":true,"href":"https:\/\/temucotelevision.cl\/web\/wp-json\/wp\/v2\/categories?post=1262"},{"taxonomy":"post_tag","embeddable":true,"href":"https:\/\/temucotelevision.cl\/web\/wp-json\/wp\/v2\/tags?post=1262"}],"curies":[{"name":"wp","href":"https:\/\/api.w.org\/{rel}","templated":true}]}}