{"id":1258,"date":"2019-02-07T17:12:43","date_gmt":"2019-02-07T20:12:43","guid":{"rendered":"https:\/\/temucotelevision.cl\/web\/?p=1258"},"modified":"2019-02-07T17:12:43","modified_gmt":"2019-02-07T20:12:43","slug":"antonio-rios-el-maestro-anuncia-show-inolvidable-este-viernes-en-temuco","status":"publish","type":"post","link":"https:\/\/temucotelevision.cl\/web\/2019\/02\/07\/antonio-rios-el-maestro-anuncia-show-inolvidable-este-viernes-en-temuco\/","title":{"rendered":"Antonio R\u00edos \u201cEl Maestro\u201d anuncia show inolvidable este viernes en Temuco"},"content":{"rendered":"<div class=\"pvc_clear\"><\/div>\n<p id=\"pvc_stats_1258\" class=\"pvc_stats total_only  \" data-element-id=\"1258\" style=\"\"><i class=\"pvc-stats-icon large\" aria-hidden=\"true\"><svg aria-hidden=\"true\" focusable=\"false\" data-prefix=\"far\" data-icon=\"chart-bar\" role=\"img\" xmlns=\"http:\/\/www.w3.org\/2000\/svg\" viewBox=\"0 0 512 512\" class=\"svg-inline--fa fa-chart-bar fa-w-16 fa-2x\"><path fill=\"currentColor\" d=\"M396.8 352h22.4c6.4 0 12.8-6.4 12.8-12.8V108.8c0-6.4-6.4-12.8-12.8-12.8h-22.4c-6.4 0-12.8 6.4-12.8 12.8v230.4c0 6.4 6.4 12.8 12.8 12.8zm-192 0h22.4c6.4 0 12.8-6.4 12.8-12.8V140.8c0-6.4-6.4-12.8-12.8-12.8h-22.4c-6.4 0-12.8 6.4-12.8 12.8v198.4c0 6.4 6.4 12.8 12.8 12.8zm96 0h22.4c6.4 0 12.8-6.4 12.8-12.8V204.8c0-6.4-6.4-12.8-12.8-12.8h-22.4c-6.4 0-12.8 6.4-12.8 12.8v134.4c0 6.4 6.4 12.8 12.8 12.8zM496 400H48V80c0-8.84-7.16-16-16-16H16C7.16 64 0 71.16 0 80v336c0 17.67 14.33 32 32 32h464c8.84 0 16-7.16 16-16v-16c0-8.84-7.16-16-16-16zm-387.2-48h22.4c6.4 0 12.8-6.4 12.8-12.8v-70.4c0-6.4-6.4-12.8-12.8-12.8h-22.4c-6.4 0-12.8 6.4-12.8 12.8v70.4c0 6.4 6.4 12.8 12.8 12.8z\" class=\"\"><\/path><\/svg><\/i> <img loading=\"lazy\" decoding=\"async\" width=\"16\" height=\"16\" alt=\"Loading\" src=\"https:\/\/temucotelevision.cl\/web\/wp-content\/plugins\/page-views-count\/ajax-loader-2x.gif\" border=0 \/><\/p>\n<div class=\"pvc_clear\"><\/div>\n<p style=\"text-align: justify;\">Lo nuevo y \u201clo de siempre\u201d estar\u00e1n sobre el escenario del Restobar Lucky 7.<\/p>\n<p style=\"text-align: justify;\">\u201cEstoy muy feliz de estar nuevamente en Chile y agradezco la invitaci\u00f3n de Dreams Temuco ya que me permite devolver algo del cari\u00f1o enorme que siempre me entrega este pa\u00eds. Para m\u00ed, adem\u00e1s, y lo he dicho antes, la m\u00fasica no tiene enemigos, por eso traspasa fronteras y voy a cualquier pa\u00eds sin problemas, con el \u00fanico fin de llevar alegr\u00eda, fiesta y entretenci\u00f3n al p\u00fablico\u201d, sostuvo.<\/p>\n<p style=\"text-align: justify;\">Con esa fuerza interior y recargado por el incesante \u00e9xito en todos los escenarios donde se presenta, vuelve a la zona sur, \u201cEl Maestro\u201d. La jornada de ritmo y sabor est\u00e1 fijada para las 23:00 horas de este viernes. \u201cQuiero que la gente vaya porque el show es fant\u00e1stico y est\u00e1 pensado en Los habitantes de la Regi\u00f3n de La Araucan\u00eda que siempre me ha tratado tan bien\u201d, acot\u00f3 el artista argentino quien recorre Am\u00e9rica con su \u00faltimo trabajo llamado \u201cGitana Amada\u201d.<\/p>\n<p style=\"text-align: justify;\">El int\u00e9rprete de temas tan afamados como \u201cNunca Me Faltes\u201d, relat\u00f3 a este medio que \u201cser\u00e1 una linda oportunidad para revisar los \u00e9xitos de siempre, pero tambi\u00e9n para mostrar los temas y proyectos nuevos que hemos venido trabajando desde el a\u00f1o pasado\u201d.<br \/>\nEl oriundo de la localidad de La Escondida, en la provincia del Chaco, viene de presentarse en diversos escenarios del pa\u00eds con motivo de las fiestas patrias en ciudades del norte y sur de Chile donde siempre es querido y cuenta con gran n\u00famero de seguidores y seguidoras.<\/p>\n<p style=\"text-align: justify;\">Carrera<\/p>\n<p style=\"text-align: justify;\">Nacido el 17 de agosto de 1954, Antonio R\u00edos inici\u00f3 su carrera musical en el a\u00f1o 1982 de forma muy intermitente sumando su participaci\u00f3n en varios grupos como \u201cGreen\u201d, \u201cSombras\u201d y \u201cMalagata\u201d. Despu\u00e9s de eso, en 1994, decidi\u00f3 comenzar su aventura en solitario producto de lo cual vino la producci\u00f3n de \u201cLa Gata Flora\u201d, a la postre su primer disco de oro.<\/p>\n<p style=\"text-align: justify;\">De ah\u00ed en adelante una nueva propuesta exacta cada a\u00f1o hasta el 2008, hicieron de este int\u00e9rprete uno de los m\u00e1s reconocidos de su pa\u00eds, con incursiones permanentes en Chile, Per\u00fa, Ecuador y Bolivia, entre otros pa\u00edses y aplaudidos pasos por el Festival Internacional de Vi\u00f1a del Mar, aparte de la conquista de nuevos discos de platino, oro y hasta diamante.<\/p>\n<p style=\"text-align: justify;\">Por todos estos antecedentes, sin duda la presencia de este \u00eddolo de la cumbia, este viernes desde las 23 horas en el escenario del Restobar Lucky 7, no pasar\u00e1 inadvertida y ser\u00e1 una ocasi\u00f3n ideal para bailar y divertirse en un grato ambiente. El acceso al show del \u201cMaestro\u201d es gratuito, con la entrada al centro de entretenci\u00f3n de Avenida Alemania 0945.<\/p>\n","protected":false},"excerpt":{"rendered":"<div class=\"pvc_clear\"><\/div>\n<p id=\"pvc_stats_1258\" class=\"pvc_stats total_only  \" data-element-id=\"1258\" style=\"\"><i class=\"pvc-stats-icon large\" aria-hidden=\"true\"><svg aria-hidden=\"true\" focusable=\"false\" data-prefix=\"far\" data-icon=\"chart-bar\" role=\"img\" xmlns=\"http:\/\/www.w3.org\/2000\/svg\" viewBox=\"0 0 512 512\" class=\"svg-inline--fa fa-chart-bar fa-w-16 fa-2x\"><path fill=\"currentColor\" d=\"M396.8 352h22.4c6.4 0 12.8-6.4 12.8-12.8V108.8c0-6.4-6.4-12.8-12.8-12.8h-22.4c-6.4 0-12.8 6.4-12.8 12.8v230.4c0 6.4 6.4 12.8 12.8 12.8zm-192 0h22.4c6.4 0 12.8-6.4 12.8-12.8V140.8c0-6.4-6.4-12.8-12.8-12.8h-22.4c-6.4 0-12.8 6.4-12.8 12.8v198.4c0 6.4 6.4 12.8 12.8 12.8zm96 0h22.4c6.4 0 12.8-6.4 12.8-12.8V204.8c0-6.4-6.4-12.8-12.8-12.8h-22.4c-6.4 0-12.8 6.4-12.8 12.8v134.4c0 6.4 6.4 12.8 12.8 12.8zM496 400H48V80c0-8.84-7.16-16-16-16H16C7.16 64 0 71.16 0 80v336c0 17.67 14.33 32 32 32h464c8.84 0 16-7.16 16-16v-16c0-8.84-7.16-16-16-16zm-387.2-48h22.4c6.4 0 12.8-6.4 12.8-12.8v-70.4c0-6.4-6.4-12.8-12.8-12.8h-22.4c-6.4 0-12.8 6.4-12.8 12.8v70.4c0 6.4 6.4 12.8 12.8 12.8z\" class=\"\"><\/path><\/svg><\/i> <img loading=\"lazy\" decoding=\"async\" width=\"16\" height=\"16\" alt=\"Loading\" src=\"https:\/\/temucotelevision.cl\/web\/wp-content\/plugins\/page-views-count\/ajax-loader-2x.gif\" border=0 \/><\/p>\n<div class=\"pvc_clear\"><\/div>\n<p>Lo nuevo y \u201clo de siempre\u201d estar\u00e1n sobre el escenario del Restobar Lucky 7. \u201cEstoy muy feliz de estar nuevamente<\/p>\n","protected":false},"author":1,"featured_media":1259,"comment_status":"open","ping_status":"open","sticky":false,"template":"","format":"standard","meta":{"colormag_page_container_layout":"default_layout","colormag_page_sidebar_layout":"default_layout","footnotes":""},"categories":[86],"tags":[390,393,392,391],"class_list":["post-1258","post","type-post","status-publish","format-standard","has-post-thumbnail","hentry","category-panoramas","tag-antonio-rios","tag-canciones","tag-casino","tag-dreams"],"a3_pvc":{"activated":true,"total_views":124,"today_views":0},"_links":{"self":[{"href":"https:\/\/temucotelevision.cl\/web\/wp-json\/wp\/v2\/posts\/1258","targetHints":{"allow":["GET"]}}],"collection":[{"href":"https:\/\/temucotelevision.cl\/web\/wp-json\/wp\/v2\/posts"}],"about":[{"href":"https:\/\/temucotelevision.cl\/web\/wp-json\/wp\/v2\/types\/post"}],"author":[{"embeddable":true,"href":"https:\/\/temucotelevision.cl\/web\/wp-json\/wp\/v2\/users\/1"}],"replies":[{"embeddable":true,"href":"https:\/\/temucotelevision.cl\/web\/wp-json\/wp\/v2\/comments?post=1258"}],"version-history":[{"count":1,"href":"https:\/\/temucotelevision.cl\/web\/wp-json\/wp\/v2\/posts\/1258\/revisions"}],"predecessor-version":[{"id":1260,"href":"https:\/\/temucotelevision.cl\/web\/wp-json\/wp\/v2\/posts\/1258\/revisions\/1260"}],"wp:featuredmedia":[{"embeddable":true,"href":"https:\/\/temucotelevision.cl\/web\/wp-json\/wp\/v2\/media\/1259"}],"wp:attachment":[{"href":"https:\/\/temucotelevision.cl\/web\/wp-json\/wp\/v2\/media?parent=1258"}],"wp:term":[{"taxonomy":"category","embeddable":true,"href":"https:\/\/temucotelevision.cl\/web\/wp-json\/wp\/v2\/categories?post=1258"},{"taxonomy":"post_tag","embeddable":true,"href":"https:\/\/temucotelevision.cl\/web\/wp-json\/wp\/v2\/tags?post=1258"}],"curies":[{"name":"wp","href":"https:\/\/api.w.org\/{rel}","templated":true}]}}