{"id":12575,"date":"2020-07-20T19:31:22","date_gmt":"2020-07-20T22:31:22","guid":{"rendered":"https:\/\/temucotelevision.cl\/web\/?p=12575"},"modified":"2020-07-20T19:36:42","modified_gmt":"2020-07-20T22:36:42","slug":"piden-enviar-al-core-financiamiento-reposicion-escuela-especial-nielol","status":"publish","type":"post","link":"https:\/\/temucotelevision.cl\/web\/2020\/07\/20\/piden-enviar-al-core-financiamiento-reposicion-escuela-especial-nielol\/","title":{"rendered":"Piden enviar al Core financiamiento reposici\u00f3n Escuela Especial \u00d1ielol"},"content":{"rendered":"<div class=\"pvc_clear\"><\/div><p id=\"pvc_stats_12575\" class=\"pvc_stats total_only  \" data-element-id=\"12575\" style=\"\"><i class=\"pvc-stats-icon large\" aria-hidden=\"true\"><svg aria-hidden=\"true\" focusable=\"false\" data-prefix=\"far\" data-icon=\"chart-bar\" role=\"img\" xmlns=\"http:\/\/www.w3.org\/2000\/svg\" viewBox=\"0 0 512 512\" class=\"svg-inline--fa fa-chart-bar fa-w-16 fa-2x\"><path fill=\"currentColor\" d=\"M396.8 352h22.4c6.4 0 12.8-6.4 12.8-12.8V108.8c0-6.4-6.4-12.8-12.8-12.8h-22.4c-6.4 0-12.8 6.4-12.8 12.8v230.4c0 6.4 6.4 12.8 12.8 12.8zm-192 0h22.4c6.4 0 12.8-6.4 12.8-12.8V140.8c0-6.4-6.4-12.8-12.8-12.8h-22.4c-6.4 0-12.8 6.4-12.8 12.8v198.4c0 6.4 6.4 12.8 12.8 12.8zm96 0h22.4c6.4 0 12.8-6.4 12.8-12.8V204.8c0-6.4-6.4-12.8-12.8-12.8h-22.4c-6.4 0-12.8 6.4-12.8 12.8v134.4c0 6.4 6.4 12.8 12.8 12.8zM496 400H48V80c0-8.84-7.16-16-16-16H16C7.16 64 0 71.16 0 80v336c0 17.67 14.33 32 32 32h464c8.84 0 16-7.16 16-16v-16c0-8.84-7.16-16-16-16zm-387.2-48h22.4c6.4 0 12.8-6.4 12.8-12.8v-70.4c0-6.4-6.4-12.8-12.8-12.8h-22.4c-6.4 0-12.8 6.4-12.8 12.8v70.4c0 6.4 6.4 12.8 12.8 12.8z\" class=\"\"><\/path><\/svg><\/i> <img loading=\"lazy\" decoding=\"async\" width=\"16\" height=\"16\" alt=\"Loading\" src=\"https:\/\/temucotelevision.cl\/web\/wp-content\/plugins\/page-views-count\/ajax-loader-2x.gif\" border=0 \/><\/p><div class=\"pvc_clear\"><\/div>\n<p><em>Actual establecimiento se encuentra en precarias condiciones el que alberga a 160 ni\u00f1os y ni\u00f1as con capacidades distintas. Ejecuci\u00f3n del proyecto cuesta 8 mil millones de pesos.<\/em><\/p>\n\n\n\n<p>La Directiva del Centro de Padres y Apoderados de la Escuela Especial \u00d1ielol junto al Consejero Regional Daniel Sandoval, ingresaron una carta donde solicitan al Intendente Manoli, que priorice y env\u00ede al Core la iniciativa \u201cReposici\u00f3n Escuela Especial \u00d1ielol de Temuco\u201d, proyecto que asciende a 8 mil millones de pesos, establecimiento que acoge a 160 ni\u00f1os con capacidades distintas en el sector Av. Balmaceda de la capital regional.<\/p>\n\n\n\n<p>La iniciativa que ya logr\u00f3 su recomendaci\u00f3n t\u00e9cnica para ser despachada al Core contempla nuevas aulas, hidroterapia, gimnasio, pavimentaci\u00f3n calle carrera, salas de estimulaci\u00f3n y toda una nueva infraestructura con una capacidad para m\u00e1s de 300 alumnos, lo que viene a poner fin a d\u00e9cadas de precarias condiciones de hacinamiento, frio, goteras, inundaciones y espacios sin la pertinencia t\u00e9cnica para las clases, terapias y rehabilitaci\u00f3n de los ni\u00f1os, ni\u00f1as y adolescentes con capacidades distintas de Temuco y la regi\u00f3n.<\/p>\n\n\n\n<p>Isella Jimenez, Katherine Toledo y Gabriela Alarc\u00f3n de la directiva del Centro de Padres llamaron a que este proyecto sea priorizado en su inversi\u00f3n por el Gobierno y el Consejo Regional. \u201cLlevamos 10 a\u00f1os de trabajo, de frustraciones y etapas que hemos cumplido para llegar a este hito, por lo que esperamos que, por fin, se materialice el sue\u00f1o de centenares de ni\u00f1os y familias que solo esperan por dignidad\u201d, comentaron.<\/p>\n\n\n\n<p>En tanto, el Core Daniel Sandoval, coment\u00f3 que \u201cel relato de la preocupaci\u00f3n por la inclusi\u00f3n y la infancia se debe reflejar en los hechos y para ello, este proyecto debe ser prioritario, no basta con sensibilizarse con la telet\u00f3n, aqu\u00ed el Estado y el Gobierno Regional tiene una obligaci\u00f3n \u00e9tica y moral con este proyecto, que no es m\u00e1s que brindar dignidad e igualdad de oportunidades a muchos ni\u00f1as, ni\u00f1os y padres que le han dado vida a la \u00fanica escuela p\u00fablica en Temuco para estudiantes con necesidades educativas distintas\u201d.<\/p>\n\n\n\n<p>Por \u00faltimo, la Directiva del Centro de Padres junto al Consejero Regional esperan que el Intendente env\u00ede pronto esta iniciativa a consideraci\u00f3n del Core de La Araucan\u00eda. \u201cEsta Escuela tiene 51 a\u00f1os, es parte de la historia de la ciudad, generaciones han pasado por sus aulas, logrando desde la innovaci\u00f3n y la inclusi\u00f3n transformarse en una escuela p\u00fablica que no excluye a nadie en el desaf\u00edo de entregar una educaci\u00f3n integradora y que brinda herramientas para que las ni\u00f1as y ni\u00f1os logren las capacidades para insertarse en la comunidad\u201d, concluyeron.<\/p>\n","protected":false},"excerpt":{"rendered":"<div class=\"pvc_clear\"><\/div>\n<p id=\"pvc_stats_12575\" class=\"pvc_stats total_only  \" data-element-id=\"12575\" style=\"\"><i class=\"pvc-stats-icon large\" aria-hidden=\"true\"><svg aria-hidden=\"true\" focusable=\"false\" data-prefix=\"far\" data-icon=\"chart-bar\" role=\"img\" xmlns=\"http:\/\/www.w3.org\/2000\/svg\" viewBox=\"0 0 512 512\" class=\"svg-inline--fa fa-chart-bar fa-w-16 fa-2x\"><path fill=\"currentColor\" d=\"M396.8 352h22.4c6.4 0 12.8-6.4 12.8-12.8V108.8c0-6.4-6.4-12.8-12.8-12.8h-22.4c-6.4 0-12.8 6.4-12.8 12.8v230.4c0 6.4 6.4 12.8 12.8 12.8zm-192 0h22.4c6.4 0 12.8-6.4 12.8-12.8V140.8c0-6.4-6.4-12.8-12.8-12.8h-22.4c-6.4 0-12.8 6.4-12.8 12.8v198.4c0 6.4 6.4 12.8 12.8 12.8zm96 0h22.4c6.4 0 12.8-6.4 12.8-12.8V204.8c0-6.4-6.4-12.8-12.8-12.8h-22.4c-6.4 0-12.8 6.4-12.8 12.8v134.4c0 6.4 6.4 12.8 12.8 12.8zM496 400H48V80c0-8.84-7.16-16-16-16H16C7.16 64 0 71.16 0 80v336c0 17.67 14.33 32 32 32h464c8.84 0 16-7.16 16-16v-16c0-8.84-7.16-16-16-16zm-387.2-48h22.4c6.4 0 12.8-6.4 12.8-12.8v-70.4c0-6.4-6.4-12.8-12.8-12.8h-22.4c-6.4 0-12.8 6.4-12.8 12.8v70.4c0 6.4 6.4 12.8 12.8 12.8z\" class=\"\"><\/path><\/svg><\/i> <img loading=\"lazy\" decoding=\"async\" width=\"16\" height=\"16\" alt=\"Loading\" src=\"https:\/\/temucotelevision.cl\/web\/wp-content\/plugins\/page-views-count\/ajax-loader-2x.gif\" border=0 \/><\/p>\n<div class=\"pvc_clear\"><\/div>\n<p>Actual establecimiento se encuentra en precarias condiciones el que alberga a 160 ni\u00f1os y ni\u00f1as con capacidades distintas. Ejecuci\u00f3n del<\/p>\n","protected":false},"author":1,"featured_media":12576,"comment_status":"open","ping_status":"open","sticky":false,"template":"","format":"standard","meta":{"colormag_page_container_layout":"default_layout","colormag_page_sidebar_layout":"default_layout","footnotes":""},"categories":[14],"tags":[353,734],"class_list":["post-12575","post","type-post","status-publish","format-standard","has-post-thumbnail","hentry","category-temuco","tag-core","tag-escuela"],"a3_pvc":{"activated":true,"total_views":38,"today_views":0},"_links":{"self":[{"href":"https:\/\/temucotelevision.cl\/web\/wp-json\/wp\/v2\/posts\/12575","targetHints":{"allow":["GET"]}}],"collection":[{"href":"https:\/\/temucotelevision.cl\/web\/wp-json\/wp\/v2\/posts"}],"about":[{"href":"https:\/\/temucotelevision.cl\/web\/wp-json\/wp\/v2\/types\/post"}],"author":[{"embeddable":true,"href":"https:\/\/temucotelevision.cl\/web\/wp-json\/wp\/v2\/users\/1"}],"replies":[{"embeddable":true,"href":"https:\/\/temucotelevision.cl\/web\/wp-json\/wp\/v2\/comments?post=12575"}],"version-history":[{"count":2,"href":"https:\/\/temucotelevision.cl\/web\/wp-json\/wp\/v2\/posts\/12575\/revisions"}],"predecessor-version":[{"id":12578,"href":"https:\/\/temucotelevision.cl\/web\/wp-json\/wp\/v2\/posts\/12575\/revisions\/12578"}],"wp:featuredmedia":[{"embeddable":true,"href":"https:\/\/temucotelevision.cl\/web\/wp-json\/wp\/v2\/media\/12576"}],"wp:attachment":[{"href":"https:\/\/temucotelevision.cl\/web\/wp-json\/wp\/v2\/media?parent=12575"}],"wp:term":[{"taxonomy":"category","embeddable":true,"href":"https:\/\/temucotelevision.cl\/web\/wp-json\/wp\/v2\/categories?post=12575"},{"taxonomy":"post_tag","embeddable":true,"href":"https:\/\/temucotelevision.cl\/web\/wp-json\/wp\/v2\/tags?post=12575"}],"curies":[{"name":"wp","href":"https:\/\/api.w.org\/{rel}","templated":true}]}}