{"id":1251,"date":"2019-02-07T16:31:59","date_gmt":"2019-02-07T19:31:59","guid":{"rendered":"https:\/\/temucotelevision.cl\/web\/?p=1251"},"modified":"2019-02-07T16:32:59","modified_gmt":"2019-02-07T19:32:59","slug":"amar-azul-se-presentara-en-la-fiesta-del-avellano-en-gorbea-el-sabado-16-y-domingo-17-de-febrero-desde-las-12-horas-se-realizara-la-fiesta-del-avellano-en-gorbea-en-el-recinto-medialuna-cuarta-faja","status":"publish","type":"post","link":"https:\/\/temucotelevision.cl\/web\/2019\/02\/07\/amar-azul-se-presentara-en-la-fiesta-del-avellano-en-gorbea-el-sabado-16-y-domingo-17-de-febrero-desde-las-12-horas-se-realizara-la-fiesta-del-avellano-en-gorbea-en-el-recinto-medialuna-cuarta-faja\/","title":{"rendered":"Amar Azul se presentar\u00e1 en la Fiesta del Avellano en Gorbea"},"content":{"rendered":"<div class=\"pvc_clear\"><\/div>\n<p id=\"pvc_stats_1251\" class=\"pvc_stats total_only  \" data-element-id=\"1251\" style=\"\"><i class=\"pvc-stats-icon large\" aria-hidden=\"true\"><svg aria-hidden=\"true\" focusable=\"false\" data-prefix=\"far\" data-icon=\"chart-bar\" role=\"img\" xmlns=\"http:\/\/www.w3.org\/2000\/svg\" viewBox=\"0 0 512 512\" class=\"svg-inline--fa fa-chart-bar fa-w-16 fa-2x\"><path fill=\"currentColor\" d=\"M396.8 352h22.4c6.4 0 12.8-6.4 12.8-12.8V108.8c0-6.4-6.4-12.8-12.8-12.8h-22.4c-6.4 0-12.8 6.4-12.8 12.8v230.4c0 6.4 6.4 12.8 12.8 12.8zm-192 0h22.4c6.4 0 12.8-6.4 12.8-12.8V140.8c0-6.4-6.4-12.8-12.8-12.8h-22.4c-6.4 0-12.8 6.4-12.8 12.8v198.4c0 6.4 6.4 12.8 12.8 12.8zm96 0h22.4c6.4 0 12.8-6.4 12.8-12.8V204.8c0-6.4-6.4-12.8-12.8-12.8h-22.4c-6.4 0-12.8 6.4-12.8 12.8v134.4c0 6.4 6.4 12.8 12.8 12.8zM496 400H48V80c0-8.84-7.16-16-16-16H16C7.16 64 0 71.16 0 80v336c0 17.67 14.33 32 32 32h464c8.84 0 16-7.16 16-16v-16c0-8.84-7.16-16-16-16zm-387.2-48h22.4c6.4 0 12.8-6.4 12.8-12.8v-70.4c0-6.4-6.4-12.8-12.8-12.8h-22.4c-6.4 0-12.8 6.4-12.8 12.8v70.4c0 6.4 6.4 12.8 12.8 12.8z\" class=\"\"><\/path><\/svg><\/i> <img loading=\"lazy\" decoding=\"async\" width=\"16\" height=\"16\" alt=\"Loading\" src=\"https:\/\/temucotelevision.cl\/web\/wp-content\/plugins\/page-views-count\/ajax-loader-2x.gif\" border=0 \/><\/p>\n<div class=\"pvc_clear\"><\/div>\n<p style=\"text-align: justify;\">El s\u00e1bado 16 y domingo 17 de febrero desde las 12 horas se realizar\u00e1 la Fiesta del Avellano en Gorbea, en el recinto Medialuna, Cuarta Faja Km 0,5. En esta actividad organizada por la Municipalidad habr\u00e1 juegos infantiles, jugos naturales, cerveza artesanal y m\u00fasica en vivo, y cerca de 150 expositores referentes a artesan\u00eda, gastronom\u00eda, reposter\u00eda y plantas ornamentales.<\/p>\n<p style=\"text-align: justify;\">Los grupos musicales que animar\u00e1n este evento son Amar Azul, La Zaga, Moon Racker, adem\u00e1s de Balc\u00f3n 9, Zona 80, Juanjo Montecinos, el ex participante de Rojo, Koke Nu\u00f1ez, la Orquesta Infantil Municipal de Gorbea y Coro Polif\u00f3nico Municipal. El alcalde Guido Siegmund hizo un llamado para aquellos interesados en ser parte de la Fiesta del Avellano \u201cles hacemos una invitaci\u00f3n a toda la gente, tanto de la comuna como de las comunas vecinas que se acerquen a Gorbea, s\u00e9 que lo van a pasar bien todos los fines de semana ya que es un espacio que es de entretenci\u00f3n y que tambi\u00e9n le da la oportunidad a nuestros emprendedores de mostrar sus productos\u201d.<\/p>\n<p style=\"text-align: justify;\">Bernardo Sandoval, encargado del evento, se\u00f1al\u00f3 lo siguiente \u201cLas expectativas son muy grandes, ojal\u00e1 podamos superar la meta de p\u00fablico de las dos versiones anteriores\u201d. Esta es la tercera versi\u00f3n del nombrado evento que cerrar\u00e1 las actividades de la \u00e9poca estival y que se desarrollar\u00e1 en un espacio de tres hect\u00e1reas, donde tambi\u00e9n se llevar\u00e1 a cabo una feria de emprendedores de la comuna y la regi\u00f3n. Hasta el momento hay aproximadamente 100 expositores inscritos, es por esto que te invitamos a revisar las bases en la p\u00e1gina web de la Municipalidad de Gorbea o puedes comunicarte por medio del mail prodel@municipalidadgorbea.cl<\/p>\n","protected":false},"excerpt":{"rendered":"<div class=\"pvc_clear\"><\/div>\n<p id=\"pvc_stats_1251\" class=\"pvc_stats total_only  \" data-element-id=\"1251\" style=\"\"><i class=\"pvc-stats-icon large\" aria-hidden=\"true\"><svg aria-hidden=\"true\" focusable=\"false\" data-prefix=\"far\" data-icon=\"chart-bar\" role=\"img\" xmlns=\"http:\/\/www.w3.org\/2000\/svg\" viewBox=\"0 0 512 512\" class=\"svg-inline--fa fa-chart-bar fa-w-16 fa-2x\"><path fill=\"currentColor\" d=\"M396.8 352h22.4c6.4 0 12.8-6.4 12.8-12.8V108.8c0-6.4-6.4-12.8-12.8-12.8h-22.4c-6.4 0-12.8 6.4-12.8 12.8v230.4c0 6.4 6.4 12.8 12.8 12.8zm-192 0h22.4c6.4 0 12.8-6.4 12.8-12.8V140.8c0-6.4-6.4-12.8-12.8-12.8h-22.4c-6.4 0-12.8 6.4-12.8 12.8v198.4c0 6.4 6.4 12.8 12.8 12.8zm96 0h22.4c6.4 0 12.8-6.4 12.8-12.8V204.8c0-6.4-6.4-12.8-12.8-12.8h-22.4c-6.4 0-12.8 6.4-12.8 12.8v134.4c0 6.4 6.4 12.8 12.8 12.8zM496 400H48V80c0-8.84-7.16-16-16-16H16C7.16 64 0 71.16 0 80v336c0 17.67 14.33 32 32 32h464c8.84 0 16-7.16 16-16v-16c0-8.84-7.16-16-16-16zm-387.2-48h22.4c6.4 0 12.8-6.4 12.8-12.8v-70.4c0-6.4-6.4-12.8-12.8-12.8h-22.4c-6.4 0-12.8 6.4-12.8 12.8v70.4c0 6.4 6.4 12.8 12.8 12.8z\" class=\"\"><\/path><\/svg><\/i> <img loading=\"lazy\" decoding=\"async\" width=\"16\" height=\"16\" alt=\"Loading\" src=\"https:\/\/temucotelevision.cl\/web\/wp-content\/plugins\/page-views-count\/ajax-loader-2x.gif\" border=0 \/><\/p>\n<div class=\"pvc_clear\"><\/div>\n<p>El s\u00e1bado 16 y domingo 17 de febrero desde las 12 horas se realizar\u00e1 la Fiesta del Avellano en Gorbea,<\/p>\n","protected":false},"author":1,"featured_media":1252,"comment_status":"open","ping_status":"open","sticky":false,"template":"","format":"standard","meta":{"colormag_page_container_layout":"default_layout","colormag_page_sidebar_layout":"default_layout","footnotes":""},"categories":[86],"tags":[381,384,383,300,382,93],"class_list":["post-1251","post","type-post","status-publish","format-standard","has-post-thumbnail","hentry","category-panoramas","tag-amar-azul","tag-emprendedores","tag-estival","tag-evento","tag-gorbea","tag-verano"],"a3_pvc":{"activated":true,"total_views":75,"today_views":0},"_links":{"self":[{"href":"https:\/\/temucotelevision.cl\/web\/wp-json\/wp\/v2\/posts\/1251","targetHints":{"allow":["GET"]}}],"collection":[{"href":"https:\/\/temucotelevision.cl\/web\/wp-json\/wp\/v2\/posts"}],"about":[{"href":"https:\/\/temucotelevision.cl\/web\/wp-json\/wp\/v2\/types\/post"}],"author":[{"embeddable":true,"href":"https:\/\/temucotelevision.cl\/web\/wp-json\/wp\/v2\/users\/1"}],"replies":[{"embeddable":true,"href":"https:\/\/temucotelevision.cl\/web\/wp-json\/wp\/v2\/comments?post=1251"}],"version-history":[{"count":2,"href":"https:\/\/temucotelevision.cl\/web\/wp-json\/wp\/v2\/posts\/1251\/revisions"}],"predecessor-version":[{"id":1254,"href":"https:\/\/temucotelevision.cl\/web\/wp-json\/wp\/v2\/posts\/1251\/revisions\/1254"}],"wp:featuredmedia":[{"embeddable":true,"href":"https:\/\/temucotelevision.cl\/web\/wp-json\/wp\/v2\/media\/1252"}],"wp:attachment":[{"href":"https:\/\/temucotelevision.cl\/web\/wp-json\/wp\/v2\/media?parent=1251"}],"wp:term":[{"taxonomy":"category","embeddable":true,"href":"https:\/\/temucotelevision.cl\/web\/wp-json\/wp\/v2\/categories?post=1251"},{"taxonomy":"post_tag","embeddable":true,"href":"https:\/\/temucotelevision.cl\/web\/wp-json\/wp\/v2\/tags?post=1251"}],"curies":[{"name":"wp","href":"https:\/\/api.w.org\/{rel}","templated":true}]}}