{"id":1245,"date":"2019-02-07T15:05:12","date_gmt":"2019-02-07T18:05:12","guid":{"rendered":"https:\/\/temucotelevision.cl\/web\/?p=1245"},"modified":"2019-02-07T16:08:32","modified_gmt":"2019-02-07T19:08:32","slug":"tarapaca-y-la-araucania-son-las-regiones-con-mayor-trabajo-informal-en-el-pais","status":"publish","type":"post","link":"https:\/\/temucotelevision.cl\/web\/2019\/02\/07\/tarapaca-y-la-araucania-son-las-regiones-con-mayor-trabajo-informal-en-el-pais\/","title":{"rendered":"Tarapac\u00e1 y La Araucan\u00eda son las regiones con mayor trabajo informal en el pa\u00eds"},"content":{"rendered":"<div class=\"pvc_clear\"><\/div>\n<p id=\"pvc_stats_1245\" class=\"pvc_stats total_only  \" data-element-id=\"1245\" style=\"\"><i class=\"pvc-stats-icon large\" aria-hidden=\"true\"><svg aria-hidden=\"true\" focusable=\"false\" data-prefix=\"far\" data-icon=\"chart-bar\" role=\"img\" xmlns=\"http:\/\/www.w3.org\/2000\/svg\" viewBox=\"0 0 512 512\" class=\"svg-inline--fa fa-chart-bar fa-w-16 fa-2x\"><path fill=\"currentColor\" d=\"M396.8 352h22.4c6.4 0 12.8-6.4 12.8-12.8V108.8c0-6.4-6.4-12.8-12.8-12.8h-22.4c-6.4 0-12.8 6.4-12.8 12.8v230.4c0 6.4 6.4 12.8 12.8 12.8zm-192 0h22.4c6.4 0 12.8-6.4 12.8-12.8V140.8c0-6.4-6.4-12.8-12.8-12.8h-22.4c-6.4 0-12.8 6.4-12.8 12.8v198.4c0 6.4 6.4 12.8 12.8 12.8zm96 0h22.4c6.4 0 12.8-6.4 12.8-12.8V204.8c0-6.4-6.4-12.8-12.8-12.8h-22.4c-6.4 0-12.8 6.4-12.8 12.8v134.4c0 6.4 6.4 12.8 12.8 12.8zM496 400H48V80c0-8.84-7.16-16-16-16H16C7.16 64 0 71.16 0 80v336c0 17.67 14.33 32 32 32h464c8.84 0 16-7.16 16-16v-16c0-8.84-7.16-16-16-16zm-387.2-48h22.4c6.4 0 12.8-6.4 12.8-12.8v-70.4c0-6.4-6.4-12.8-12.8-12.8h-22.4c-6.4 0-12.8 6.4-12.8 12.8v70.4c0 6.4 6.4 12.8 12.8 12.8z\" class=\"\"><\/path><\/svg><\/i> <img loading=\"lazy\" decoding=\"async\" width=\"16\" height=\"16\" alt=\"Loading\" src=\"https:\/\/temucotelevision.cl\/web\/wp-content\/plugins\/page-views-count\/ajax-loader-2x.gif\" border=0 \/><\/p>\n<div class=\"pvc_clear\"><\/div>\n<p style=\"text-align: justify;\">El Instituto Nacional de Estad\u00edsticas anunci\u00f3 hace algunos d\u00edas la tasa de ocupaci\u00f3n informal en Chile, la que alcanza un 29,7% a nivel nacional. Pero \u00bfcu\u00e1les son las realidades de cada regi\u00f3n? \u00bfC\u00f3mo se comporta la brecha de g\u00e9nero en esta variable? Aqu\u00ed te lo explicamos.<\/p>\n<p style=\"text-align: justify;\">La informalidad laboral es todas aquellas actividades econ\u00f3micas que funcionan al margen de la ley ya que no est\u00e1n inscritas en el Servicio de Impuestos Internos. Adem\u00e1s incluye los empleos asalariados donde el empleador no garantiza acceso a las prestaciones laborales m\u00ednimas.<\/p>\n<p style=\"text-align: justify;\">Desde enero de 2017 el INE comenz\u00f3 a medir las ocupaciones informales, con el objetivo de tener una mejor visi\u00f3n del mundo laboral. Los resultados reflejan lo que en cierta medida era esperable:\u00a0bajos sueldos, un porcentaje considerable de personas ejerciendo en la informalidad y las repercusiones de la brecha de g\u00e9nero.<\/p>\n<p style=\"text-align: justify;\">La cantidad de dinero que reciben las personas tambi\u00e9n var\u00eda si hablamos de un trabajo formal o no. Mientras el ingreso medio de aquellos que est\u00e1n en un trabajo formal es de\u00a0$672.000 pesos, una persona en el mundo laboral informal s\u00f3lo obtiene $258.000 pesos.<\/p>\n<p style=\"text-align: justify;\">Las ocupaciones informales m\u00e1s frecuentes en el pa\u00eds se concentran en las actividades como empleadores de hogares y servicios.<\/p>\n<h2 style=\"text-align: justify;\">Brecha de G\u00e9nero<\/h2>\n<p style=\"text-align: justify;\">Entre hombres y mujeres, de nuevo, son las mujeres las m\u00e1s afectadas.\u00a0Ellas tienen una tasa 31.31% a nivel nacional, mientras los hombres alcanzan el 28,54%de personas empleadas de manera informal.<\/p>\n<p style=\"text-align: justify;\">La diferencia en el salario seg\u00fan el tipo de ocupaci\u00f3n tambi\u00e9n se incrementa en las mujeres.\u00a0&#8220;Las mujeres formales ganaron en promedio 25,2% menos que los hombres formales, mientras que las mujeres informales obtuvieron un ingreso medio 38,4% menor que los hombres informales.\u00a0En otras palabras, las mujeres informales presentaron la mayor brecha en el ingreso medio, tanto al compararse con sus pares formales, como con los hombres informales&#8221;, indica el el &#8220;Enfoque de informalidad e ingresos de diciembre 2018 elaborado por el Instituto Nacional de Estad\u00edsticas.<\/p>\n","protected":false},"excerpt":{"rendered":"<div class=\"pvc_clear\"><\/div>\n<p id=\"pvc_stats_1245\" class=\"pvc_stats total_only  \" data-element-id=\"1245\" style=\"\"><i class=\"pvc-stats-icon large\" aria-hidden=\"true\"><svg aria-hidden=\"true\" focusable=\"false\" data-prefix=\"far\" data-icon=\"chart-bar\" role=\"img\" xmlns=\"http:\/\/www.w3.org\/2000\/svg\" viewBox=\"0 0 512 512\" class=\"svg-inline--fa fa-chart-bar fa-w-16 fa-2x\"><path fill=\"currentColor\" d=\"M396.8 352h22.4c6.4 0 12.8-6.4 12.8-12.8V108.8c0-6.4-6.4-12.8-12.8-12.8h-22.4c-6.4 0-12.8 6.4-12.8 12.8v230.4c0 6.4 6.4 12.8 12.8 12.8zm-192 0h22.4c6.4 0 12.8-6.4 12.8-12.8V140.8c0-6.4-6.4-12.8-12.8-12.8h-22.4c-6.4 0-12.8 6.4-12.8 12.8v198.4c0 6.4 6.4 12.8 12.8 12.8zm96 0h22.4c6.4 0 12.8-6.4 12.8-12.8V204.8c0-6.4-6.4-12.8-12.8-12.8h-22.4c-6.4 0-12.8 6.4-12.8 12.8v134.4c0 6.4 6.4 12.8 12.8 12.8zM496 400H48V80c0-8.84-7.16-16-16-16H16C7.16 64 0 71.16 0 80v336c0 17.67 14.33 32 32 32h464c8.84 0 16-7.16 16-16v-16c0-8.84-7.16-16-16-16zm-387.2-48h22.4c6.4 0 12.8-6.4 12.8-12.8v-70.4c0-6.4-6.4-12.8-12.8-12.8h-22.4c-6.4 0-12.8 6.4-12.8 12.8v70.4c0 6.4 6.4 12.8 12.8 12.8z\" class=\"\"><\/path><\/svg><\/i> <img loading=\"lazy\" decoding=\"async\" width=\"16\" height=\"16\" alt=\"Loading\" src=\"https:\/\/temucotelevision.cl\/web\/wp-content\/plugins\/page-views-count\/ajax-loader-2x.gif\" border=0 \/><\/p>\n<div class=\"pvc_clear\"><\/div>\n<p>El Instituto Nacional de Estad\u00edsticas anunci\u00f3 hace algunos d\u00edas la tasa de ocupaci\u00f3n informal en Chile, la que alcanza un<\/p>\n","protected":false},"author":1,"featured_media":1246,"comment_status":"open","ping_status":"open","sticky":false,"template":"","format":"standard","meta":{"colormag_page_container_layout":"default_layout","colormag_page_sidebar_layout":"default_layout","footnotes":""},"categories":[15],"tags":[],"class_list":["post-1245","post","type-post","status-publish","format-standard","has-post-thumbnail","hentry","category-la-araucania"],"a3_pvc":{"activated":true,"total_views":30,"today_views":0},"_links":{"self":[{"href":"https:\/\/temucotelevision.cl\/web\/wp-json\/wp\/v2\/posts\/1245","targetHints":{"allow":["GET"]}}],"collection":[{"href":"https:\/\/temucotelevision.cl\/web\/wp-json\/wp\/v2\/posts"}],"about":[{"href":"https:\/\/temucotelevision.cl\/web\/wp-json\/wp\/v2\/types\/post"}],"author":[{"embeddable":true,"href":"https:\/\/temucotelevision.cl\/web\/wp-json\/wp\/v2\/users\/1"}],"replies":[{"embeddable":true,"href":"https:\/\/temucotelevision.cl\/web\/wp-json\/wp\/v2\/comments?post=1245"}],"version-history":[{"count":1,"href":"https:\/\/temucotelevision.cl\/web\/wp-json\/wp\/v2\/posts\/1245\/revisions"}],"predecessor-version":[{"id":1247,"href":"https:\/\/temucotelevision.cl\/web\/wp-json\/wp\/v2\/posts\/1245\/revisions\/1247"}],"wp:featuredmedia":[{"embeddable":true,"href":"https:\/\/temucotelevision.cl\/web\/wp-json\/wp\/v2\/media\/1246"}],"wp:attachment":[{"href":"https:\/\/temucotelevision.cl\/web\/wp-json\/wp\/v2\/media?parent=1245"}],"wp:term":[{"taxonomy":"category","embeddable":true,"href":"https:\/\/temucotelevision.cl\/web\/wp-json\/wp\/v2\/categories?post=1245"},{"taxonomy":"post_tag","embeddable":true,"href":"https:\/\/temucotelevision.cl\/web\/wp-json\/wp\/v2\/tags?post=1245"}],"curies":[{"name":"wp","href":"https:\/\/api.w.org\/{rel}","templated":true}]}}