{"id":1237,"date":"2019-02-07T12:41:34","date_gmt":"2019-02-07T15:41:34","guid":{"rendered":"https:\/\/temucotelevision.cl\/web\/?p=1237"},"modified":"2019-02-07T12:41:34","modified_gmt":"2019-02-07T15:41:34","slug":"panorama-agrupacion-santa-feria-se-presenta-gratis-en-tolten","status":"publish","type":"post","link":"https:\/\/temucotelevision.cl\/web\/2019\/02\/07\/panorama-agrupacion-santa-feria-se-presenta-gratis-en-tolten\/","title":{"rendered":"Panorama: Agrupaci\u00f3n Santa Feria se presenta gratis en Tolt\u00e9n"},"content":{"rendered":"<div class=\"pvc_clear\"><\/div>\n<p id=\"pvc_stats_1237\" class=\"pvc_stats total_only  \" data-element-id=\"1237\" style=\"\"><i class=\"pvc-stats-icon large\" aria-hidden=\"true\"><svg aria-hidden=\"true\" focusable=\"false\" data-prefix=\"far\" data-icon=\"chart-bar\" role=\"img\" xmlns=\"http:\/\/www.w3.org\/2000\/svg\" viewBox=\"0 0 512 512\" class=\"svg-inline--fa fa-chart-bar fa-w-16 fa-2x\"><path fill=\"currentColor\" d=\"M396.8 352h22.4c6.4 0 12.8-6.4 12.8-12.8V108.8c0-6.4-6.4-12.8-12.8-12.8h-22.4c-6.4 0-12.8 6.4-12.8 12.8v230.4c0 6.4 6.4 12.8 12.8 12.8zm-192 0h22.4c6.4 0 12.8-6.4 12.8-12.8V140.8c0-6.4-6.4-12.8-12.8-12.8h-22.4c-6.4 0-12.8 6.4-12.8 12.8v198.4c0 6.4 6.4 12.8 12.8 12.8zm96 0h22.4c6.4 0 12.8-6.4 12.8-12.8V204.8c0-6.4-6.4-12.8-12.8-12.8h-22.4c-6.4 0-12.8 6.4-12.8 12.8v134.4c0 6.4 6.4 12.8 12.8 12.8zM496 400H48V80c0-8.84-7.16-16-16-16H16C7.16 64 0 71.16 0 80v336c0 17.67 14.33 32 32 32h464c8.84 0 16-7.16 16-16v-16c0-8.84-7.16-16-16-16zm-387.2-48h22.4c6.4 0 12.8-6.4 12.8-12.8v-70.4c0-6.4-6.4-12.8-12.8-12.8h-22.4c-6.4 0-12.8 6.4-12.8 12.8v70.4c0 6.4 6.4 12.8 12.8 12.8z\" class=\"\"><\/path><\/svg><\/i> <img loading=\"lazy\" decoding=\"async\" width=\"16\" height=\"16\" alt=\"Loading\" src=\"https:\/\/temucotelevision.cl\/web\/wp-content\/plugins\/page-views-count\/ajax-loader-2x.gif\" border=0 \/><\/p>\n<div class=\"pvc_clear\"><\/div>\n<p style=\"text-align: justify;\">Con la presentaci\u00f3n por primera vez en la comuna de Tolt\u00e9n de la agrupaci\u00f3n Santa Feria, cerrar\u00e1 la octava versi\u00f3n del festival de M\u00fasica al Sur de la Araucan\u00eda, en el estadio de Nueva Tolt\u00e9n, este domingo 10 de febrero a las 19.00 horas. Esta actividad es gratuita para el p\u00fablico y re\u00fane a las agrupaciones regionales Aguilaman de Gorbea, Nebula Mental de Tolt\u00e9n y Gabriel Marian de Argentina.<\/p>\n<p style=\"text-align: justify;\">Este festival organizado por octavo a\u00f1o consecutivo por la unidad de cultura del municipio de Tolt\u00e9n y tiene como objetivo fomentar la m\u00fasica regional y nacional. Santa Feria, ofrecer\u00e1 un concierto basado en sus populares temas, que los tienen hoy convertidos en la agrupaci\u00f3n m\u00e1s escuchada en Chile en Spotify.<\/p>\n<p style=\"text-align: justify;\">Guillermo Mart\u00ednez Soto, alcalde de Tolt\u00e9n, se\u00f1al\u00f3 que nuevamente queremos que el p\u00fablico disfrute de las principales agrupaciones nacionales y en especial abrir un espacio a los artistas locales y regionales\u201d. Se invita a la comunidad asistir a este evento gratuito, el cual permite ver por primera vez este a\u00f1o en la regi\u00f3n de la Araucan\u00eda a la agrupaci\u00f3n santa Feria.<\/p>\n<p style=\"text-align: justify;\">Las puertas del estadio municipal de Nueva Tolt\u00e9n se abren a las 18:00 horas. Este festival de m\u00fasica cuenta este a\u00f1o es su cartelera con Gabriel Marian quien es un destacado cantante argentino que integr\u00f3 la popular banda Rata Blanca y actualmente recorre Chile con un show de cl\u00e1sicos del rock.<\/p>\n<p><img loading=\"lazy\" decoding=\"async\" class=\"size-full wp-image-1239 aligncenter\" src=\"https:\/\/temucotelevision.cl\/web\/wp-content\/uploads\/2019\/02\/afiche_santa_feria2.jpg\" alt=\"\" width=\"1200\" height=\"1800\" srcset=\"https:\/\/temucotelevision.cl\/web\/wp-content\/uploads\/2019\/02\/afiche_santa_feria2.jpg 1200w, https:\/\/temucotelevision.cl\/web\/wp-content\/uploads\/2019\/02\/afiche_santa_feria2-768x1152.jpg 768w, https:\/\/temucotelevision.cl\/web\/wp-content\/uploads\/2019\/02\/afiche_santa_feria2-683x1024.jpg 683w\" sizes=\"auto, (max-width: 1200px) 100vw, 1200px\" \/><\/p>\n","protected":false},"excerpt":{"rendered":"<div class=\"pvc_clear\"><\/div>\n<p id=\"pvc_stats_1237\" class=\"pvc_stats total_only  \" data-element-id=\"1237\" style=\"\"><i class=\"pvc-stats-icon large\" aria-hidden=\"true\"><svg aria-hidden=\"true\" focusable=\"false\" data-prefix=\"far\" data-icon=\"chart-bar\" role=\"img\" xmlns=\"http:\/\/www.w3.org\/2000\/svg\" viewBox=\"0 0 512 512\" class=\"svg-inline--fa fa-chart-bar fa-w-16 fa-2x\"><path fill=\"currentColor\" d=\"M396.8 352h22.4c6.4 0 12.8-6.4 12.8-12.8V108.8c0-6.4-6.4-12.8-12.8-12.8h-22.4c-6.4 0-12.8 6.4-12.8 12.8v230.4c0 6.4 6.4 12.8 12.8 12.8zm-192 0h22.4c6.4 0 12.8-6.4 12.8-12.8V140.8c0-6.4-6.4-12.8-12.8-12.8h-22.4c-6.4 0-12.8 6.4-12.8 12.8v198.4c0 6.4 6.4 12.8 12.8 12.8zm96 0h22.4c6.4 0 12.8-6.4 12.8-12.8V204.8c0-6.4-6.4-12.8-12.8-12.8h-22.4c-6.4 0-12.8 6.4-12.8 12.8v134.4c0 6.4 6.4 12.8 12.8 12.8zM496 400H48V80c0-8.84-7.16-16-16-16H16C7.16 64 0 71.16 0 80v336c0 17.67 14.33 32 32 32h464c8.84 0 16-7.16 16-16v-16c0-8.84-7.16-16-16-16zm-387.2-48h22.4c6.4 0 12.8-6.4 12.8-12.8v-70.4c0-6.4-6.4-12.8-12.8-12.8h-22.4c-6.4 0-12.8 6.4-12.8 12.8v70.4c0 6.4 6.4 12.8 12.8 12.8z\" class=\"\"><\/path><\/svg><\/i> <img loading=\"lazy\" decoding=\"async\" width=\"16\" height=\"16\" alt=\"Loading\" src=\"https:\/\/temucotelevision.cl\/web\/wp-content\/plugins\/page-views-count\/ajax-loader-2x.gif\" border=0 \/><\/p>\n<div class=\"pvc_clear\"><\/div>\n<p>Con la presentaci\u00f3n por primera vez en la comuna de Tolt\u00e9n de la agrupaci\u00f3n Santa Feria, cerrar\u00e1 la octava versi\u00f3n<\/p>\n","protected":false},"author":1,"featured_media":1238,"comment_status":"open","ping_status":"open","sticky":false,"template":"","format":"standard","meta":{"colormag_page_container_layout":"default_layout","colormag_page_sidebar_layout":"default_layout","footnotes":""},"categories":[86],"tags":[377,332,311,378,215],"class_list":["post-1237","post","type-post","status-publish","format-standard","has-post-thumbnail","hentry","category-panoramas","tag-agrupacion","tag-artistas","tag-musica","tag-santa-feria","tag-tolten"],"a3_pvc":{"activated":true,"total_views":275,"today_views":0},"_links":{"self":[{"href":"https:\/\/temucotelevision.cl\/web\/wp-json\/wp\/v2\/posts\/1237","targetHints":{"allow":["GET"]}}],"collection":[{"href":"https:\/\/temucotelevision.cl\/web\/wp-json\/wp\/v2\/posts"}],"about":[{"href":"https:\/\/temucotelevision.cl\/web\/wp-json\/wp\/v2\/types\/post"}],"author":[{"embeddable":true,"href":"https:\/\/temucotelevision.cl\/web\/wp-json\/wp\/v2\/users\/1"}],"replies":[{"embeddable":true,"href":"https:\/\/temucotelevision.cl\/web\/wp-json\/wp\/v2\/comments?post=1237"}],"version-history":[{"count":1,"href":"https:\/\/temucotelevision.cl\/web\/wp-json\/wp\/v2\/posts\/1237\/revisions"}],"predecessor-version":[{"id":1240,"href":"https:\/\/temucotelevision.cl\/web\/wp-json\/wp\/v2\/posts\/1237\/revisions\/1240"}],"wp:featuredmedia":[{"embeddable":true,"href":"https:\/\/temucotelevision.cl\/web\/wp-json\/wp\/v2\/media\/1238"}],"wp:attachment":[{"href":"https:\/\/temucotelevision.cl\/web\/wp-json\/wp\/v2\/media?parent=1237"}],"wp:term":[{"taxonomy":"category","embeddable":true,"href":"https:\/\/temucotelevision.cl\/web\/wp-json\/wp\/v2\/categories?post=1237"},{"taxonomy":"post_tag","embeddable":true,"href":"https:\/\/temucotelevision.cl\/web\/wp-json\/wp\/v2\/tags?post=1237"}],"curies":[{"name":"wp","href":"https:\/\/api.w.org\/{rel}","templated":true}]}}