{"id":1226,"date":"2019-02-07T09:40:22","date_gmt":"2019-02-07T12:40:22","guid":{"rendered":"https:\/\/temucotelevision.cl\/web\/?p=1226"},"modified":"2019-02-07T09:40:22","modified_gmt":"2019-02-07T12:40:22","slug":"walker-es-un-error-politico-transformar-los-incendios-como-parte-del-conflicto-mapuche","status":"publish","type":"post","link":"https:\/\/temucotelevision.cl\/web\/2019\/02\/07\/walker-es-un-error-politico-transformar-los-incendios-como-parte-del-conflicto-mapuche\/","title":{"rendered":"Walker: Es un error pol\u00edtico transformar los incendios como parte del conflicto mapuche"},"content":{"rendered":"<div class=\"pvc_clear\"><\/div>\n<p id=\"pvc_stats_1226\" class=\"pvc_stats total_only  \" data-element-id=\"1226\" style=\"\"><i class=\"pvc-stats-icon large\" aria-hidden=\"true\"><svg aria-hidden=\"true\" focusable=\"false\" data-prefix=\"far\" data-icon=\"chart-bar\" role=\"img\" xmlns=\"http:\/\/www.w3.org\/2000\/svg\" viewBox=\"0 0 512 512\" class=\"svg-inline--fa fa-chart-bar fa-w-16 fa-2x\"><path fill=\"currentColor\" d=\"M396.8 352h22.4c6.4 0 12.8-6.4 12.8-12.8V108.8c0-6.4-6.4-12.8-12.8-12.8h-22.4c-6.4 0-12.8 6.4-12.8 12.8v230.4c0 6.4 6.4 12.8 12.8 12.8zm-192 0h22.4c6.4 0 12.8-6.4 12.8-12.8V140.8c0-6.4-6.4-12.8-12.8-12.8h-22.4c-6.4 0-12.8 6.4-12.8 12.8v198.4c0 6.4 6.4 12.8 12.8 12.8zm96 0h22.4c6.4 0 12.8-6.4 12.8-12.8V204.8c0-6.4-6.4-12.8-12.8-12.8h-22.4c-6.4 0-12.8 6.4-12.8 12.8v134.4c0 6.4 6.4 12.8 12.8 12.8zM496 400H48V80c0-8.84-7.16-16-16-16H16C7.16 64 0 71.16 0 80v336c0 17.67 14.33 32 32 32h464c8.84 0 16-7.16 16-16v-16c0-8.84-7.16-16-16-16zm-387.2-48h22.4c6.4 0 12.8-6.4 12.8-12.8v-70.4c0-6.4-6.4-12.8-12.8-12.8h-22.4c-6.4 0-12.8 6.4-12.8 12.8v70.4c0 6.4 6.4 12.8 12.8 12.8z\" class=\"\"><\/path><\/svg><\/i> <img loading=\"lazy\" decoding=\"async\" width=\"16\" height=\"16\" alt=\"Loading\" src=\"https:\/\/temucotelevision.cl\/web\/wp-content\/plugins\/page-views-count\/ajax-loader-2x.gif\" border=0 \/><\/p>\n<div class=\"pvc_clear\"><\/div>\n<p style=\"text-align: justify;\">El diputado de la Democracia Cristiana (DC),\u00a0Mat\u00edas Walker, cuestion\u00f3\u00a0la declaraci\u00f3n de estado de cat\u00e1strofe por parte del Gobierno en parte de las regiones del Biob\u00edo, La Araucan\u00eda y Los R\u00edos\u00a0por los incendios forestales que azotan a la zona.<\/p>\n<p style=\"text-align: justify;\">La declaraci\u00f3n de este estado de excepci\u00f3n constitucional ha generado el despligue del Ej\u00e9rcito en la zona de La Araucan\u00eda, lo que\u00a0ha despertado el rechazo de las comunidades y diversos dirigentes mapuche, ya que consideran que\u00a0el Gobierno encontr\u00f3 la forma de militarizar la zona.<\/p>\n<p style=\"text-align: justify;\">En conversaci\u00f3n con\u00a0Lo que Queda del D\u00eda, el jefe de bancada de la DC dijo que es un gran error vincular los incendios forestales con el conflicto mapuche.<\/p>\n<p style=\"text-align: justify;\">&#8220;El tema de los incendios forestales hay que enfrentarlo como lo que son, incendios forestales, y no hay que enfrentarlos desde el punto de vista de la seguridad p\u00fablica o la militarizaci\u00f3n, porque muchas veces se equivocan los objetivos y se equivoca el lenguaje&#8221;, dijo el parlamentario.<\/p>\n<p style=\"text-align: justify;\">&#8220;Transformar los incendios forestales como parte del conflicto mapuche me parece un error pol\u00edtico de proporciones\u00a0yo creo que esto hay que enfrentarlo como una emergencia y si el ministerio P\u00fablico tiene antecedentes respecto a la comisi\u00f3n de delitos tiene que presentar los antecedentes ante los juzgados correspondientes porque el delito de incendio es uno de los m\u00e1s graves en nuestra legislaci\u00f3n y pueden ocurrir en todo el pa\u00eds&#8221;, a\u00f1adi\u00f3.<\/p>\n<p style=\"text-align: justify;\">Cabe recordar que el Presidente Pi\u00f1era, quien suspendi\u00f3 moment\u00e1neamente sus vacaciones para visitar Temuco la semana pasada,\u00a0aludi\u00f3 a la intencionalidad como causa de los incendios en La Araucan\u00eda.<\/p>\n<p style=\"text-align: justify;\">&#8220;Muchos de estos incendios son por negligencia e intencionalidad. A los negligentes les pido extremo cuidado (&#8230;) y a los que est\u00e1n provocando incendios, en forma intencional, les advertimos que vamos a aplicar en todos y cada uno de los casos la Ley de Seguridad del Estado y que no vamos a tolerar que la conducta delictual y absolutamente brutal de quienes provocan deliberadamente los incendios siga prevaleciendo&#8221;, coment\u00f3 Pi\u00f1era en esa ocasi\u00f3n.<\/p>\n<p style=\"text-align: justify;\">Walker y Frei Montalva: Los hilos conducen a Pinochet<\/p>\n<p style=\"text-align: justify;\">Por otro lado, Walker tambi\u00e9n coment\u00f3 las razones para apelar\u00a0al fallo condentario por el magnicidio de Eduardo Frei Montalva, sosteniendo que, a su juicio, se trata de un homicidio calificado\u00a0 y no un homicidio simple como se\u00f1ala el dictamen del ministro Alejandro Madrid.<\/p>\n<p style=\"text-align: justify;\">&#8220;Creemos que el fallo se queda corto, que a nuestro juicio ac\u00e1 hubo homicidio calificado, hubo uso de veneno, el propio juez Madrid habla de sustancias t\u00f3xicas que finalmente incidieron en la aparici\u00f3n de estas bactarias a trav\u00e9s de un proceso de inoculaci\u00f3n voluntaria&#8221;, manifest\u00f3 el diputado.<\/p>\n<p style=\"text-align: justify;\">&#8220;El propio juez Madrid entrega los elementos en el propio fallo de 811 p\u00e1ginas para que se pueda calificar el homicidio con todas estas agravantes de premeditaci\u00f3n y alevos\u00eda&#8221;.<\/p>\n<p style=\"text-align: justify;\">Adem\u00e1s, apunt\u00f3 a Augusto Pinochet como el autor intelectual de este crimen.<\/p>\n<p style=\"text-align: justify;\">&#8220;Hubo toda una preparaci\u00f3n, Luis Becerra, chofer del ex Presidente Frei, fue contactado meses antes, \u00e9l inform\u00f3 meses antes; Patricio Silva Gar\u00edn le narr\u00f3 personalmente el estado de salud del presidente Frei y las caracter\u00edsticas de la intervenci\u00f3n a Augusto Pinochet.\u00a0Ac\u00e1 son demasiados los hilos que conducen a la CNI, al DINE y a Augusto Pinochet como autor intelectual de este crimen&#8221;, expres\u00f3.<\/p>\n","protected":false},"excerpt":{"rendered":"<div class=\"pvc_clear\"><\/div>\n<p id=\"pvc_stats_1226\" class=\"pvc_stats total_only  \" data-element-id=\"1226\" style=\"\"><i class=\"pvc-stats-icon large\" aria-hidden=\"true\"><svg aria-hidden=\"true\" focusable=\"false\" data-prefix=\"far\" data-icon=\"chart-bar\" role=\"img\" xmlns=\"http:\/\/www.w3.org\/2000\/svg\" viewBox=\"0 0 512 512\" class=\"svg-inline--fa fa-chart-bar fa-w-16 fa-2x\"><path fill=\"currentColor\" d=\"M396.8 352h22.4c6.4 0 12.8-6.4 12.8-12.8V108.8c0-6.4-6.4-12.8-12.8-12.8h-22.4c-6.4 0-12.8 6.4-12.8 12.8v230.4c0 6.4 6.4 12.8 12.8 12.8zm-192 0h22.4c6.4 0 12.8-6.4 12.8-12.8V140.8c0-6.4-6.4-12.8-12.8-12.8h-22.4c-6.4 0-12.8 6.4-12.8 12.8v198.4c0 6.4 6.4 12.8 12.8 12.8zm96 0h22.4c6.4 0 12.8-6.4 12.8-12.8V204.8c0-6.4-6.4-12.8-12.8-12.8h-22.4c-6.4 0-12.8 6.4-12.8 12.8v134.4c0 6.4 6.4 12.8 12.8 12.8zM496 400H48V80c0-8.84-7.16-16-16-16H16C7.16 64 0 71.16 0 80v336c0 17.67 14.33 32 32 32h464c8.84 0 16-7.16 16-16v-16c0-8.84-7.16-16-16-16zm-387.2-48h22.4c6.4 0 12.8-6.4 12.8-12.8v-70.4c0-6.4-6.4-12.8-12.8-12.8h-22.4c-6.4 0-12.8 6.4-12.8 12.8v70.4c0 6.4 6.4 12.8 12.8 12.8z\" class=\"\"><\/path><\/svg><\/i> <img loading=\"lazy\" decoding=\"async\" width=\"16\" height=\"16\" alt=\"Loading\" src=\"https:\/\/temucotelevision.cl\/web\/wp-content\/plugins\/page-views-count\/ajax-loader-2x.gif\" border=0 \/><\/p>\n<div class=\"pvc_clear\"><\/div>\n<p>El diputado de la Democracia Cristiana (DC),\u00a0Mat\u00edas Walker, cuestion\u00f3\u00a0la declaraci\u00f3n de estado de cat\u00e1strofe por parte del Gobierno en parte<\/p>\n","protected":false},"author":1,"featured_media":1086,"comment_status":"open","ping_status":"open","sticky":false,"template":"","format":"standard","meta":{"colormag_page_container_layout":"default_layout","colormag_page_sidebar_layout":"default_layout","footnotes":""},"categories":[15],"tags":[],"class_list":["post-1226","post","type-post","status-publish","format-standard","has-post-thumbnail","hentry","category-la-araucania"],"a3_pvc":{"activated":true,"total_views":24,"today_views":0},"_links":{"self":[{"href":"https:\/\/temucotelevision.cl\/web\/wp-json\/wp\/v2\/posts\/1226","targetHints":{"allow":["GET"]}}],"collection":[{"href":"https:\/\/temucotelevision.cl\/web\/wp-json\/wp\/v2\/posts"}],"about":[{"href":"https:\/\/temucotelevision.cl\/web\/wp-json\/wp\/v2\/types\/post"}],"author":[{"embeddable":true,"href":"https:\/\/temucotelevision.cl\/web\/wp-json\/wp\/v2\/users\/1"}],"replies":[{"embeddable":true,"href":"https:\/\/temucotelevision.cl\/web\/wp-json\/wp\/v2\/comments?post=1226"}],"version-history":[{"count":1,"href":"https:\/\/temucotelevision.cl\/web\/wp-json\/wp\/v2\/posts\/1226\/revisions"}],"predecessor-version":[{"id":1227,"href":"https:\/\/temucotelevision.cl\/web\/wp-json\/wp\/v2\/posts\/1226\/revisions\/1227"}],"wp:featuredmedia":[{"embeddable":true,"href":"https:\/\/temucotelevision.cl\/web\/wp-json\/wp\/v2\/media\/1086"}],"wp:attachment":[{"href":"https:\/\/temucotelevision.cl\/web\/wp-json\/wp\/v2\/media?parent=1226"}],"wp:term":[{"taxonomy":"category","embeddable":true,"href":"https:\/\/temucotelevision.cl\/web\/wp-json\/wp\/v2\/categories?post=1226"},{"taxonomy":"post_tag","embeddable":true,"href":"https:\/\/temucotelevision.cl\/web\/wp-json\/wp\/v2\/tags?post=1226"}],"curies":[{"name":"wp","href":"https:\/\/api.w.org\/{rel}","templated":true}]}}