{"id":1224,"date":"2019-02-07T09:38:47","date_gmt":"2019-02-07T12:38:47","guid":{"rendered":"https:\/\/temucotelevision.cl\/web\/?p=1224"},"modified":"2019-02-07T09:38:47","modified_gmt":"2019-02-07T12:38:47","slug":"onemi-21-incendios-forestales-relevantes-siguen-activos-en-el-centro-sur","status":"publish","type":"post","link":"https:\/\/temucotelevision.cl\/web\/2019\/02\/07\/onemi-21-incendios-forestales-relevantes-siguen-activos-en-el-centro-sur\/","title":{"rendered":"Onemi: 21 incendios forestales &#8220;relevantes&#8221; siguen activos en el centro sur"},"content":{"rendered":"<div class=\"pvc_clear\"><\/div>\n<p id=\"pvc_stats_1224\" class=\"pvc_stats total_only  \" data-element-id=\"1224\" style=\"\"><i class=\"pvc-stats-icon large\" aria-hidden=\"true\"><svg aria-hidden=\"true\" focusable=\"false\" data-prefix=\"far\" data-icon=\"chart-bar\" role=\"img\" xmlns=\"http:\/\/www.w3.org\/2000\/svg\" viewBox=\"0 0 512 512\" class=\"svg-inline--fa fa-chart-bar fa-w-16 fa-2x\"><path fill=\"currentColor\" d=\"M396.8 352h22.4c6.4 0 12.8-6.4 12.8-12.8V108.8c0-6.4-6.4-12.8-12.8-12.8h-22.4c-6.4 0-12.8 6.4-12.8 12.8v230.4c0 6.4 6.4 12.8 12.8 12.8zm-192 0h22.4c6.4 0 12.8-6.4 12.8-12.8V140.8c0-6.4-6.4-12.8-12.8-12.8h-22.4c-6.4 0-12.8 6.4-12.8 12.8v198.4c0 6.4 6.4 12.8 12.8 12.8zm96 0h22.4c6.4 0 12.8-6.4 12.8-12.8V204.8c0-6.4-6.4-12.8-12.8-12.8h-22.4c-6.4 0-12.8 6.4-12.8 12.8v134.4c0 6.4 6.4 12.8 12.8 12.8zM496 400H48V80c0-8.84-7.16-16-16-16H16C7.16 64 0 71.16 0 80v336c0 17.67 14.33 32 32 32h464c8.84 0 16-7.16 16-16v-16c0-8.84-7.16-16-16-16zm-387.2-48h22.4c6.4 0 12.8-6.4 12.8-12.8v-70.4c0-6.4-6.4-12.8-12.8-12.8h-22.4c-6.4 0-12.8 6.4-12.8 12.8v70.4c0 6.4 6.4 12.8 12.8 12.8z\" class=\"\"><\/path><\/svg><\/i> <img loading=\"lazy\" decoding=\"async\" width=\"16\" height=\"16\" alt=\"Loading\" src=\"https:\/\/temucotelevision.cl\/web\/wp-content\/plugins\/page-views-count\/ajax-loader-2x.gif\" border=0 \/><\/p>\n<div class=\"pvc_clear\"><\/div>\n<p style=\"text-align: justify;\">Esta madrugada de jueves, la\u00a0Oficina Nacional de Emergencias (Onemi)\u00a0entreg\u00f3 un nuevo balance de\u00a0incendios forestales que afectan al pa\u00eds, registr\u00e1ndose\u00a087 siniestros en total, de los cuales\u00a033 se encuentran activos, 51 fueron controlados y 3 extinguidos.<\/p>\n<p style=\"text-align: justify;\">Adem\u00e1s, el organismo entreg\u00f3 en detalle el estado de los\u00a021 siniestros activos que han sido calificados como &#8220;relevantes&#8221;\u00a0por los equipos de emergencia y su afectaci\u00f3n, los cuales\u00a0se registran en la zona centro sur.<\/p>\n<p style=\"text-align: justify;\">A continuaci\u00f3n, revisa el informe de la Onemi sobre estos 21 incendios activos:<\/p>\n<p style=\"text-align: justify;\">Regi\u00f3n del\u00a0Maule<\/p>\n<p style=\"text-align: justify;\">-Incendio forestal &#8220;Corral de P\u00e9rez 3&#8221;, el cual afecta una superficie por confirmar de 90 ha de vegetaci\u00f3n en la comuna de\u00a0Curic\u00f3.<\/p>\n<p style=\"text-align: justify;\">-Incendio forestal &#8220;Chupallar&#8221;, el cual afecta una superficie por confirmar de 10 ha de vegetaci\u00f3n en la comuna de\u00a0Linares\u00a0(bajo observaci\u00f3n).<\/p>\n<p style=\"text-align: justify;\">Regi\u00f3n de \u00d1uble<\/p>\n<p style=\"text-align: justify;\">-Incendio forestal &#8220;Trancoy\u00e1n&#8221;, el cual afecta una superficie por confirmar de 7,4 ha de vegetaci\u00f3n en la comuna de\u00a0Treguaco.<\/p>\n<p style=\"text-align: justify;\">Regi\u00f3n del Biob\u00edo<\/p>\n<p style=\"text-align: justify;\">-Incendio &#8220;Canihual VII&#8221;, el cual afecta una superficie por confirmar de 280 ha de vegetaci\u00f3n en la comuna de\u00a0Tir\u00faa.<\/p>\n<p style=\"text-align: justify;\">Regi\u00f3n de La Araucan\u00eda<\/p>\n<p style=\"text-align: justify;\">-Incendio forestal &#8220;El Llaima Particular&#8221;, el cual afecta una superficie por confirmar de 1.535 ha de vegetaci\u00f3n en la comuna de\u00a0Temuco.<\/p>\n<p style=\"text-align: justify;\">-Incendio forestal &#8220;Cerro Huincaleo&#8221;, el cual afecta una superficie por confirmar de 1.470 ha de vegetaci\u00f3n en la comuna de\u00a0Galvarino.<\/p>\n<p style=\"text-align: justify;\">-Incendio forestal &#8220;Pancul Ma\u00f1\u00edo&#8221;, el cual afecta una superficie por confirmar de 1.443 ha de vegetaci\u00f3n en la comuna de\u00a0Carahue.<\/p>\n<p style=\"text-align: justify;\">-Incendio forestal &#8220;Pailacoy\u00e1n&#8221;, el cual afecta una superficie por confirmar de 841 ha de vegetaci\u00f3n en la comuna de\u00a0Carahue.<\/p>\n<p style=\"text-align: justify;\">-Incendio forestal &#8220;Molco&#8221;, el cual afecta una superficie por confirmar de 816 ha de vegetaci\u00f3n en la comuna de\u00a0Traigu\u00e9n.<\/p>\n<p style=\"text-align: justify;\">-Incendio forestal &#8220;Corrales&#8221;, el cual afecta una superficie por confirmar de 719 ha de vegetaci\u00f3n en la comuna de\u00a0Carahue.<\/p>\n<p style=\"text-align: justify;\">-Incendio forestal &#8220;Mitrauquen Fundo Rahue&#8221;, el cual afecta una superficie por confirmar de 290 ha de vegetaci\u00f3n en la comuna de\u00a0Lonquimay.<\/p>\n<p style=\"text-align: justify;\">-Incendio &#8220;Barros Arana&#8221;, el cual afecta una superficie p or confirmar de 150 ha de vegetaci\u00f3n en la comuna de\u00a0Nueva Imperial.<\/p>\n<p style=\"text-align: justify;\">-Incendio forestal &#8220;Caburgua 2&#8221;, el cual afecta una superficie por confirmar de 10 ha de vegetaci\u00f3n en la comuna de\u00a0Puc\u00f3n.<\/p>\n<p style=\"text-align: justify;\">Regi\u00f3n de Los R\u00edos<\/p>\n<p style=\"text-align: justify;\">-Incendio forestal denominado &#8220;Rucatrehua&#8221;, el cual afecta una superficie por confirmar de 170 ha de vegetaci\u00f3n en la comuna de\u00a0Panguipulli.<\/p>\n<p style=\"text-align: justify;\">-Incendio forestal denominado &#8220;Bonifacio&#8221;, el cual afecta una superficie por confirmar de 20,6 ha de vegetaci\u00f3n en la comuna de\u00a0Valdivia.<\/p>\n<p style=\"text-align: justify;\">Regi\u00f3n de Los Lagos<\/p>\n<p style=\"text-align: justify;\">-Incendio forestal &#8220;Chaquihual&#8221;, el cual afecta una superficie por confirmar de 549 ha de vegetaci\u00f3n en la comuna de\u00a0Ancud.<\/p>\n<p style=\"text-align: justify;\">-Incendio forestal &#8220;Cerro Troncoso&#8221;, el cual afecta una superficie por confirmar de 152 ha de vegetaci\u00f3n en la comuna de\u00a0Futaleuf\u00fa.<\/p>\n<p style=\"text-align: justify;\">-Incendio forestal &#8220;Peuch\u00e9n&#8221;, el cual afecta una superficie por confirmar de 82 ha de vegetaci\u00f3n en la comuna de\u00a0Fresia.<\/p>\n<p style=\"text-align: justify;\">-Incendio forestal &#8220;Recta Chacao cruce Tepual&#8221;, el cual afecta una superficie por confirmar de 20 ha de vegetaci\u00f3n en la comuna de\u00a0Ancud.<\/p>\n<p style=\"text-align: justify;\">Regi\u00f3n de Ays\u00e9n<\/p>\n<p style=\"text-align: justify;\">-Incendio forestal denominado &#8220;Colonia Sur&#8221; el cual afecta una superficie por confirmar de 2.600 ha de vegetaci\u00f3n en la comuna de\u00a0Cochrane.<\/p>\n<p style=\"text-align: justify;\">-Incendio forestal denominado &#8220;Bah\u00eda Mansa&#8221; el cual afecta una superficie por confirmar de 140 ha de vegetaci\u00f3n en la comuna de\u00a0Chile Chico.<\/p>\n<p style=\"text-align: justify;\">Alertas vigentes:<\/p>\n<ul>\n<li style=\"text-align: justify;\">Alerta Roja\u00a0para la comuna de\u00a0Treguaco, Regi\u00f3n de \u00d1uble, por incendio forestal.<\/li>\n<li style=\"text-align: justify;\">Alerta Roja\u00a0para la\u00a0provincia de Caut\u00edn, Regi\u00f3n de La Araucan\u00eda, por incendios forestales.<\/li>\n<li style=\"text-align: justify;\">Alerta Roja\u00a0para la comuna de\u00a0Panguipulli, Regi\u00f3n de Los R\u00edos, por incendio forestal.<\/li>\n<li style=\"text-align: justify;\">Alerta Roja\u00a0para la comuna de\u00a0Futaleuf\u00fa,\u00a0Regi\u00f3n de Los Lagos, por incendio forestal.<\/li>\n<li style=\"text-align: justify;\">Alerta Roja\u00a0para la comuna de\u00a0Ancud, Regi\u00f3n de Los Lagos, por incendio forestal.<\/li>\n<li style=\"text-align: justify;\">Alerta Roja\u00a0para las\u00a0provincias de Capit\u00e1n Prat y General Carrera, Regi\u00f3n de Ays\u00e9n, por incendios forestales.<\/li>\n<li style=\"text-align: justify;\">Alerta Amarilla\u00a0para la comuna de\u00a0Curic\u00f3, Regi\u00f3n del Maule, por incendio forestal.<\/li>\n<li style=\"text-align: justify;\">Alerta Amarilla\u00a0para la comuna de\u00a0Linares, Regi\u00f3n del Maule por incendio forestal.<\/li>\n<li style=\"text-align: justify;\">Alerta Amarilla\u00a0para la\u00a0provincia de Malleco, Regi\u00f3n de La Araucan\u00eda, por incendios forestales.<\/li>\n<li style=\"text-align: justify;\">Alerta Amarilla\u00a0para las comunas de\u00a0Valdivia y Mariquina, Regi\u00f3n de Los R\u00edos, por incendios forestales.<\/li>\n<li style=\"text-align: justify;\">Alerta Amarilla\u00a0para la comuna de\u00a0Puerto Montt,\u00a0Regi\u00f3n de Los Lagos, por incendio forestal.<\/li>\n<li style=\"text-align: justify;\">Alerta Amarilla\u00a0para la comuna de\u00a0Fresia,\u00a0Regi\u00f3n de Los Lagos, por incendio forestal.<\/li>\n<li style=\"text-align: justify;\">Alerta Temprana Preventiva\u00a0para la\u00a0Regi\u00f3n de Valpara\u00edso, excepto para la Provincia de Isla de Pascua y la comuna de Juan Fern\u00e1ndez, por altas temperaturas.<\/li>\n<li style=\"text-align: justify;\">Alerta Temprana Preventiva\u00a0para la\u00a0Regi\u00f3n Metropolitana,\u00a0por reforzamiento de recursos para el combate de incendios forestales.<\/li>\n<li style=\"text-align: justify;\">Alerta Temprana Preventiva\u00a0para la\u00a0Regi\u00f3n del Maule,\u00a0por altas temperaturas.<\/li>\n<li style=\"text-align: justify;\">Alerta Temprana Preventiva\u00a0para la\u00a0Regi\u00f3n de \u00d1uble, por amenaza de incendios forestales.<\/li>\n<li style=\"text-align: justify;\">Alerta Temprana Preventiva\u00a0para la\u00a0Regi\u00f3n del Biob\u00edo, por amenaza de incendio forestal.<\/li>\n<li style=\"text-align: justify;\">Alerta Temprana Preventiva\u00a0para la\u00a0Regi\u00f3n de Los Lagos,\u00a0por altas temperaturas.<\/li>\n<li style=\"text-align: justify;\">Alerta Temprana Preventiva\u00a0para la\u00a0Regi\u00f3n de Magallanes, por reforzamiento de recursos para el combate de incendios forestales.<\/li>\n<\/ul>\n","protected":false},"excerpt":{"rendered":"<div class=\"pvc_clear\"><\/div>\n<p id=\"pvc_stats_1224\" class=\"pvc_stats total_only  \" data-element-id=\"1224\" style=\"\"><i class=\"pvc-stats-icon large\" aria-hidden=\"true\"><svg aria-hidden=\"true\" focusable=\"false\" data-prefix=\"far\" data-icon=\"chart-bar\" role=\"img\" xmlns=\"http:\/\/www.w3.org\/2000\/svg\" viewBox=\"0 0 512 512\" class=\"svg-inline--fa fa-chart-bar fa-w-16 fa-2x\"><path fill=\"currentColor\" d=\"M396.8 352h22.4c6.4 0 12.8-6.4 12.8-12.8V108.8c0-6.4-6.4-12.8-12.8-12.8h-22.4c-6.4 0-12.8 6.4-12.8 12.8v230.4c0 6.4 6.4 12.8 12.8 12.8zm-192 0h22.4c6.4 0 12.8-6.4 12.8-12.8V140.8c0-6.4-6.4-12.8-12.8-12.8h-22.4c-6.4 0-12.8 6.4-12.8 12.8v198.4c0 6.4 6.4 12.8 12.8 12.8zm96 0h22.4c6.4 0 12.8-6.4 12.8-12.8V204.8c0-6.4-6.4-12.8-12.8-12.8h-22.4c-6.4 0-12.8 6.4-12.8 12.8v134.4c0 6.4 6.4 12.8 12.8 12.8zM496 400H48V80c0-8.84-7.16-16-16-16H16C7.16 64 0 71.16 0 80v336c0 17.67 14.33 32 32 32h464c8.84 0 16-7.16 16-16v-16c0-8.84-7.16-16-16-16zm-387.2-48h22.4c6.4 0 12.8-6.4 12.8-12.8v-70.4c0-6.4-6.4-12.8-12.8-12.8h-22.4c-6.4 0-12.8 6.4-12.8 12.8v70.4c0 6.4 6.4 12.8 12.8 12.8z\" class=\"\"><\/path><\/svg><\/i> <img loading=\"lazy\" decoding=\"async\" width=\"16\" height=\"16\" alt=\"Loading\" src=\"https:\/\/temucotelevision.cl\/web\/wp-content\/plugins\/page-views-count\/ajax-loader-2x.gif\" border=0 \/><\/p>\n<div class=\"pvc_clear\"><\/div>\n<p>Esta madrugada de jueves, la\u00a0Oficina Nacional de Emergencias (Onemi)\u00a0entreg\u00f3 un nuevo balance de\u00a0incendios forestales que afectan al pa\u00eds, registr\u00e1ndose\u00a087 siniestros<\/p>\n","protected":false},"author":1,"featured_media":1101,"comment_status":"open","ping_status":"open","sticky":false,"template":"","format":"standard","meta":{"colormag_page_container_layout":"default_layout","colormag_page_sidebar_layout":"default_layout","footnotes":""},"categories":[15],"tags":[],"class_list":["post-1224","post","type-post","status-publish","format-standard","has-post-thumbnail","hentry","category-la-araucania"],"a3_pvc":{"activated":true,"total_views":25,"today_views":0},"_links":{"self":[{"href":"https:\/\/temucotelevision.cl\/web\/wp-json\/wp\/v2\/posts\/1224","targetHints":{"allow":["GET"]}}],"collection":[{"href":"https:\/\/temucotelevision.cl\/web\/wp-json\/wp\/v2\/posts"}],"about":[{"href":"https:\/\/temucotelevision.cl\/web\/wp-json\/wp\/v2\/types\/post"}],"author":[{"embeddable":true,"href":"https:\/\/temucotelevision.cl\/web\/wp-json\/wp\/v2\/users\/1"}],"replies":[{"embeddable":true,"href":"https:\/\/temucotelevision.cl\/web\/wp-json\/wp\/v2\/comments?post=1224"}],"version-history":[{"count":1,"href":"https:\/\/temucotelevision.cl\/web\/wp-json\/wp\/v2\/posts\/1224\/revisions"}],"predecessor-version":[{"id":1225,"href":"https:\/\/temucotelevision.cl\/web\/wp-json\/wp\/v2\/posts\/1224\/revisions\/1225"}],"wp:featuredmedia":[{"embeddable":true,"href":"https:\/\/temucotelevision.cl\/web\/wp-json\/wp\/v2\/media\/1101"}],"wp:attachment":[{"href":"https:\/\/temucotelevision.cl\/web\/wp-json\/wp\/v2\/media?parent=1224"}],"wp:term":[{"taxonomy":"category","embeddable":true,"href":"https:\/\/temucotelevision.cl\/web\/wp-json\/wp\/v2\/categories?post=1224"},{"taxonomy":"post_tag","embeddable":true,"href":"https:\/\/temucotelevision.cl\/web\/wp-json\/wp\/v2\/tags?post=1224"}],"curies":[{"name":"wp","href":"https:\/\/api.w.org\/{rel}","templated":true}]}}