{"id":1221,"date":"2019-02-07T09:37:07","date_gmt":"2019-02-07T12:37:07","guid":{"rendered":"https:\/\/temucotelevision.cl\/web\/?p=1221"},"modified":"2019-02-07T09:37:07","modified_gmt":"2019-02-07T12:37:07","slug":"cam-estado-de-excepcion-busca-naturalizar-la-presencia-militar-en-wallmapu","status":"publish","type":"post","link":"https:\/\/temucotelevision.cl\/web\/2019\/02\/07\/cam-estado-de-excepcion-busca-naturalizar-la-presencia-militar-en-wallmapu\/","title":{"rendered":"CAM: Estado de excepci\u00f3n busca &#8220;naturalizar la presencia militar en Wallmapu&#8221;"},"content":{"rendered":"<div class=\"pvc_clear\"><\/div>\n<p id=\"pvc_stats_1221\" class=\"pvc_stats total_only  \" data-element-id=\"1221\" style=\"\"><i class=\"pvc-stats-icon large\" aria-hidden=\"true\"><svg aria-hidden=\"true\" focusable=\"false\" data-prefix=\"far\" data-icon=\"chart-bar\" role=\"img\" xmlns=\"http:\/\/www.w3.org\/2000\/svg\" viewBox=\"0 0 512 512\" class=\"svg-inline--fa fa-chart-bar fa-w-16 fa-2x\"><path fill=\"currentColor\" d=\"M396.8 352h22.4c6.4 0 12.8-6.4 12.8-12.8V108.8c0-6.4-6.4-12.8-12.8-12.8h-22.4c-6.4 0-12.8 6.4-12.8 12.8v230.4c0 6.4 6.4 12.8 12.8 12.8zm-192 0h22.4c6.4 0 12.8-6.4 12.8-12.8V140.8c0-6.4-6.4-12.8-12.8-12.8h-22.4c-6.4 0-12.8 6.4-12.8 12.8v198.4c0 6.4 6.4 12.8 12.8 12.8zm96 0h22.4c6.4 0 12.8-6.4 12.8-12.8V204.8c0-6.4-6.4-12.8-12.8-12.8h-22.4c-6.4 0-12.8 6.4-12.8 12.8v134.4c0 6.4 6.4 12.8 12.8 12.8zM496 400H48V80c0-8.84-7.16-16-16-16H16C7.16 64 0 71.16 0 80v336c0 17.67 14.33 32 32 32h464c8.84 0 16-7.16 16-16v-16c0-8.84-7.16-16-16-16zm-387.2-48h22.4c6.4 0 12.8-6.4 12.8-12.8v-70.4c0-6.4-6.4-12.8-12.8-12.8h-22.4c-6.4 0-12.8 6.4-12.8 12.8v70.4c0 6.4 6.4 12.8 12.8 12.8z\" class=\"\"><\/path><\/svg><\/i> <img loading=\"lazy\" decoding=\"async\" width=\"16\" height=\"16\" alt=\"Loading\" src=\"https:\/\/temucotelevision.cl\/web\/wp-content\/plugins\/page-views-count\/ajax-loader-2x.gif\" border=0 \/><\/p>\n<div class=\"pvc_clear\"><\/div>\n<p style=\"text-align: justify;\">Werkenes mapuche de la Regi\u00f3n de La Araucan\u00eda\u00a0rechazaron el despliegue del Ej\u00e9rcito en la zona\u00a0producto del\u00a0estado de cat\u00e1strofe decretado ayer martes por el Gobierno\u00a0debido a los incendios forestales, lo que -acusan- es una provocaci\u00f3n a las comunidades.<\/p>\n<p style=\"text-align: justify;\">Al respecto, el\u00a0werk\u00e9n de Temucuicui,\u00a0Jorge Huenchull\u00e1n, detall\u00f3 que &#8220;ellos van a reprimir a las comunidades mapuche y, dentro de eso, van a cometer delitos, eso est\u00e1 clar\u00edsimo y\u00a0aqu\u00ed van a haber consecuencias muy negativas, tanto para los mapuche como para los polic\u00edas o los militares, en este caso, porque hay una animosidad, una presi\u00f3n pol\u00edtica de silenciar de toda manera la demanda mapuche&#8221;.<\/p>\n<p style=\"text-align: justify;\">Adem\u00e1s, la\u00a0Coordinadora Arauco-Malleco (CAM)\u00a0emiti\u00f3 un comunicado en el que afirman que &#8220;vemos la puesta en marcha del estado de excepci\u00f3n como una\u00a0implementaci\u00f3n casi exclusiva en las zonas de conflicto,\u00a0que tiene por objeto naturalizar la presencia militar en Wallmapu, tanteando terreno para una futura intervenci\u00f3n militar en el conflicto&#8221;.<\/p>\n<p style=\"text-align: justify;\">La CAM sostiene que &#8220;el fascista y ultraderechista Gobierno de Sebasti\u00e1n Pi\u00f1era ha hecho eco del llamado del empresariado\u00a0y se ha puesto fielmente al servicio de forestales y gremios de manera ya descarada\u00a0y dejando en claro que los \u00fanicos responsables de dichos incendios son las forestales y sus monocultivos y que los \u00fanicos damnificados son comunidades y gente mapuche&#8221;.<\/p>\n<p style=\"text-align: justify;\">Finalmente, la Coordinadora Arauco-Malleco reafirma &#8220;a\u00fan m\u00e1s la postura autonomista y revolucionaria de dar\u00a0continuidad a la lucha frontal contra de las forestales.\u00a0Los combatiremos a sangre,\u00a0sudor y fuego, no caeremos en su trampa y mucho menos nos pondremos en contra de nuestra gente&#8221;.<\/p>\n<p style=\"text-align: justify;\"><em>FF.AA. pueden ser utilizadas sin que exista estado de excepci\u00f3n constitucional<br \/>\n<\/em><\/p>\n<p style=\"text-align: justify;\">En conversaci\u00f3n con\u00a0Cooperativa, el consultor en gesti\u00f3n de emergencias\u00a0Michel de L&#8217;Herbe\u00a0explic\u00f3 que\u00a0&#8220;las Fuerzas Armadas son un elemento m\u00e1s del Estado y, por lo tanto,\u00a0no requieren de un estado de excepci\u00f3n constitucional para aportar en emergencias, de hecho, hasta el d\u00eda de hoy y por muchos a\u00f1os, el Ej\u00e9rcito, por ejemplo, posee brigadas de combate forestal que operan todos los a\u00f1os&#8221;.<\/p>\n<p style=\"text-align: justify;\">El experto a\u00f1adi\u00f3 que &#8220;las Fuerzas Armadas pueden ser utilizadas sin que exista un estado de excepci\u00f3n constitucional, el estado de excepci\u00f3n constitucional, lo que hace b\u00e1sicamente, es permitir que las Fuerzas Armadas operen en un \u00e1mbito que no est\u00e1 dentro de su misi\u00f3n esencial y, por tanto, por eso se hace una excepcionalidad constitucional y, en este caso, tiene que ver con que las Fuerzas Armadas se involucren en seguridad interior&#8221;.<\/p>\n<p style=\"text-align: justify;\">&#8220;Lo que se\u00f1alan los werkenes, probablemente, incorpora en el contexto de La Araucan\u00eda un elemento de tensi\u00f3n, pero para m\u00ed lo m\u00e1s relevante es se\u00f1alar que\u00a0la log\u00edstica de las Fuerzas Armadas siempre est\u00e1 disponible para el caso de emergencias\u00a0y no se requiere un estado de excepci\u00f3n constitucional para que los militares o las Fuerzas Armadas operen, lo hacen habitualmente&#8221;, remarc\u00f3.<\/p>\n<p style=\"text-align: justify;\">En\u00a0Hablando de&#8230;, De L&#8217;Herbe expres\u00f3 que &#8220;desde el punto de vista de las cifras hasta el d\u00eda de hoy, la temporada forestal, incluso en materia de superficie, todav\u00eda est\u00e1 en rangos normales a nivel nacional y\u00a0en el caso de La Araucan\u00eda,\u00a0que ha sido el foco de la noticia,\u00a0tambi\u00e9n est\u00e1 dentro de rangos normales, no se ha disparado ni la cantidad de incendios ni tampoco se ha disparado la cantidad de superficie&#8221;.<\/p>\n<p style=\"text-align: justify;\">&#8220;Creo que el incremento de la tensi\u00f3n en la zona, sabemos que puede incrementar tambi\u00e9n la acci\u00f3n de los grupos peque\u00f1os y m\u00e1s radicalizados que tengan alg\u00fan tipo de reacci\u00f3n frente al incremento de la tensi\u00f3n en algo que\u00a0no era deseado en el contexto que hoy se vive en La Araucan\u00eda&#8221;, concluy\u00f3.<\/p>\n","protected":false},"excerpt":{"rendered":"<div class=\"pvc_clear\"><\/div>\n<p id=\"pvc_stats_1221\" class=\"pvc_stats total_only  \" data-element-id=\"1221\" style=\"\"><i class=\"pvc-stats-icon large\" aria-hidden=\"true\"><svg aria-hidden=\"true\" focusable=\"false\" data-prefix=\"far\" data-icon=\"chart-bar\" role=\"img\" xmlns=\"http:\/\/www.w3.org\/2000\/svg\" viewBox=\"0 0 512 512\" class=\"svg-inline--fa fa-chart-bar fa-w-16 fa-2x\"><path fill=\"currentColor\" d=\"M396.8 352h22.4c6.4 0 12.8-6.4 12.8-12.8V108.8c0-6.4-6.4-12.8-12.8-12.8h-22.4c-6.4 0-12.8 6.4-12.8 12.8v230.4c0 6.4 6.4 12.8 12.8 12.8zm-192 0h22.4c6.4 0 12.8-6.4 12.8-12.8V140.8c0-6.4-6.4-12.8-12.8-12.8h-22.4c-6.4 0-12.8 6.4-12.8 12.8v198.4c0 6.4 6.4 12.8 12.8 12.8zm96 0h22.4c6.4 0 12.8-6.4 12.8-12.8V204.8c0-6.4-6.4-12.8-12.8-12.8h-22.4c-6.4 0-12.8 6.4-12.8 12.8v134.4c0 6.4 6.4 12.8 12.8 12.8zM496 400H48V80c0-8.84-7.16-16-16-16H16C7.16 64 0 71.16 0 80v336c0 17.67 14.33 32 32 32h464c8.84 0 16-7.16 16-16v-16c0-8.84-7.16-16-16-16zm-387.2-48h22.4c6.4 0 12.8-6.4 12.8-12.8v-70.4c0-6.4-6.4-12.8-12.8-12.8h-22.4c-6.4 0-12.8 6.4-12.8 12.8v70.4c0 6.4 6.4 12.8 12.8 12.8z\" class=\"\"><\/path><\/svg><\/i> <img loading=\"lazy\" decoding=\"async\" width=\"16\" height=\"16\" alt=\"Loading\" src=\"https:\/\/temucotelevision.cl\/web\/wp-content\/plugins\/page-views-count\/ajax-loader-2x.gif\" border=0 \/><\/p>\n<div class=\"pvc_clear\"><\/div>\n<p>Werkenes mapuche de la Regi\u00f3n de La Araucan\u00eda\u00a0rechazaron el despliegue del Ej\u00e9rcito en la zona\u00a0producto del\u00a0estado de cat\u00e1strofe decretado ayer<\/p>\n","protected":false},"author":1,"featured_media":1222,"comment_status":"open","ping_status":"open","sticky":false,"template":"","format":"standard","meta":{"colormag_page_container_layout":"default_layout","colormag_page_sidebar_layout":"default_layout","footnotes":""},"categories":[15],"tags":[],"class_list":["post-1221","post","type-post","status-publish","format-standard","has-post-thumbnail","hentry","category-la-araucania"],"a3_pvc":{"activated":true,"total_views":29,"today_views":0},"_links":{"self":[{"href":"https:\/\/temucotelevision.cl\/web\/wp-json\/wp\/v2\/posts\/1221","targetHints":{"allow":["GET"]}}],"collection":[{"href":"https:\/\/temucotelevision.cl\/web\/wp-json\/wp\/v2\/posts"}],"about":[{"href":"https:\/\/temucotelevision.cl\/web\/wp-json\/wp\/v2\/types\/post"}],"author":[{"embeddable":true,"href":"https:\/\/temucotelevision.cl\/web\/wp-json\/wp\/v2\/users\/1"}],"replies":[{"embeddable":true,"href":"https:\/\/temucotelevision.cl\/web\/wp-json\/wp\/v2\/comments?post=1221"}],"version-history":[{"count":1,"href":"https:\/\/temucotelevision.cl\/web\/wp-json\/wp\/v2\/posts\/1221\/revisions"}],"predecessor-version":[{"id":1223,"href":"https:\/\/temucotelevision.cl\/web\/wp-json\/wp\/v2\/posts\/1221\/revisions\/1223"}],"wp:featuredmedia":[{"embeddable":true,"href":"https:\/\/temucotelevision.cl\/web\/wp-json\/wp\/v2\/media\/1222"}],"wp:attachment":[{"href":"https:\/\/temucotelevision.cl\/web\/wp-json\/wp\/v2\/media?parent=1221"}],"wp:term":[{"taxonomy":"category","embeddable":true,"href":"https:\/\/temucotelevision.cl\/web\/wp-json\/wp\/v2\/categories?post=1221"},{"taxonomy":"post_tag","embeddable":true,"href":"https:\/\/temucotelevision.cl\/web\/wp-json\/wp\/v2\/tags?post=1221"}],"curies":[{"name":"wp","href":"https:\/\/api.w.org\/{rel}","templated":true}]}}