{"id":1218,"date":"2019-02-07T09:35:26","date_gmt":"2019-02-07T12:35:26","guid":{"rendered":"https:\/\/temucotelevision.cl\/web\/?p=1218"},"modified":"2019-02-07T09:35:26","modified_gmt":"2019-02-07T12:35:26","slug":"comenzo-reconstruccion-de-puente-ferroviario-que-une-temuco-y-padre-las-casas","status":"publish","type":"post","link":"https:\/\/temucotelevision.cl\/web\/2019\/02\/07\/comenzo-reconstruccion-de-puente-ferroviario-que-une-temuco-y-padre-las-casas\/","title":{"rendered":"Comenz\u00f3 reconstrucci\u00f3n de puente ferroviario  que une Temuco y Padre Las Casas"},"content":{"rendered":"<div class=\"pvc_clear\"><\/div>\n<p id=\"pvc_stats_1218\" class=\"pvc_stats total_only  \" data-element-id=\"1218\" style=\"\"><i class=\"pvc-stats-icon large\" aria-hidden=\"true\"><svg aria-hidden=\"true\" focusable=\"false\" data-prefix=\"far\" data-icon=\"chart-bar\" role=\"img\" xmlns=\"http:\/\/www.w3.org\/2000\/svg\" viewBox=\"0 0 512 512\" class=\"svg-inline--fa fa-chart-bar fa-w-16 fa-2x\"><path fill=\"currentColor\" d=\"M396.8 352h22.4c6.4 0 12.8-6.4 12.8-12.8V108.8c0-6.4-6.4-12.8-12.8-12.8h-22.4c-6.4 0-12.8 6.4-12.8 12.8v230.4c0 6.4 6.4 12.8 12.8 12.8zm-192 0h22.4c6.4 0 12.8-6.4 12.8-12.8V140.8c0-6.4-6.4-12.8-12.8-12.8h-22.4c-6.4 0-12.8 6.4-12.8 12.8v198.4c0 6.4 6.4 12.8 12.8 12.8zm96 0h22.4c6.4 0 12.8-6.4 12.8-12.8V204.8c0-6.4-6.4-12.8-12.8-12.8h-22.4c-6.4 0-12.8 6.4-12.8 12.8v134.4c0 6.4 6.4 12.8 12.8 12.8zM496 400H48V80c0-8.84-7.16-16-16-16H16C7.16 64 0 71.16 0 80v336c0 17.67 14.33 32 32 32h464c8.84 0 16-7.16 16-16v-16c0-8.84-7.16-16-16-16zm-387.2-48h22.4c6.4 0 12.8-6.4 12.8-12.8v-70.4c0-6.4-6.4-12.8-12.8-12.8h-22.4c-6.4 0-12.8 6.4-12.8 12.8v70.4c0 6.4 6.4 12.8 12.8 12.8z\" class=\"\"><\/path><\/svg><\/i> <img loading=\"lazy\" decoding=\"async\" width=\"16\" height=\"16\" alt=\"Loading\" src=\"https:\/\/temucotelevision.cl\/web\/wp-content\/plugins\/page-views-count\/ajax-loader-2x.gif\" border=0 \/><\/p>\n<div class=\"pvc_clear\"><\/div>\n<p style=\"text-align: justify;\">Comenzaron los trabajos de reconstrucci\u00f3n del\u00a0puente ferroviario que conecta Temuco con Padre Las Casas en la Regi\u00f3n de La Araucan\u00eda\u00a0y que colaps\u00f3 debido a las crecidas del r\u00edo Caut\u00edn el invierno pasado.<\/p>\n<p style=\"text-align: justify;\">Seg\u00fan la proyecci\u00f3n que hizo el presidente de la Empresa de Ferrocarriles del Estado, EFE,\u00a0Pedro Pablo Err\u00e1zuriz,\u00a0los trabajos deber\u00edan concluir en 2020\u00a0y de esta manera permitir concretar el proyecto que tiene la compa\u00f1ia de unir Temuco con Santiago, adem\u00e1s de conectar v\u00eda ferroviaria a ciudades como Loncoche y Pitrufqu\u00e9n en La Araucan\u00eda.<\/p>\n<p style=\"text-align: justify;\">La licitaci\u00f3n considera\u00a0tres trenes diesel de dos coches, livianos y con menor consumo de energ\u00eda.<\/p>\n<p style=\"text-align: justify;\">Los anuncios y la reconstrucci\u00f3n del puente ferroviario sobre el Caut\u00edn fueron valorados por el intendente\u00a0Jorge Atton\u00a0y autoridades de Obras P\u00fablicas de la regi\u00f3n.<\/p>\n<p style=\"text-align: justify;\">El puente fue constru\u00eddo en 1894 en el marco de obras viales y ferroviarias de la zona sur.<\/p>\n","protected":false},"excerpt":{"rendered":"<div class=\"pvc_clear\"><\/div>\n<p id=\"pvc_stats_1218\" class=\"pvc_stats total_only  \" data-element-id=\"1218\" style=\"\"><i class=\"pvc-stats-icon large\" aria-hidden=\"true\"><svg aria-hidden=\"true\" focusable=\"false\" data-prefix=\"far\" data-icon=\"chart-bar\" role=\"img\" xmlns=\"http:\/\/www.w3.org\/2000\/svg\" viewBox=\"0 0 512 512\" class=\"svg-inline--fa fa-chart-bar fa-w-16 fa-2x\"><path fill=\"currentColor\" d=\"M396.8 352h22.4c6.4 0 12.8-6.4 12.8-12.8V108.8c0-6.4-6.4-12.8-12.8-12.8h-22.4c-6.4 0-12.8 6.4-12.8 12.8v230.4c0 6.4 6.4 12.8 12.8 12.8zm-192 0h22.4c6.4 0 12.8-6.4 12.8-12.8V140.8c0-6.4-6.4-12.8-12.8-12.8h-22.4c-6.4 0-12.8 6.4-12.8 12.8v198.4c0 6.4 6.4 12.8 12.8 12.8zm96 0h22.4c6.4 0 12.8-6.4 12.8-12.8V204.8c0-6.4-6.4-12.8-12.8-12.8h-22.4c-6.4 0-12.8 6.4-12.8 12.8v134.4c0 6.4 6.4 12.8 12.8 12.8zM496 400H48V80c0-8.84-7.16-16-16-16H16C7.16 64 0 71.16 0 80v336c0 17.67 14.33 32 32 32h464c8.84 0 16-7.16 16-16v-16c0-8.84-7.16-16-16-16zm-387.2-48h22.4c6.4 0 12.8-6.4 12.8-12.8v-70.4c0-6.4-6.4-12.8-12.8-12.8h-22.4c-6.4 0-12.8 6.4-12.8 12.8v70.4c0 6.4 6.4 12.8 12.8 12.8z\" class=\"\"><\/path><\/svg><\/i> <img loading=\"lazy\" decoding=\"async\" width=\"16\" height=\"16\" alt=\"Loading\" src=\"https:\/\/temucotelevision.cl\/web\/wp-content\/plugins\/page-views-count\/ajax-loader-2x.gif\" border=0 \/><\/p>\n<div class=\"pvc_clear\"><\/div>\n<p>Comenzaron los trabajos de reconstrucci\u00f3n del\u00a0puente ferroviario que conecta Temuco con Padre Las Casas en la Regi\u00f3n de La Araucan\u00eda\u00a0y<\/p>\n","protected":false},"author":1,"featured_media":1219,"comment_status":"open","ping_status":"open","sticky":false,"template":"","format":"standard","meta":{"colormag_page_container_layout":"default_layout","colormag_page_sidebar_layout":"default_layout","footnotes":""},"categories":[14],"tags":[],"class_list":["post-1218","post","type-post","status-publish","format-standard","has-post-thumbnail","hentry","category-temuco"],"a3_pvc":{"activated":true,"total_views":156,"today_views":0},"_links":{"self":[{"href":"https:\/\/temucotelevision.cl\/web\/wp-json\/wp\/v2\/posts\/1218","targetHints":{"allow":["GET"]}}],"collection":[{"href":"https:\/\/temucotelevision.cl\/web\/wp-json\/wp\/v2\/posts"}],"about":[{"href":"https:\/\/temucotelevision.cl\/web\/wp-json\/wp\/v2\/types\/post"}],"author":[{"embeddable":true,"href":"https:\/\/temucotelevision.cl\/web\/wp-json\/wp\/v2\/users\/1"}],"replies":[{"embeddable":true,"href":"https:\/\/temucotelevision.cl\/web\/wp-json\/wp\/v2\/comments?post=1218"}],"version-history":[{"count":1,"href":"https:\/\/temucotelevision.cl\/web\/wp-json\/wp\/v2\/posts\/1218\/revisions"}],"predecessor-version":[{"id":1220,"href":"https:\/\/temucotelevision.cl\/web\/wp-json\/wp\/v2\/posts\/1218\/revisions\/1220"}],"wp:featuredmedia":[{"embeddable":true,"href":"https:\/\/temucotelevision.cl\/web\/wp-json\/wp\/v2\/media\/1219"}],"wp:attachment":[{"href":"https:\/\/temucotelevision.cl\/web\/wp-json\/wp\/v2\/media?parent=1218"}],"wp:term":[{"taxonomy":"category","embeddable":true,"href":"https:\/\/temucotelevision.cl\/web\/wp-json\/wp\/v2\/categories?post=1218"},{"taxonomy":"post_tag","embeddable":true,"href":"https:\/\/temucotelevision.cl\/web\/wp-json\/wp\/v2\/tags?post=1218"}],"curies":[{"name":"wp","href":"https:\/\/api.w.org\/{rel}","templated":true}]}}