{"id":1214,"date":"2019-02-07T09:33:20","date_gmt":"2019-02-07T12:33:20","guid":{"rendered":"https:\/\/temucotelevision.cl\/web\/?p=1214"},"modified":"2019-02-07T09:33:20","modified_gmt":"2019-02-07T12:33:20","slug":"jefe-de-fuerzas-en-la-araucania-tenemos-un-protocolo-para-no-generar-conflicto","status":"publish","type":"post","link":"https:\/\/temucotelevision.cl\/web\/2019\/02\/07\/jefe-de-fuerzas-en-la-araucania-tenemos-un-protocolo-para-no-generar-conflicto\/","title":{"rendered":"Jefe de fuerzas en La Araucan\u00eda: Tenemos un protocolo para no generar conflicto"},"content":{"rendered":"<div class=\"pvc_clear\"><\/div>\n<p id=\"pvc_stats_1214\" class=\"pvc_stats total_only  \" data-element-id=\"1214\" style=\"\"><i class=\"pvc-stats-icon large\" aria-hidden=\"true\"><svg aria-hidden=\"true\" focusable=\"false\" data-prefix=\"far\" data-icon=\"chart-bar\" role=\"img\" xmlns=\"http:\/\/www.w3.org\/2000\/svg\" viewBox=\"0 0 512 512\" class=\"svg-inline--fa fa-chart-bar fa-w-16 fa-2x\"><path fill=\"currentColor\" d=\"M396.8 352h22.4c6.4 0 12.8-6.4 12.8-12.8V108.8c0-6.4-6.4-12.8-12.8-12.8h-22.4c-6.4 0-12.8 6.4-12.8 12.8v230.4c0 6.4 6.4 12.8 12.8 12.8zm-192 0h22.4c6.4 0 12.8-6.4 12.8-12.8V140.8c0-6.4-6.4-12.8-12.8-12.8h-22.4c-6.4 0-12.8 6.4-12.8 12.8v198.4c0 6.4 6.4 12.8 12.8 12.8zm96 0h22.4c6.4 0 12.8-6.4 12.8-12.8V204.8c0-6.4-6.4-12.8-12.8-12.8h-22.4c-6.4 0-12.8 6.4-12.8 12.8v134.4c0 6.4 6.4 12.8 12.8 12.8zM496 400H48V80c0-8.84-7.16-16-16-16H16C7.16 64 0 71.16 0 80v336c0 17.67 14.33 32 32 32h464c8.84 0 16-7.16 16-16v-16c0-8.84-7.16-16-16-16zm-387.2-48h22.4c6.4 0 12.8-6.4 12.8-12.8v-70.4c0-6.4-6.4-12.8-12.8-12.8h-22.4c-6.4 0-12.8 6.4-12.8 12.8v70.4c0 6.4 6.4 12.8 12.8 12.8z\" class=\"\"><\/path><\/svg><\/i> <img loading=\"lazy\" decoding=\"async\" width=\"16\" height=\"16\" alt=\"Loading\" src=\"https:\/\/temucotelevision.cl\/web\/wp-content\/plugins\/page-views-count\/ajax-loader-2x.gif\" border=0 \/><\/p>\n<div class=\"pvc_clear\"><\/div>\n<p style=\"text-align: justify;\">El general de Ej\u00e9rcito\u00a0Rodrigo Pino,\u00a0jefe de fuerzas en La Araucan\u00eda por el estado de excepci\u00f3n, sostuvo en\u00a0Cooperativa\u00a0que existe un protocolo para evitar conflictos en la zona y reiter\u00f3 que no se busca militarizar la regi\u00f3n.<\/p>\n<p style=\"text-align: justify;\">En di\u00e1logo con\u00a0El Diario de Cooperativa, Pino sostuvo que &#8220;esta regi\u00f3n vive una situaci\u00f3n compleja (&#8230;) la mantenci\u00f3n del orden p\u00fablico deber ser una actividad que permita solucionar la emergencia que tenemos en estos momentos, que es el combate de los incendios forestales&#8221;.<\/p>\n<p style=\"text-align: justify;\">&#8220;Tenemos un protocolo para no generar conflicto\u00a0(&#8230;) existe una coordinaci\u00f3n plena y total con la autoridad pol\u00edtica, con el intendente de la regi\u00f3n, Jorge Atton, que desde el primer d\u00eda ha manifestado la plena disposici\u00f3n y su total compromiso a trabajar en conjunto en la soluci\u00f3n de este problema&#8221;, explic\u00f3.<\/p>\n<p style=\"text-align: justify;\">Pino a\u00f1adi\u00f3 que &#8220;he sido enf\u00e1tico en se\u00f1alar que\u00a0no cabe una militarizaci\u00f3n de la zona.\u00a0La cantidad de fuerzas militares que existen en la regi\u00f3n son las mismas que corresponden a la regi\u00f3n, solamente han sido aumentadas con personal que viene a combatir la emergencia, que corresponden a brigadistas forestales&#8221;.<\/p>\n<p style=\"text-align: justify;\">&#8220;El resumen que hago de las primeras 24 horas de esta tarea relacionadas con el combate de los incendios a ra\u00edz del decreto de la zona de cat\u00e1strofe, puedo comentar que\u00a0hab\u00edamos comenzado con 20 incendios forestales y ayer terminamos con 14 incendios&#8221;, sostuvo.<\/p>\n<p style=\"text-align: justify;\">&#8220;Tuvimos una situaci\u00f3n anoche en la zona de Angol se detect\u00f3 la presencia de personas que habr\u00edan iniciado fuego, que estuvo a punto de comprometer el sector del vertedero de Angol (&#8230;) no se pudo detectar a ninguna persona&#8221;, precis\u00f3 Pino.<\/p>\n","protected":false},"excerpt":{"rendered":"<div class=\"pvc_clear\"><\/div>\n<p id=\"pvc_stats_1214\" class=\"pvc_stats total_only  \" data-element-id=\"1214\" style=\"\"><i class=\"pvc-stats-icon large\" aria-hidden=\"true\"><svg aria-hidden=\"true\" focusable=\"false\" data-prefix=\"far\" data-icon=\"chart-bar\" role=\"img\" xmlns=\"http:\/\/www.w3.org\/2000\/svg\" viewBox=\"0 0 512 512\" class=\"svg-inline--fa fa-chart-bar fa-w-16 fa-2x\"><path fill=\"currentColor\" d=\"M396.8 352h22.4c6.4 0 12.8-6.4 12.8-12.8V108.8c0-6.4-6.4-12.8-12.8-12.8h-22.4c-6.4 0-12.8 6.4-12.8 12.8v230.4c0 6.4 6.4 12.8 12.8 12.8zm-192 0h22.4c6.4 0 12.8-6.4 12.8-12.8V140.8c0-6.4-6.4-12.8-12.8-12.8h-22.4c-6.4 0-12.8 6.4-12.8 12.8v198.4c0 6.4 6.4 12.8 12.8 12.8zm96 0h22.4c6.4 0 12.8-6.4 12.8-12.8V204.8c0-6.4-6.4-12.8-12.8-12.8h-22.4c-6.4 0-12.8 6.4-12.8 12.8v134.4c0 6.4 6.4 12.8 12.8 12.8zM496 400H48V80c0-8.84-7.16-16-16-16H16C7.16 64 0 71.16 0 80v336c0 17.67 14.33 32 32 32h464c8.84 0 16-7.16 16-16v-16c0-8.84-7.16-16-16-16zm-387.2-48h22.4c6.4 0 12.8-6.4 12.8-12.8v-70.4c0-6.4-6.4-12.8-12.8-12.8h-22.4c-6.4 0-12.8 6.4-12.8 12.8v70.4c0 6.4 6.4 12.8 12.8 12.8z\" class=\"\"><\/path><\/svg><\/i> <img loading=\"lazy\" decoding=\"async\" width=\"16\" height=\"16\" alt=\"Loading\" src=\"https:\/\/temucotelevision.cl\/web\/wp-content\/plugins\/page-views-count\/ajax-loader-2x.gif\" border=0 \/><\/p>\n<div class=\"pvc_clear\"><\/div>\n<p>El general de Ej\u00e9rcito\u00a0Rodrigo Pino,\u00a0jefe de fuerzas en La Araucan\u00eda por el estado de excepci\u00f3n, sostuvo en\u00a0Cooperativa\u00a0que existe un protocolo<\/p>\n","protected":false},"author":1,"featured_media":1215,"comment_status":"open","ping_status":"open","sticky":false,"template":"","format":"standard","meta":{"colormag_page_container_layout":"default_layout","colormag_page_sidebar_layout":"default_layout","footnotes":""},"categories":[15],"tags":[],"class_list":["post-1214","post","type-post","status-publish","format-standard","has-post-thumbnail","hentry","category-la-araucania"],"a3_pvc":{"activated":true,"total_views":43,"today_views":0},"_links":{"self":[{"href":"https:\/\/temucotelevision.cl\/web\/wp-json\/wp\/v2\/posts\/1214","targetHints":{"allow":["GET"]}}],"collection":[{"href":"https:\/\/temucotelevision.cl\/web\/wp-json\/wp\/v2\/posts"}],"about":[{"href":"https:\/\/temucotelevision.cl\/web\/wp-json\/wp\/v2\/types\/post"}],"author":[{"embeddable":true,"href":"https:\/\/temucotelevision.cl\/web\/wp-json\/wp\/v2\/users\/1"}],"replies":[{"embeddable":true,"href":"https:\/\/temucotelevision.cl\/web\/wp-json\/wp\/v2\/comments?post=1214"}],"version-history":[{"count":2,"href":"https:\/\/temucotelevision.cl\/web\/wp-json\/wp\/v2\/posts\/1214\/revisions"}],"predecessor-version":[{"id":1217,"href":"https:\/\/temucotelevision.cl\/web\/wp-json\/wp\/v2\/posts\/1214\/revisions\/1217"}],"wp:featuredmedia":[{"embeddable":true,"href":"https:\/\/temucotelevision.cl\/web\/wp-json\/wp\/v2\/media\/1215"}],"wp:attachment":[{"href":"https:\/\/temucotelevision.cl\/web\/wp-json\/wp\/v2\/media?parent=1214"}],"wp:term":[{"taxonomy":"category","embeddable":true,"href":"https:\/\/temucotelevision.cl\/web\/wp-json\/wp\/v2\/categories?post=1214"},{"taxonomy":"post_tag","embeddable":true,"href":"https:\/\/temucotelevision.cl\/web\/wp-json\/wp\/v2\/tags?post=1214"}],"curies":[{"name":"wp","href":"https:\/\/api.w.org\/{rel}","templated":true}]}}