{"id":1211,"date":"2019-02-06T20:19:52","date_gmt":"2019-02-06T23:19:52","guid":{"rendered":"https:\/\/temucotelevision.cl\/web\/?p=1211"},"modified":"2019-02-06T20:19:52","modified_gmt":"2019-02-06T23:19:52","slug":"musica-pablo-herrera-lanza-su-nuevo-single-junto-a-maria-colores","status":"publish","type":"post","link":"https:\/\/temucotelevision.cl\/web\/2019\/02\/06\/musica-pablo-herrera-lanza-su-nuevo-single-junto-a-maria-colores\/","title":{"rendered":"M\u00fasica: Pablo Herrera lanza su nuevo single junto a Mar\u00eda Colores"},"content":{"rendered":"<div class=\"pvc_clear\"><\/div>\n<p id=\"pvc_stats_1211\" class=\"pvc_stats total_only  \" data-element-id=\"1211\" style=\"\"><i class=\"pvc-stats-icon large\" aria-hidden=\"true\"><svg aria-hidden=\"true\" focusable=\"false\" data-prefix=\"far\" data-icon=\"chart-bar\" role=\"img\" xmlns=\"http:\/\/www.w3.org\/2000\/svg\" viewBox=\"0 0 512 512\" class=\"svg-inline--fa fa-chart-bar fa-w-16 fa-2x\"><path fill=\"currentColor\" d=\"M396.8 352h22.4c6.4 0 12.8-6.4 12.8-12.8V108.8c0-6.4-6.4-12.8-12.8-12.8h-22.4c-6.4 0-12.8 6.4-12.8 12.8v230.4c0 6.4 6.4 12.8 12.8 12.8zm-192 0h22.4c6.4 0 12.8-6.4 12.8-12.8V140.8c0-6.4-6.4-12.8-12.8-12.8h-22.4c-6.4 0-12.8 6.4-12.8 12.8v198.4c0 6.4 6.4 12.8 12.8 12.8zm96 0h22.4c6.4 0 12.8-6.4 12.8-12.8V204.8c0-6.4-6.4-12.8-12.8-12.8h-22.4c-6.4 0-12.8 6.4-12.8 12.8v134.4c0 6.4 6.4 12.8 12.8 12.8zM496 400H48V80c0-8.84-7.16-16-16-16H16C7.16 64 0 71.16 0 80v336c0 17.67 14.33 32 32 32h464c8.84 0 16-7.16 16-16v-16c0-8.84-7.16-16-16-16zm-387.2-48h22.4c6.4 0 12.8-6.4 12.8-12.8v-70.4c0-6.4-6.4-12.8-12.8-12.8h-22.4c-6.4 0-12.8 6.4-12.8 12.8v70.4c0 6.4 6.4 12.8 12.8 12.8z\" class=\"\"><\/path><\/svg><\/i> <img loading=\"lazy\" decoding=\"async\" width=\"16\" height=\"16\" alt=\"Loading\" src=\"https:\/\/temucotelevision.cl\/web\/wp-content\/plugins\/page-views-count\/ajax-loader-2x.gif\" border=0 \/><\/p>\n<div class=\"pvc_clear\"><\/div>\n<p style=\"text-align: justify;\">\u201cLo que quieras de m\u00ed\u201d es parte de su \u00faltimo disco \u201cDuetos y M\u00e1s\u201d, donde tambi\u00e9n participan Eva Ayll\u00f3n, \u00c1lex Ubago, Coky Ram\u00edrez y Villa Cari\u00f1o, entre otros.<\/p>\n<p style=\"text-align: justify;\">El cantante nacional Pablo Herrera se encuentra en plena promoci\u00f3n de su decimosexto disco llamado \u201cDuetos y M\u00e1s\u201d, del cual se desprende el single \u201cLo que quieras de m\u00ed\u201d. En este tema, que interpreta junto a Mar\u00eda Colores, sorprende al aventurarse, con gran acierto, con una propuesta diferente a lo que conocemos del cantautor.<\/p>\n<p style=\"text-align: justify;\">\u201cEs una canci\u00f3n alegre que escribimos juntos con Mar\u00eda Colores, con el objetivo de realizar una canci\u00f3n para bailar y disfrutar\u201d, comenta Pablo Herrera sobre este single que cuenta con la colaboraci\u00f3n y producci\u00f3n de su hijo Basti\u00e1n Herrera.<\/p>\n<p style=\"text-align: justify;\">Adem\u00e1s de \u201cLo que quieras de m\u00ed\u201d, este \u00e1lbum incluye otros duetos con destacados exponentes de la m\u00fasica chilena e internacional, como Alex Ubago (\u201cDeja aliviar tu coraz\u00f3n\u201d), Albert Hammond (\u201cEs con ella\u201d), Eva Ayll\u00f3n (\u201cComenzar de nuevo\u201d), Gian Marco (\u201cTengo un amor\u201d), Villa Cari\u00f1o (\u201cP\u00e1same las horas\u201d), Hernaldo Z\u00fa\u00f1iga (\u201cEres tan distinta\u201d), Alberto Plaza (\u201cY si la ves\u201d) y Coki Ram\u00edrez (\u201cEste Amor\u201d). \u201cDuetos y M\u00e1s\u201d est\u00e1 disponible en las plataformas de m\u00fasica digital y el formato f\u00edsico, en las principales tiendas del pa\u00eds.<\/p>\n<p style=\"text-align: justify;\">VIERNES, 8 DE FEBRERO | 21:30 HRS. GRAN ARENA MONTICELLO<\/p>\n<p style=\"text-align: justify;\">Pablo Herrera se unir\u00e1 a Alberto Plaza para realizar un concierto , donde har\u00e1n un recorrido por los grandes cl\u00e1sicos de sus trayectorias. Estos dos referentes de la m\u00fasica rom\u00e1ntica, que ser\u00e1n acompa\u00f1ados por las cantantes chilenas Soledad Guerrero y Andrea Labarca. Entradas a la venta a trav\u00e9s del sistema Ticketpro.<\/p>\n<p style=\"text-align: justify;\">Escucha \u201cLo que quieras de m\u00ed\u201d, lo nuevo de Pablo Herrera junto a Mar\u00eda Colores.<\/p>\n<p style=\"text-align: center;\"><iframe loading=\"lazy\" src=\"https:\/\/www.youtube.com\/embed\/EPweQ2yqAQA\" width=\"560\" height=\"315\" frameborder=\"0\" allowfullscreen=\"allowfullscreen\"><\/iframe><\/p>\n<p>&nbsp;<\/p>\n","protected":false},"excerpt":{"rendered":"<div class=\"pvc_clear\"><\/div>\n<p id=\"pvc_stats_1211\" class=\"pvc_stats total_only  \" data-element-id=\"1211\" style=\"\"><i class=\"pvc-stats-icon large\" aria-hidden=\"true\"><svg aria-hidden=\"true\" focusable=\"false\" data-prefix=\"far\" data-icon=\"chart-bar\" role=\"img\" xmlns=\"http:\/\/www.w3.org\/2000\/svg\" viewBox=\"0 0 512 512\" class=\"svg-inline--fa fa-chart-bar fa-w-16 fa-2x\"><path fill=\"currentColor\" d=\"M396.8 352h22.4c6.4 0 12.8-6.4 12.8-12.8V108.8c0-6.4-6.4-12.8-12.8-12.8h-22.4c-6.4 0-12.8 6.4-12.8 12.8v230.4c0 6.4 6.4 12.8 12.8 12.8zm-192 0h22.4c6.4 0 12.8-6.4 12.8-12.8V140.8c0-6.4-6.4-12.8-12.8-12.8h-22.4c-6.4 0-12.8 6.4-12.8 12.8v198.4c0 6.4 6.4 12.8 12.8 12.8zm96 0h22.4c6.4 0 12.8-6.4 12.8-12.8V204.8c0-6.4-6.4-12.8-12.8-12.8h-22.4c-6.4 0-12.8 6.4-12.8 12.8v134.4c0 6.4 6.4 12.8 12.8 12.8zM496 400H48V80c0-8.84-7.16-16-16-16H16C7.16 64 0 71.16 0 80v336c0 17.67 14.33 32 32 32h464c8.84 0 16-7.16 16-16v-16c0-8.84-7.16-16-16-16zm-387.2-48h22.4c6.4 0 12.8-6.4 12.8-12.8v-70.4c0-6.4-6.4-12.8-12.8-12.8h-22.4c-6.4 0-12.8 6.4-12.8 12.8v70.4c0 6.4 6.4 12.8 12.8 12.8z\" class=\"\"><\/path><\/svg><\/i> <img loading=\"lazy\" decoding=\"async\" width=\"16\" height=\"16\" alt=\"Loading\" src=\"https:\/\/temucotelevision.cl\/web\/wp-content\/plugins\/page-views-count\/ajax-loader-2x.gif\" border=0 \/><\/p>\n<div class=\"pvc_clear\"><\/div>\n<p>\u201cLo que quieras de m\u00ed\u201d es parte de su \u00faltimo disco \u201cDuetos y M\u00e1s\u201d, donde tambi\u00e9n participan Eva Ayll\u00f3n, \u00c1lex<\/p>\n","protected":false},"author":1,"featured_media":1212,"comment_status":"open","ping_status":"open","sticky":false,"template":"","format":"standard","meta":{"colormag_page_container_layout":"default_layout","colormag_page_sidebar_layout":"default_layout","footnotes":""},"categories":[369],"tags":[374,373,371,375,370,376,372],"class_list":["post-1211","post","type-post","status-publish","format-standard","has-post-thumbnail","hentry","category-musica","tag-cancion","tag-colores","tag-herrera","tag-nuevo","tag-pablo","tag-sencillo","tag-single"],"a3_pvc":{"activated":true,"total_views":90,"today_views":0},"_links":{"self":[{"href":"https:\/\/temucotelevision.cl\/web\/wp-json\/wp\/v2\/posts\/1211","targetHints":{"allow":["GET"]}}],"collection":[{"href":"https:\/\/temucotelevision.cl\/web\/wp-json\/wp\/v2\/posts"}],"about":[{"href":"https:\/\/temucotelevision.cl\/web\/wp-json\/wp\/v2\/types\/post"}],"author":[{"embeddable":true,"href":"https:\/\/temucotelevision.cl\/web\/wp-json\/wp\/v2\/users\/1"}],"replies":[{"embeddable":true,"href":"https:\/\/temucotelevision.cl\/web\/wp-json\/wp\/v2\/comments?post=1211"}],"version-history":[{"count":1,"href":"https:\/\/temucotelevision.cl\/web\/wp-json\/wp\/v2\/posts\/1211\/revisions"}],"predecessor-version":[{"id":1213,"href":"https:\/\/temucotelevision.cl\/web\/wp-json\/wp\/v2\/posts\/1211\/revisions\/1213"}],"wp:featuredmedia":[{"embeddable":true,"href":"https:\/\/temucotelevision.cl\/web\/wp-json\/wp\/v2\/media\/1212"}],"wp:attachment":[{"href":"https:\/\/temucotelevision.cl\/web\/wp-json\/wp\/v2\/media?parent=1211"}],"wp:term":[{"taxonomy":"category","embeddable":true,"href":"https:\/\/temucotelevision.cl\/web\/wp-json\/wp\/v2\/categories?post=1211"},{"taxonomy":"post_tag","embeddable":true,"href":"https:\/\/temucotelevision.cl\/web\/wp-json\/wp\/v2\/tags?post=1211"}],"curies":[{"name":"wp","href":"https:\/\/api.w.org\/{rel}","templated":true}]}}