{"id":11788,"date":"2020-06-26T12:26:05","date_gmt":"2020-06-26T15:26:05","guid":{"rendered":"https:\/\/temucotelevision.cl\/web\/?p=11788"},"modified":"2020-06-26T12:26:07","modified_gmt":"2020-06-26T15:26:07","slug":"decretan-prision-preventiva-para-conductor-por-cuasidelito-de-homicidio","status":"publish","type":"post","link":"https:\/\/temucotelevision.cl\/web\/2020\/06\/26\/decretan-prision-preventiva-para-conductor-por-cuasidelito-de-homicidio\/","title":{"rendered":"Decretan prisi\u00f3n preventiva para conductor por cuasidelito de homicidio"},"content":{"rendered":"<div class=\"pvc_clear\"><\/div><p id=\"pvc_stats_11788\" class=\"pvc_stats total_only  \" data-element-id=\"11788\" style=\"\"><i class=\"pvc-stats-icon large\" aria-hidden=\"true\"><svg aria-hidden=\"true\" focusable=\"false\" data-prefix=\"far\" data-icon=\"chart-bar\" role=\"img\" xmlns=\"http:\/\/www.w3.org\/2000\/svg\" viewBox=\"0 0 512 512\" class=\"svg-inline--fa fa-chart-bar fa-w-16 fa-2x\"><path fill=\"currentColor\" d=\"M396.8 352h22.4c6.4 0 12.8-6.4 12.8-12.8V108.8c0-6.4-6.4-12.8-12.8-12.8h-22.4c-6.4 0-12.8 6.4-12.8 12.8v230.4c0 6.4 6.4 12.8 12.8 12.8zm-192 0h22.4c6.4 0 12.8-6.4 12.8-12.8V140.8c0-6.4-6.4-12.8-12.8-12.8h-22.4c-6.4 0-12.8 6.4-12.8 12.8v198.4c0 6.4 6.4 12.8 12.8 12.8zm96 0h22.4c6.4 0 12.8-6.4 12.8-12.8V204.8c0-6.4-6.4-12.8-12.8-12.8h-22.4c-6.4 0-12.8 6.4-12.8 12.8v134.4c0 6.4 6.4 12.8 12.8 12.8zM496 400H48V80c0-8.84-7.16-16-16-16H16C7.16 64 0 71.16 0 80v336c0 17.67 14.33 32 32 32h464c8.84 0 16-7.16 16-16v-16c0-8.84-7.16-16-16-16zm-387.2-48h22.4c6.4 0 12.8-6.4 12.8-12.8v-70.4c0-6.4-6.4-12.8-12.8-12.8h-22.4c-6.4 0-12.8 6.4-12.8 12.8v70.4c0 6.4 6.4 12.8 12.8 12.8z\" class=\"\"><\/path><\/svg><\/i> <img loading=\"lazy\" decoding=\"async\" width=\"16\" height=\"16\" alt=\"Loading\" src=\"https:\/\/temucotelevision.cl\/web\/wp-content\/plugins\/page-views-count\/ajax-loader-2x.gif\" border=0 \/><\/p><div class=\"pvc_clear\"><\/div>\n<p>El Juzgado de Garant\u00eda de Temuco dej\u00f3 ayer \u2013jueves 25 de junio\u2013 sujeto a la medida cautelar de prisi\u00f3n preventiva a\u00a0<strong>Carlos Humberto Mu\u00f1oz Venegas<\/strong>, imputado por el Ministerio P\u00fablico como autor de los delitos consumados de cuasidelito de homicidio y no dar cuenta a la autoridad del accidente de tr\u00e1nsito. Il\u00edcitos perpetrados el mi\u00e9rcoles 17 de junio reci\u00e9n pasado, en la ciudad.<\/p>\n\n\n\n<p>En la audiencia de formalizaci\u00f3n de la investigaci\u00f3n, realizada por videoconferencia, la magistrada Leticia Rivera Reyes\u00a0orden\u00f3 el ingreso al Centro de Cumplimiento Penitenciario de Temuco de Mu\u00f1oz Venegas, por considerar que la libertad del imputado constituye un peligro para la seguridad de la sociedad. Adem\u00e1s, el tribunal fij\u00f3 en cinco meses el plazo de investigaci\u00f3n.\u00a0Adem\u00e1s, el tribunal fij\u00f3 en dos meses el plazo de investigaci\u00f3n.<\/p>\n\n\n\n<p>Seg\u00fan el ente persecutor, aproximadamente a las 21.48 horas del mi\u00e9rcoles 17 de junio de 2020, el Mu\u00f1oz Venegas conduc\u00eda la camioneta Ford Ranger, patente JCRX 41, por calle Blanco Encalada de la comuna de Temuco. Al llegar a intersecci\u00f3n con Avenida San Mart\u00edn, el imputado vir\u00f3 a la izquierda&nbsp;sin respetar el derecho preferente de paso al que estaba obligado por existir la se\u00f1al de ceda el paso, colisionando la bicicleta que era conducida por la v\u00edctima, Pedro Gregorio Contreras Alcayaga, quien circulaba por la ciclov\u00eda existente en el lugar, quien cay\u00f3 al suelo y fue atropellado por el imputado. Mu\u00f1oz Venegas no detuvo la marcha y huy\u00f3 del lugar sin dar aviso a la autoridad del accidente de tr\u00e1nsito ni prestar ayuda a la v\u00edctima. Secuencia que fue registrada por las&nbsp; c\u00e1maras de seguridad del sector.&nbsp;<\/p>\n\n\n\n<p>A consecuencia del atropello, la v\u00edctima sufri\u00f3 un tec grave, fractura de cadera y&nbsp; trauma tor\u00e1cico cerrado, falleciendo&nbsp;en la madrugada de ayer, mi\u00e9rcoles 24 de junio, en el Hospital Dr. Hern\u00e1n Henr\u00edquez Aravena de Temuco, a causa de un traumatismo enc\u00e9falo craneano&nbsp; grave y policontusiones, seg\u00fan el informe de autopsia del Servicio M\u00e9dico Legal.<\/p>\n\n\n\n<p>Evacuada la orden de detenci\u00f3n por el tribunal, la SIP de Carabineros logr\u00f3 ubicar y detener a Mu\u00f1oz Venegas el martes 23 de junio reci\u00e9n pasado.<\/p>\n","protected":false},"excerpt":{"rendered":"<div class=\"pvc_clear\"><\/div>\n<p id=\"pvc_stats_11788\" class=\"pvc_stats total_only  \" data-element-id=\"11788\" style=\"\"><i class=\"pvc-stats-icon large\" aria-hidden=\"true\"><svg aria-hidden=\"true\" focusable=\"false\" data-prefix=\"far\" data-icon=\"chart-bar\" role=\"img\" xmlns=\"http:\/\/www.w3.org\/2000\/svg\" viewBox=\"0 0 512 512\" class=\"svg-inline--fa fa-chart-bar fa-w-16 fa-2x\"><path fill=\"currentColor\" d=\"M396.8 352h22.4c6.4 0 12.8-6.4 12.8-12.8V108.8c0-6.4-6.4-12.8-12.8-12.8h-22.4c-6.4 0-12.8 6.4-12.8 12.8v230.4c0 6.4 6.4 12.8 12.8 12.8zm-192 0h22.4c6.4 0 12.8-6.4 12.8-12.8V140.8c0-6.4-6.4-12.8-12.8-12.8h-22.4c-6.4 0-12.8 6.4-12.8 12.8v198.4c0 6.4 6.4 12.8 12.8 12.8zm96 0h22.4c6.4 0 12.8-6.4 12.8-12.8V204.8c0-6.4-6.4-12.8-12.8-12.8h-22.4c-6.4 0-12.8 6.4-12.8 12.8v134.4c0 6.4 6.4 12.8 12.8 12.8zM496 400H48V80c0-8.84-7.16-16-16-16H16C7.16 64 0 71.16 0 80v336c0 17.67 14.33 32 32 32h464c8.84 0 16-7.16 16-16v-16c0-8.84-7.16-16-16-16zm-387.2-48h22.4c6.4 0 12.8-6.4 12.8-12.8v-70.4c0-6.4-6.4-12.8-12.8-12.8h-22.4c-6.4 0-12.8 6.4-12.8 12.8v70.4c0 6.4 6.4 12.8 12.8 12.8z\" class=\"\"><\/path><\/svg><\/i> <img loading=\"lazy\" decoding=\"async\" width=\"16\" height=\"16\" alt=\"Loading\" src=\"https:\/\/temucotelevision.cl\/web\/wp-content\/plugins\/page-views-count\/ajax-loader-2x.gif\" border=0 \/><\/p>\n<div class=\"pvc_clear\"><\/div>\n<p>El Juzgado de Garant\u00eda de Temuco dej\u00f3 ayer \u2013jueves 25 de junio\u2013 sujeto a la medida cautelar de prisi\u00f3n preventiva<\/p>\n","protected":false},"author":1,"featured_media":11789,"comment_status":"open","ping_status":"open","sticky":false,"template":"","format":"standard","meta":{"colormag_page_container_layout":"default_layout","colormag_page_sidebar_layout":"default_layout","footnotes":""},"categories":[15],"tags":[693,1570,1222],"class_list":["post-11788","post","type-post","status-publish","format-standard","has-post-thumbnail","hentry","category-la-araucania","tag-atropello","tag-ciclista","tag-conductor"],"a3_pvc":{"activated":true,"total_views":21,"today_views":0},"_links":{"self":[{"href":"https:\/\/temucotelevision.cl\/web\/wp-json\/wp\/v2\/posts\/11788","targetHints":{"allow":["GET"]}}],"collection":[{"href":"https:\/\/temucotelevision.cl\/web\/wp-json\/wp\/v2\/posts"}],"about":[{"href":"https:\/\/temucotelevision.cl\/web\/wp-json\/wp\/v2\/types\/post"}],"author":[{"embeddable":true,"href":"https:\/\/temucotelevision.cl\/web\/wp-json\/wp\/v2\/users\/1"}],"replies":[{"embeddable":true,"href":"https:\/\/temucotelevision.cl\/web\/wp-json\/wp\/v2\/comments?post=11788"}],"version-history":[{"count":1,"href":"https:\/\/temucotelevision.cl\/web\/wp-json\/wp\/v2\/posts\/11788\/revisions"}],"predecessor-version":[{"id":11790,"href":"https:\/\/temucotelevision.cl\/web\/wp-json\/wp\/v2\/posts\/11788\/revisions\/11790"}],"wp:featuredmedia":[{"embeddable":true,"href":"https:\/\/temucotelevision.cl\/web\/wp-json\/wp\/v2\/media\/11789"}],"wp:attachment":[{"href":"https:\/\/temucotelevision.cl\/web\/wp-json\/wp\/v2\/media?parent=11788"}],"wp:term":[{"taxonomy":"category","embeddable":true,"href":"https:\/\/temucotelevision.cl\/web\/wp-json\/wp\/v2\/categories?post=11788"},{"taxonomy":"post_tag","embeddable":true,"href":"https:\/\/temucotelevision.cl\/web\/wp-json\/wp\/v2\/tags?post=11788"}],"curies":[{"name":"wp","href":"https:\/\/api.w.org\/{rel}","templated":true}]}}