{"id":11786,"date":"2020-06-26T11:57:01","date_gmt":"2020-06-26T14:57:01","guid":{"rendered":"https:\/\/temucotelevision.cl\/web\/?p=11786"},"modified":"2020-06-26T11:57:03","modified_gmt":"2020-06-26T14:57:03","slug":"diputado-rathgeb-por-rebaja-de-pasajes-para-adultos-mayores-es-un-acto-de-justicia-para-ellos%ef%bb%bf","status":"publish","type":"post","link":"https:\/\/temucotelevision.cl\/web\/2020\/06\/26\/diputado-rathgeb-por-rebaja-de-pasajes-para-adultos-mayores-es-un-acto-de-justicia-para-ellos%ef%bb%bf\/","title":{"rendered":"Diputado Rathgeb por rebaja de pasajes para adultos mayores: \u201cEs un acto de justicia para ellos\u201d\ufeff"},"content":{"rendered":"<div class=\"pvc_clear\"><\/div><p id=\"pvc_stats_11786\" class=\"pvc_stats total_only  \" data-element-id=\"11786\" style=\"\"><i class=\"pvc-stats-icon large\" aria-hidden=\"true\"><svg aria-hidden=\"true\" focusable=\"false\" data-prefix=\"far\" data-icon=\"chart-bar\" role=\"img\" xmlns=\"http:\/\/www.w3.org\/2000\/svg\" viewBox=\"0 0 512 512\" class=\"svg-inline--fa fa-chart-bar fa-w-16 fa-2x\"><path fill=\"currentColor\" d=\"M396.8 352h22.4c6.4 0 12.8-6.4 12.8-12.8V108.8c0-6.4-6.4-12.8-12.8-12.8h-22.4c-6.4 0-12.8 6.4-12.8 12.8v230.4c0 6.4 6.4 12.8 12.8 12.8zm-192 0h22.4c6.4 0 12.8-6.4 12.8-12.8V140.8c0-6.4-6.4-12.8-12.8-12.8h-22.4c-6.4 0-12.8 6.4-12.8 12.8v198.4c0 6.4 6.4 12.8 12.8 12.8zm96 0h22.4c6.4 0 12.8-6.4 12.8-12.8V204.8c0-6.4-6.4-12.8-12.8-12.8h-22.4c-6.4 0-12.8 6.4-12.8 12.8v134.4c0 6.4 6.4 12.8 12.8 12.8zM496 400H48V80c0-8.84-7.16-16-16-16H16C7.16 64 0 71.16 0 80v336c0 17.67 14.33 32 32 32h464c8.84 0 16-7.16 16-16v-16c0-8.84-7.16-16-16-16zm-387.2-48h22.4c6.4 0 12.8-6.4 12.8-12.8v-70.4c0-6.4-6.4-12.8-12.8-12.8h-22.4c-6.4 0-12.8 6.4-12.8 12.8v70.4c0 6.4 6.4 12.8 12.8 12.8z\" class=\"\"><\/path><\/svg><\/i> <img loading=\"lazy\" decoding=\"async\" width=\"16\" height=\"16\" alt=\"Loading\" src=\"https:\/\/temucotelevision.cl\/web\/wp-content\/plugins\/page-views-count\/ajax-loader-2x.gif\" border=0 \/><\/p><div class=\"pvc_clear\"><\/div>\n<p><strong>Congresista valor\u00f3 la aprobaci\u00f3n de la iniciativa, asegurando que a\u00fan queda mucho que hacer por ellos.<\/strong><\/p>\n\n\n\n<p>Dentro de las demandas ciudadanas, una hist\u00f3rica ten\u00eda que ver con una tarifa diferenciada en los pasajes del transporte p\u00fablico para los adultos mayores, lo que se concret\u00f3 luego que el Congreso acordara con el Ejecutivo una medida concreta que significar\u00e1 el 50% de rebaja en la tarifa del transporte urbano para los adultos de m\u00e1s de 65 a\u00f1os a partir del 1 de julio.&nbsp;<\/p>\n\n\n\n<p>El diputado de Renovaci\u00f3n Nacional por La Araucan\u00eda, Jorge Rathgeb Schifferli, valor\u00f3 que se haya llegado a buen puerto y que gracias a la luz verde que se dio a la iniciativa, m\u00e1s de 2 millones de personas se ver\u00e1n beneficiadas en el descuento en el valor de las tarifas, que incluye a buses urbanos, rurales, Metro y trenes a nivel nacional, en una medida que proyecta beneficiar a 2.260.222 personas.<\/p>\n\n\n\n<p>Para el congresista esto sigue demostrando algo que se requer\u00eda y es saldar una deuda con los adultos mayores del pa\u00eds y que mejor que concretando la rebaja del 50% en los valores de los pasajes para el transporte p\u00fablico.<\/p>\n\n\n\n<p>Rathgeb, puntualiz\u00f3 que esto es una se\u00f1al potente y que se espera seguir avanzando en la agenda que tiene el Ejecutivo y que va en pos de este segmento etario.<\/p>\n\n\n\n<p>\u201cDesde que asumi\u00f3 el Gobierno del Presidente Sebasti\u00e1n Pi\u00f1era se ha trabajado en una agenda que va en beneficio de nuestros adultos mayores y con la aprobaci\u00f3n de esta rebaja en las tarifas del transporte p\u00fablico se sigue reafirmando. Esto no es m\u00e1s que saldar una deuda que exist\u00eda con ellos y que despu\u00e9s de largo tiempo se est\u00e1 realizando, lo que se demuestra en este tipo de iniciativas que esperamos que tambi\u00e9n se vaya extendiendo a todas las comunas de nuestro pa\u00eds y particularmente a las comunas que yo represento\u201d, indic\u00f3 el congresista.<\/p>\n\n\n\n<p>Esta medida que favorecer\u00e1 a adultos mayores desde los 65 a\u00f1os, operar\u00e1 presentando la c\u00e9dula de identidad e ir\u00e1 avanzando de manera gradual en algunas regiones del pa\u00eds, entre ellas en La Araucan\u00eda, lo que se ir\u00e1 informando a trav\u00e9s del ministerio de Transporte y Telecomunicaciones.&nbsp;<\/p>\n","protected":false},"excerpt":{"rendered":"<div class=\"pvc_clear\"><\/div>\n<p id=\"pvc_stats_11786\" class=\"pvc_stats total_only  \" data-element-id=\"11786\" style=\"\"><i class=\"pvc-stats-icon large\" aria-hidden=\"true\"><svg aria-hidden=\"true\" focusable=\"false\" data-prefix=\"far\" data-icon=\"chart-bar\" role=\"img\" xmlns=\"http:\/\/www.w3.org\/2000\/svg\" viewBox=\"0 0 512 512\" class=\"svg-inline--fa fa-chart-bar fa-w-16 fa-2x\"><path fill=\"currentColor\" d=\"M396.8 352h22.4c6.4 0 12.8-6.4 12.8-12.8V108.8c0-6.4-6.4-12.8-12.8-12.8h-22.4c-6.4 0-12.8 6.4-12.8 12.8v230.4c0 6.4 6.4 12.8 12.8 12.8zm-192 0h22.4c6.4 0 12.8-6.4 12.8-12.8V140.8c0-6.4-6.4-12.8-12.8-12.8h-22.4c-6.4 0-12.8 6.4-12.8 12.8v198.4c0 6.4 6.4 12.8 12.8 12.8zm96 0h22.4c6.4 0 12.8-6.4 12.8-12.8V204.8c0-6.4-6.4-12.8-12.8-12.8h-22.4c-6.4 0-12.8 6.4-12.8 12.8v134.4c0 6.4 6.4 12.8 12.8 12.8zM496 400H48V80c0-8.84-7.16-16-16-16H16C7.16 64 0 71.16 0 80v336c0 17.67 14.33 32 32 32h464c8.84 0 16-7.16 16-16v-16c0-8.84-7.16-16-16-16zm-387.2-48h22.4c6.4 0 12.8-6.4 12.8-12.8v-70.4c0-6.4-6.4-12.8-12.8-12.8h-22.4c-6.4 0-12.8 6.4-12.8 12.8v70.4c0 6.4 6.4 12.8 12.8 12.8z\" class=\"\"><\/path><\/svg><\/i> <img loading=\"lazy\" decoding=\"async\" width=\"16\" height=\"16\" alt=\"Loading\" src=\"https:\/\/temucotelevision.cl\/web\/wp-content\/plugins\/page-views-count\/ajax-loader-2x.gif\" border=0 \/><\/p>\n<div class=\"pvc_clear\"><\/div>\n<p>Congresista valor\u00f3 la aprobaci\u00f3n de la iniciativa, asegurando que a\u00fan queda mucho que hacer por ellos. Dentro de las demandas<\/p>\n","protected":false},"author":1,"featured_media":11670,"comment_status":"open","ping_status":"open","sticky":false,"template":"","format":"standard","meta":{"colormag_page_container_layout":"default_layout","colormag_page_sidebar_layout":"default_layout","footnotes":""},"categories":[84],"tags":[1407,1408],"class_list":["post-11786","post","type-post","status-publish","format-standard","has-post-thumbnail","hentry","category-politica","tag-pasajes","tag-rebaja"],"a3_pvc":{"activated":true,"total_views":15,"today_views":0},"_links":{"self":[{"href":"https:\/\/temucotelevision.cl\/web\/wp-json\/wp\/v2\/posts\/11786","targetHints":{"allow":["GET"]}}],"collection":[{"href":"https:\/\/temucotelevision.cl\/web\/wp-json\/wp\/v2\/posts"}],"about":[{"href":"https:\/\/temucotelevision.cl\/web\/wp-json\/wp\/v2\/types\/post"}],"author":[{"embeddable":true,"href":"https:\/\/temucotelevision.cl\/web\/wp-json\/wp\/v2\/users\/1"}],"replies":[{"embeddable":true,"href":"https:\/\/temucotelevision.cl\/web\/wp-json\/wp\/v2\/comments?post=11786"}],"version-history":[{"count":1,"href":"https:\/\/temucotelevision.cl\/web\/wp-json\/wp\/v2\/posts\/11786\/revisions"}],"predecessor-version":[{"id":11787,"href":"https:\/\/temucotelevision.cl\/web\/wp-json\/wp\/v2\/posts\/11786\/revisions\/11787"}],"wp:featuredmedia":[{"embeddable":true,"href":"https:\/\/temucotelevision.cl\/web\/wp-json\/wp\/v2\/media\/11670"}],"wp:attachment":[{"href":"https:\/\/temucotelevision.cl\/web\/wp-json\/wp\/v2\/media?parent=11786"}],"wp:term":[{"taxonomy":"category","embeddable":true,"href":"https:\/\/temucotelevision.cl\/web\/wp-json\/wp\/v2\/categories?post=11786"},{"taxonomy":"post_tag","embeddable":true,"href":"https:\/\/temucotelevision.cl\/web\/wp-json\/wp\/v2\/tags?post=11786"}],"curies":[{"name":"wp","href":"https:\/\/api.w.org\/{rel}","templated":true}]}}