{"id":11777,"date":"2020-06-25T16:37:56","date_gmt":"2020-06-25T19:37:56","guid":{"rendered":"https:\/\/temucotelevision.cl\/web\/?p=11777"},"modified":"2020-06-25T16:38:31","modified_gmt":"2020-06-25T19:38:31","slug":"seremi-de-agricultura-anuncia-acciones-legales-tras-denuncia-de-muerte-de-animales-en-peligro-de-extincion-%ef%bb%bf","status":"publish","type":"post","link":"https:\/\/temucotelevision.cl\/web\/2020\/06\/25\/seremi-de-agricultura-anuncia-acciones-legales-tras-denuncia-de-muerte-de-animales-en-peligro-de-extincion-%ef%bb%bf\/","title":{"rendered":"Seremi de Agricultura anuncia acciones legales tras denuncia de muerte de animales en peligro de extinci\u00f3n  \ufeff"},"content":{"rendered":"<div class=\"pvc_clear\"><\/div><p id=\"pvc_stats_11777\" class=\"pvc_stats total_only  \" data-element-id=\"11777\" style=\"\"><i class=\"pvc-stats-icon large\" aria-hidden=\"true\"><svg aria-hidden=\"true\" focusable=\"false\" data-prefix=\"far\" data-icon=\"chart-bar\" role=\"img\" xmlns=\"http:\/\/www.w3.org\/2000\/svg\" viewBox=\"0 0 512 512\" class=\"svg-inline--fa fa-chart-bar fa-w-16 fa-2x\"><path fill=\"currentColor\" d=\"M396.8 352h22.4c6.4 0 12.8-6.4 12.8-12.8V108.8c0-6.4-6.4-12.8-12.8-12.8h-22.4c-6.4 0-12.8 6.4-12.8 12.8v230.4c0 6.4 6.4 12.8 12.8 12.8zm-192 0h22.4c6.4 0 12.8-6.4 12.8-12.8V140.8c0-6.4-6.4-12.8-12.8-12.8h-22.4c-6.4 0-12.8 6.4-12.8 12.8v198.4c0 6.4 6.4 12.8 12.8 12.8zm96 0h22.4c6.4 0 12.8-6.4 12.8-12.8V204.8c0-6.4-6.4-12.8-12.8-12.8h-22.4c-6.4 0-12.8 6.4-12.8 12.8v134.4c0 6.4 6.4 12.8 12.8 12.8zM496 400H48V80c0-8.84-7.16-16-16-16H16C7.16 64 0 71.16 0 80v336c0 17.67 14.33 32 32 32h464c8.84 0 16-7.16 16-16v-16c0-8.84-7.16-16-16-16zm-387.2-48h22.4c6.4 0 12.8-6.4 12.8-12.8v-70.4c0-6.4-6.4-12.8-12.8-12.8h-22.4c-6.4 0-12.8 6.4-12.8 12.8v70.4c0 6.4 6.4 12.8 12.8 12.8z\" class=\"\"><\/path><\/svg><\/i> <img loading=\"lazy\" decoding=\"async\" width=\"16\" height=\"16\" alt=\"Loading\" src=\"https:\/\/temucotelevision.cl\/web\/wp-content\/plugins\/page-views-count\/ajax-loader-2x.gif\" border=0 \/><\/p><div class=\"pvc_clear\"><\/div>\n<p><em>La situaci\u00f3n ocurri\u00f3 en una reserva de fauna silvestre privada, ubicado en Villarrica, donde se cr\u00edan pud\u00faes, huemules, \u00f1and\u00faes y guanacos, entre otros ejemplares.<\/em><\/p>\n\n\n\n<div class=\"wp-block-image\"><figure class=\"alignleft is-resized\"><img loading=\"lazy\" decoding=\"async\" src=\"https:\/\/temucotelevision.cl\/web\/wp-content\/uploads\/2020\/06\/Fauna-Villarrica-004.jpg\" alt=\"\" class=\"wp-image-11779\" width=\"231\" height=\"241\"\/><\/figure><\/div>\n\n\n\n<p>El seremi de Agricultura, Ricardo Senn, anunci\u00f3 acciones legales contra quienes resulten responsables de la muerte de al menos 20 animales que pertenecen a la fauna protegida en nuestro pa\u00eds, hecho ocurrido en la zona lacustre de La Araucan\u00eda.<\/p>\n\n\n\n<p>\u201cEste centro de reproducci\u00f3n tiene un fin de preservaci\u00f3n de estas especies. Ahora al ser, estos animales, patrimonio natural de todos los chilenos, hemos llegado a la conclusi\u00f3n, que tenemos que presentar una acci\u00f3n judicial, diferenciada de las que ya est\u00e1n, sino que tambi\u00e9n, estamos oficiando al Consejo de Defensa del Estado para que se haga parte\u201d, explic\u00f3 el seremi de Agricultura, Ricardo Senn.<\/p>\n\n\n\n<p>La reserva, ubicada en la comuna de Villarrica, es propiedad de Fernando Vidal, quien es director de la fundaci\u00f3n Fauna Andina. Seg\u00fan explica, los hechos vendr\u00edan ocurriendo hace un a\u00f1o, donde los animales han aparecido muertos por balazos y mordeduras de perros, junto con otros que desaparecieron. Debido a esto se present\u00f3 una querella ante el Ministerio P\u00fablico, por parte del abogado de la fundaci\u00f3n, por los delitos de da\u00f1os y porte ilegal de armas, entre otros.&nbsp;&nbsp;&nbsp; &nbsp;&nbsp;<\/p>\n\n\n\n<p>En este sentido el seremi de Agricultura, Ricardo Senn, dijo que \u201caqu\u00ed estamos hablando de un patrimonio que es de todos los chilenos. Un centro de reproducci\u00f3n de este tipo de especies, no lo hace propietario de los animales, ya que es fauna que todos debemos cuidar y es eso lo que nos lleva a realizar estas acciones legales, ya que no podemos permitir que estas situaciones sucedan\u201d, finaliz\u00f3 el seremi.<\/p>\n","protected":false},"excerpt":{"rendered":"<div class=\"pvc_clear\"><\/div>\n<p id=\"pvc_stats_11777\" class=\"pvc_stats total_only  \" data-element-id=\"11777\" style=\"\"><i class=\"pvc-stats-icon large\" aria-hidden=\"true\"><svg aria-hidden=\"true\" focusable=\"false\" data-prefix=\"far\" data-icon=\"chart-bar\" role=\"img\" xmlns=\"http:\/\/www.w3.org\/2000\/svg\" viewBox=\"0 0 512 512\" class=\"svg-inline--fa fa-chart-bar fa-w-16 fa-2x\"><path fill=\"currentColor\" d=\"M396.8 352h22.4c6.4 0 12.8-6.4 12.8-12.8V108.8c0-6.4-6.4-12.8-12.8-12.8h-22.4c-6.4 0-12.8 6.4-12.8 12.8v230.4c0 6.4 6.4 12.8 12.8 12.8zm-192 0h22.4c6.4 0 12.8-6.4 12.8-12.8V140.8c0-6.4-6.4-12.8-12.8-12.8h-22.4c-6.4 0-12.8 6.4-12.8 12.8v198.4c0 6.4 6.4 12.8 12.8 12.8zm96 0h22.4c6.4 0 12.8-6.4 12.8-12.8V204.8c0-6.4-6.4-12.8-12.8-12.8h-22.4c-6.4 0-12.8 6.4-12.8 12.8v134.4c0 6.4 6.4 12.8 12.8 12.8zM496 400H48V80c0-8.84-7.16-16-16-16H16C7.16 64 0 71.16 0 80v336c0 17.67 14.33 32 32 32h464c8.84 0 16-7.16 16-16v-16c0-8.84-7.16-16-16-16zm-387.2-48h22.4c6.4 0 12.8-6.4 12.8-12.8v-70.4c0-6.4-6.4-12.8-12.8-12.8h-22.4c-6.4 0-12.8 6.4-12.8 12.8v70.4c0 6.4 6.4 12.8 12.8 12.8z\" class=\"\"><\/path><\/svg><\/i> <img loading=\"lazy\" decoding=\"async\" width=\"16\" height=\"16\" alt=\"Loading\" src=\"https:\/\/temucotelevision.cl\/web\/wp-content\/plugins\/page-views-count\/ajax-loader-2x.gif\" border=0 \/><\/p>\n<div class=\"pvc_clear\"><\/div>\n<p>La situaci\u00f3n ocurri\u00f3 en una reserva de fauna silvestre privada, ubicado en Villarrica, donde se cr\u00edan pud\u00faes, huemules, \u00f1and\u00faes y<\/p>\n","protected":false},"author":1,"featured_media":11778,"comment_status":"open","ping_status":"open","sticky":false,"template":"","format":"standard","meta":{"colormag_page_container_layout":"default_layout","colormag_page_sidebar_layout":"default_layout","footnotes":""},"categories":[14],"tags":[346],"class_list":["post-11777","post","type-post","status-publish","format-standard","has-post-thumbnail","hentry","category-temuco","tag-muerte"],"a3_pvc":{"activated":true,"total_views":33,"today_views":0},"_links":{"self":[{"href":"https:\/\/temucotelevision.cl\/web\/wp-json\/wp\/v2\/posts\/11777","targetHints":{"allow":["GET"]}}],"collection":[{"href":"https:\/\/temucotelevision.cl\/web\/wp-json\/wp\/v2\/posts"}],"about":[{"href":"https:\/\/temucotelevision.cl\/web\/wp-json\/wp\/v2\/types\/post"}],"author":[{"embeddable":true,"href":"https:\/\/temucotelevision.cl\/web\/wp-json\/wp\/v2\/users\/1"}],"replies":[{"embeddable":true,"href":"https:\/\/temucotelevision.cl\/web\/wp-json\/wp\/v2\/comments?post=11777"}],"version-history":[{"count":1,"href":"https:\/\/temucotelevision.cl\/web\/wp-json\/wp\/v2\/posts\/11777\/revisions"}],"predecessor-version":[{"id":11780,"href":"https:\/\/temucotelevision.cl\/web\/wp-json\/wp\/v2\/posts\/11777\/revisions\/11780"}],"wp:featuredmedia":[{"embeddable":true,"href":"https:\/\/temucotelevision.cl\/web\/wp-json\/wp\/v2\/media\/11778"}],"wp:attachment":[{"href":"https:\/\/temucotelevision.cl\/web\/wp-json\/wp\/v2\/media?parent=11777"}],"wp:term":[{"taxonomy":"category","embeddable":true,"href":"https:\/\/temucotelevision.cl\/web\/wp-json\/wp\/v2\/categories?post=11777"},{"taxonomy":"post_tag","embeddable":true,"href":"https:\/\/temucotelevision.cl\/web\/wp-json\/wp\/v2\/tags?post=11777"}],"curies":[{"name":"wp","href":"https:\/\/api.w.org\/{rel}","templated":true}]}}