{"id":11775,"date":"2020-06-25T16:18:00","date_gmt":"2020-06-25T19:18:00","guid":{"rendered":"https:\/\/temucotelevision.cl\/web\/?p=11775"},"modified":"2020-06-25T16:18:02","modified_gmt":"2020-06-25T19:18:02","slug":"comienza-el-segundo-pago-del-ingreso-familiar-de-emergencia-con-nuevos-montos-tras-acuerdo%ef%bb%bf","status":"publish","type":"post","link":"https:\/\/temucotelevision.cl\/web\/2020\/06\/25\/comienza-el-segundo-pago-del-ingreso-familiar-de-emergencia-con-nuevos-montos-tras-acuerdo%ef%bb%bf\/","title":{"rendered":"Comienza el segundo pago del Ingreso Familiar de Emergencia con nuevos montos tras acuerdo\ufeff"},"content":{"rendered":"<div class=\"pvc_clear\"><\/div><p id=\"pvc_stats_11775\" class=\"pvc_stats total_only  \" data-element-id=\"11775\" style=\"\"><i class=\"pvc-stats-icon large\" aria-hidden=\"true\"><svg aria-hidden=\"true\" focusable=\"false\" data-prefix=\"far\" data-icon=\"chart-bar\" role=\"img\" xmlns=\"http:\/\/www.w3.org\/2000\/svg\" viewBox=\"0 0 512 512\" class=\"svg-inline--fa fa-chart-bar fa-w-16 fa-2x\"><path fill=\"currentColor\" d=\"M396.8 352h22.4c6.4 0 12.8-6.4 12.8-12.8V108.8c0-6.4-6.4-12.8-12.8-12.8h-22.4c-6.4 0-12.8 6.4-12.8 12.8v230.4c0 6.4 6.4 12.8 12.8 12.8zm-192 0h22.4c6.4 0 12.8-6.4 12.8-12.8V140.8c0-6.4-6.4-12.8-12.8-12.8h-22.4c-6.4 0-12.8 6.4-12.8 12.8v198.4c0 6.4 6.4 12.8 12.8 12.8zm96 0h22.4c6.4 0 12.8-6.4 12.8-12.8V204.8c0-6.4-6.4-12.8-12.8-12.8h-22.4c-6.4 0-12.8 6.4-12.8 12.8v134.4c0 6.4 6.4 12.8 12.8 12.8zM496 400H48V80c0-8.84-7.16-16-16-16H16C7.16 64 0 71.16 0 80v336c0 17.67 14.33 32 32 32h464c8.84 0 16-7.16 16-16v-16c0-8.84-7.16-16-16-16zm-387.2-48h22.4c6.4 0 12.8-6.4 12.8-12.8v-70.4c0-6.4-6.4-12.8-12.8-12.8h-22.4c-6.4 0-12.8 6.4-12.8 12.8v70.4c0 6.4 6.4 12.8 12.8 12.8z\" class=\"\"><\/path><\/svg><\/i> <img loading=\"lazy\" decoding=\"async\" width=\"16\" height=\"16\" alt=\"Loading\" src=\"https:\/\/temucotelevision.cl\/web\/wp-content\/plugins\/page-views-count\/ajax-loader-2x.gif\" border=0 \/><\/p><div class=\"pvc_clear\"><\/div>\n<p>El Ministro de Desarrollo Social y Familia, Cristi\u00e1n Monckeberg, se reuni\u00f3 hoy con familias beneficiarias del Ingreso Familiar de Emergencia (IFE), beneficio que a partir de hoy ya incorpora los cambios introducidos que aumentan los montos y cobertura de este apoyo.<\/p>\n\n\n\n<p>En la videoconferencia, donde particip\u00f3 tambi\u00e9n el Presidente Sebasti\u00e1n Pi\u00f1era, conversaron con dos jefas de hogar quienes contaron la situaci\u00f3n actualmente enfrentan sus familias y la importancia del IFE.<\/p>\n\n\n\n<p>Hoy comenz\u00f3 el pago del IFE para un primer grupo de las familias que tienen ingresos informales, llegando a 404.530 hogares que recibir\u00e1n el segundo pago de este apoyo.<\/p>\n\n\n\n<p>&#8220;Este es el primer pago con los nuevos montos del Nuevo Ingreso Familiar de Emergencia. Son $100 mil pesos por integrante en un hogar de hasta cuatro personas. Le estamos pagando a 400 mil familias de las que ya ten\u00edamos informaci\u00f3n de pago, que hab\u00edan recibido beneficios del Estado y que viv\u00edan solo de ingresos formales, por tanto, son las familias m\u00e1s necesitadas\u201d, sostuvo el ministro Monckeberg .<\/p>\n\n\n\n<p>El ministro destac\u00f3 que en paralelo hay varios procesos ocurriendo para que lleguemos a m\u00e1s hogares: \u201cAmpliamos el plazo para que apelen quienes no recibieron el primer pago, para que nos cuenten que perdieron sus ingresos y tambi\u00e9n ampliamos el plazo para postular al segundo pago, para quienes no postularon al beneficio y ahora lo pueden hacer. Importante recordarles que actualicen sus ingresos, la \u00faltima palabra la tiene el ciudadano&#8221;.<\/p>\n\n\n\n<p>Por su parte la Subsecretaria Candia se\u00f1al\u00f3 que \u201cla entrega de este beneficio, que representa una tremenda ayuda para familias que han perdido sus ingresos y que lo est\u00e1n pasando muy mal en esta pandemia generada por el covid\u201d.<\/p>\n\n\n\n<p>El Subsecretario de Servicios Sociales destac\u00f3 el esp\u00edritu de di\u00e1logo que prim\u00f3 en los cambios al IFE, se\u00f1alando que este \u201ces fruto de un acuerdo que pudimos ver concretarse en el Congreso con gran sentido de urgencia, con una tramitaci\u00f3n de una semana que en tiempos legislativos es muy r\u00e1pido. Agradecer nuevamente el compromiso de todos los sectores para que hoy estemos llegando con este beneficio con el nuevo monto a fin de que las familias que lo necesitan puedan enfrentar de mejor forma este periodo de crisis y proteger su salud&#8221;.<\/p>\n\n\n\n<p><strong>A partir hoy reciben el IFE los hogares:<\/strong><\/p>\n\n\n\n<ul class=\"wp-block-list\"><li>Sin ingresos formales<\/li><li>Que ya han recibido beneficios del Estado<\/li><li>Familias donde ya existe su informaci\u00f3n de pagoDe los m\u00e1s de 400 mil hogares que comenzar\u00e1n a recibir este segundo pago a partir de hoy, 1.345.195 personas, de los cuales 812.805 son mujeres, mientras que casi el 69% corresponde a regiones.<strong>\u00bfHasta cu\u00e1ndo se puede postular al segundo pago?<\/strong>La nueva ley ampli\u00f3 el plazo hasta el 9 de julio.El segundo grupo recibir\u00e1 pagos sucesivos hasta el 10 de julio considerando a:<\/li><\/ul>\n\n\n\n<ul class=\"wp-block-list\"><li>Hogares con ingresos formales bajo el umbral establecido.<\/li><li>Quienes tienen ingresos formales y recibieron el primer pago autom\u00e1tico. Su beneficio ser\u00e1 recalculado al alza, es decir, con los nuevos montos del IFE.<\/li><\/ul>\n\n\n\n<ul class=\"wp-block-list\"><li>Pensiones B\u00e1sicas Solidarias de Vejez y Pensiones B\u00e1sicas Solidarias de Invalidez.<\/li><li>Quienes postulen antes del 29 de junio.<\/li><\/ul>\n","protected":false},"excerpt":{"rendered":"<div class=\"pvc_clear\"><\/div>\n<p id=\"pvc_stats_11775\" class=\"pvc_stats total_only  \" data-element-id=\"11775\" style=\"\"><i class=\"pvc-stats-icon large\" aria-hidden=\"true\"><svg aria-hidden=\"true\" focusable=\"false\" data-prefix=\"far\" data-icon=\"chart-bar\" role=\"img\" xmlns=\"http:\/\/www.w3.org\/2000\/svg\" viewBox=\"0 0 512 512\" class=\"svg-inline--fa fa-chart-bar fa-w-16 fa-2x\"><path fill=\"currentColor\" d=\"M396.8 352h22.4c6.4 0 12.8-6.4 12.8-12.8V108.8c0-6.4-6.4-12.8-12.8-12.8h-22.4c-6.4 0-12.8 6.4-12.8 12.8v230.4c0 6.4 6.4 12.8 12.8 12.8zm-192 0h22.4c6.4 0 12.8-6.4 12.8-12.8V140.8c0-6.4-6.4-12.8-12.8-12.8h-22.4c-6.4 0-12.8 6.4-12.8 12.8v198.4c0 6.4 6.4 12.8 12.8 12.8zm96 0h22.4c6.4 0 12.8-6.4 12.8-12.8V204.8c0-6.4-6.4-12.8-12.8-12.8h-22.4c-6.4 0-12.8 6.4-12.8 12.8v134.4c0 6.4 6.4 12.8 12.8 12.8zM496 400H48V80c0-8.84-7.16-16-16-16H16C7.16 64 0 71.16 0 80v336c0 17.67 14.33 32 32 32h464c8.84 0 16-7.16 16-16v-16c0-8.84-7.16-16-16-16zm-387.2-48h22.4c6.4 0 12.8-6.4 12.8-12.8v-70.4c0-6.4-6.4-12.8-12.8-12.8h-22.4c-6.4 0-12.8 6.4-12.8 12.8v70.4c0 6.4 6.4 12.8 12.8 12.8z\" class=\"\"><\/path><\/svg><\/i> <img loading=\"lazy\" decoding=\"async\" width=\"16\" height=\"16\" alt=\"Loading\" src=\"https:\/\/temucotelevision.cl\/web\/wp-content\/plugins\/page-views-count\/ajax-loader-2x.gif\" border=0 \/><\/p>\n<div class=\"pvc_clear\"><\/div>\n<p>El Ministro de Desarrollo Social y Familia, Cristi\u00e1n Monckeberg, se reuni\u00f3 hoy con familias beneficiarias del Ingreso Familiar de Emergencia<\/p>\n","protected":false},"author":1,"featured_media":9926,"comment_status":"open","ping_status":"open","sticky":false,"template":"","format":"standard","meta":{"colormag_page_container_layout":"default_layout","colormag_page_sidebar_layout":"default_layout","footnotes":""},"categories":[15],"tags":[321,206,810],"class_list":["post-11775","post","type-post","status-publish","format-standard","has-post-thumbnail","hentry","category-la-araucania","tag-emergencia","tag-gobierno","tag-pago"],"a3_pvc":{"activated":true,"total_views":28,"today_views":0},"_links":{"self":[{"href":"https:\/\/temucotelevision.cl\/web\/wp-json\/wp\/v2\/posts\/11775","targetHints":{"allow":["GET"]}}],"collection":[{"href":"https:\/\/temucotelevision.cl\/web\/wp-json\/wp\/v2\/posts"}],"about":[{"href":"https:\/\/temucotelevision.cl\/web\/wp-json\/wp\/v2\/types\/post"}],"author":[{"embeddable":true,"href":"https:\/\/temucotelevision.cl\/web\/wp-json\/wp\/v2\/users\/1"}],"replies":[{"embeddable":true,"href":"https:\/\/temucotelevision.cl\/web\/wp-json\/wp\/v2\/comments?post=11775"}],"version-history":[{"count":1,"href":"https:\/\/temucotelevision.cl\/web\/wp-json\/wp\/v2\/posts\/11775\/revisions"}],"predecessor-version":[{"id":11776,"href":"https:\/\/temucotelevision.cl\/web\/wp-json\/wp\/v2\/posts\/11775\/revisions\/11776"}],"wp:featuredmedia":[{"embeddable":true,"href":"https:\/\/temucotelevision.cl\/web\/wp-json\/wp\/v2\/media\/9926"}],"wp:attachment":[{"href":"https:\/\/temucotelevision.cl\/web\/wp-json\/wp\/v2\/media?parent=11775"}],"wp:term":[{"taxonomy":"category","embeddable":true,"href":"https:\/\/temucotelevision.cl\/web\/wp-json\/wp\/v2\/categories?post=11775"},{"taxonomy":"post_tag","embeddable":true,"href":"https:\/\/temucotelevision.cl\/web\/wp-json\/wp\/v2\/tags?post=11775"}],"curies":[{"name":"wp","href":"https:\/\/api.w.org\/{rel}","templated":true}]}}