{"id":11769,"date":"2020-06-25T16:08:36","date_gmt":"2020-06-25T19:08:36","guid":{"rendered":"https:\/\/temucotelevision.cl\/web\/?p=11769"},"modified":"2020-06-25T16:22:27","modified_gmt":"2020-06-25T19:22:27","slug":"alcalde-de-collipulli-inicia-plan-de-alimentacion-para-campamentos-del-sector-urbano-y-rural-%ef%bb%bf","status":"publish","type":"post","link":"https:\/\/temucotelevision.cl\/web\/2020\/06\/25\/alcalde-de-collipulli-inicia-plan-de-alimentacion-para-campamentos-del-sector-urbano-y-rural-%ef%bb%bf\/","title":{"rendered":"Alcalde de Collipulli inicia plan de alimentaci\u00f3n para campamentos del sector urbano y rural \ufeff"},"content":{"rendered":"<div class=\"pvc_clear\"><\/div><p id=\"pvc_stats_11769\" class=\"pvc_stats total_only  \" data-element-id=\"11769\" style=\"\"><i class=\"pvc-stats-icon large\" aria-hidden=\"true\"><svg aria-hidden=\"true\" focusable=\"false\" data-prefix=\"far\" data-icon=\"chart-bar\" role=\"img\" xmlns=\"http:\/\/www.w3.org\/2000\/svg\" viewBox=\"0 0 512 512\" class=\"svg-inline--fa fa-chart-bar fa-w-16 fa-2x\"><path fill=\"currentColor\" d=\"M396.8 352h22.4c6.4 0 12.8-6.4 12.8-12.8V108.8c0-6.4-6.4-12.8-12.8-12.8h-22.4c-6.4 0-12.8 6.4-12.8 12.8v230.4c0 6.4 6.4 12.8 12.8 12.8zm-192 0h22.4c6.4 0 12.8-6.4 12.8-12.8V140.8c0-6.4-6.4-12.8-12.8-12.8h-22.4c-6.4 0-12.8 6.4-12.8 12.8v198.4c0 6.4 6.4 12.8 12.8 12.8zm96 0h22.4c6.4 0 12.8-6.4 12.8-12.8V204.8c0-6.4-6.4-12.8-12.8-12.8h-22.4c-6.4 0-12.8 6.4-12.8 12.8v134.4c0 6.4 6.4 12.8 12.8 12.8zM496 400H48V80c0-8.84-7.16-16-16-16H16C7.16 64 0 71.16 0 80v336c0 17.67 14.33 32 32 32h464c8.84 0 16-7.16 16-16v-16c0-8.84-7.16-16-16-16zm-387.2-48h22.4c6.4 0 12.8-6.4 12.8-12.8v-70.4c0-6.4-6.4-12.8-12.8-12.8h-22.4c-6.4 0-12.8 6.4-12.8 12.8v70.4c0 6.4 6.4 12.8 12.8 12.8z\" class=\"\"><\/path><\/svg><\/i> <img loading=\"lazy\" decoding=\"async\" width=\"16\" height=\"16\" alt=\"Loading\" src=\"https:\/\/temucotelevision.cl\/web\/wp-content\/plugins\/page-views-count\/ajax-loader-2x.gif\" border=0 \/><\/p><div class=\"pvc_clear\"><\/div>\n<p>Se trata de una nueva iniciativa para las familias de los seis campamentos de la comuna de Collipulli, quienes sufren complicados momentos econ\u00f3micos por la crisis sanitaria que vive el pa\u00eds.&nbsp;<\/p>\n\n\n\n<p>Un n\u00famero no menor de campamentos del sector urbano y rural de la ciudad de los puentes, &nbsp;contar\u00e1n con dos meses de mercader\u00eda para realizar almuerzos comunitarios entre sus pares, donde funcionarios de la Municipalidad de Collipulli, guiados por su alcalde Manuel Macaya Ram\u00edrez, tendr\u00e1n la misi\u00f3n de distribuir cada viernes los alimentos.&nbsp;<\/p>\n\n\n\n<p>Este beneficio contiene insumos altamente nutritivos y variados, que no s\u00f3lo se enfocan en alimentos no perecibles, sino que adem\u00e1s cuenta con verduras y hortalizas, a fin de fortalecer el sistema inmunol\u00f3gico de las familias con asentamientos irregulares, que est\u00e1n sufriendo los efectos de la pandemia.&nbsp;<\/p>\n\n\n\n<p>De acuerdo a lo planificado por el edil collipullense y su equipo de trabajo, tendr\u00e1 un tiempo estimado, pero seg\u00fan la informaci\u00f3n proporcionada por el municipio, la iniciativa se podr\u00e1 evaluar seg\u00fan las demandas y recursos.<\/p>\n\n\n\n<p>Por su parte, el alcalde de Collipulli, Manuel Macaya Ram\u00edrez, expres\u00f3&nbsp;<em>\u201cSomos conscientes de la compleja situaci\u00f3n que est\u00e1n viviendo muchas familias de estas tierras coloradas, pero tambi\u00e9n es evidente que los recursos municipales son insuficientes para poder abarcar a toda la poblaci\u00f3n. Sin embargo, hemos hecho un esfuerzo importante en esta oportunidad, ya que como servidores p\u00fablicos, tenemos la obligaci\u00f3n de ir en ayuda de nuestra gente que m\u00e1s nos necesita, y para ellos estamos trabajando inalcanzablemente\u201d. &nbsp;<\/em><\/p>\n\n\n\n<p>Cabe mencionar, que desde el principio de la crisis sanitaria, la actual administraci\u00f3n municipal de Collipulli, se ha enfocado principalmente en atender asuntos sociales que est\u00e1n dentro de un cierto grado de vulnerabilidad. No obstante, esta nueva metodolog\u00eda fue dirigida hacia las personas que est\u00e1n fuera de los beneficios que entrega el estado.<\/p>\n\n\n\n<p>Finalmente, durante la jornada del d\u00eda mi\u00e9rcoles, se conoci\u00f3 una campa\u00f1a solidaria, impulsada por el jefe comunal, la que fue apoyada por la Primera Compa\u00f1\u00eda de Bomberos de Collipulli y el Supermercado Unimarc,&nbsp;que busca reunir alimentos no perecibles,&nbsp;y donde adem\u00e1s&nbsp;existe la intenci\u00f3n de integrar a otros establecimientos comerciales.&nbsp;<\/p>\n","protected":false},"excerpt":{"rendered":"<div class=\"pvc_clear\"><\/div>\n<p id=\"pvc_stats_11769\" class=\"pvc_stats total_only  \" data-element-id=\"11769\" style=\"\"><i class=\"pvc-stats-icon large\" aria-hidden=\"true\"><svg aria-hidden=\"true\" focusable=\"false\" data-prefix=\"far\" data-icon=\"chart-bar\" role=\"img\" xmlns=\"http:\/\/www.w3.org\/2000\/svg\" viewBox=\"0 0 512 512\" class=\"svg-inline--fa fa-chart-bar fa-w-16 fa-2x\"><path fill=\"currentColor\" d=\"M396.8 352h22.4c6.4 0 12.8-6.4 12.8-12.8V108.8c0-6.4-6.4-12.8-12.8-12.8h-22.4c-6.4 0-12.8 6.4-12.8 12.8v230.4c0 6.4 6.4 12.8 12.8 12.8zm-192 0h22.4c6.4 0 12.8-6.4 12.8-12.8V140.8c0-6.4-6.4-12.8-12.8-12.8h-22.4c-6.4 0-12.8 6.4-12.8 12.8v198.4c0 6.4 6.4 12.8 12.8 12.8zm96 0h22.4c6.4 0 12.8-6.4 12.8-12.8V204.8c0-6.4-6.4-12.8-12.8-12.8h-22.4c-6.4 0-12.8 6.4-12.8 12.8v134.4c0 6.4 6.4 12.8 12.8 12.8zM496 400H48V80c0-8.84-7.16-16-16-16H16C7.16 64 0 71.16 0 80v336c0 17.67 14.33 32 32 32h464c8.84 0 16-7.16 16-16v-16c0-8.84-7.16-16-16-16zm-387.2-48h22.4c6.4 0 12.8-6.4 12.8-12.8v-70.4c0-6.4-6.4-12.8-12.8-12.8h-22.4c-6.4 0-12.8 6.4-12.8 12.8v70.4c0 6.4 6.4 12.8 12.8 12.8z\" class=\"\"><\/path><\/svg><\/i> <img loading=\"lazy\" decoding=\"async\" width=\"16\" height=\"16\" alt=\"Loading\" src=\"https:\/\/temucotelevision.cl\/web\/wp-content\/plugins\/page-views-count\/ajax-loader-2x.gif\" border=0 \/><\/p>\n<div class=\"pvc_clear\"><\/div>\n<p>Se trata de una nueva iniciativa para las familias de los seis campamentos de la comuna de Collipulli, quienes sufren<\/p>\n","protected":false},"author":1,"featured_media":11771,"comment_status":"open","ping_status":"open","sticky":false,"template":"","format":"standard","meta":{"colormag_page_container_layout":"default_layout","colormag_page_sidebar_layout":"default_layout","footnotes":""},"categories":[15],"tags":[1673,205],"class_list":["post-11769","post","type-post","status-publish","format-standard","has-post-thumbnail","hentry","category-la-araucania","tag-campamento","tag-plan"],"a3_pvc":{"activated":true,"total_views":29,"today_views":0},"_links":{"self":[{"href":"https:\/\/temucotelevision.cl\/web\/wp-json\/wp\/v2\/posts\/11769","targetHints":{"allow":["GET"]}}],"collection":[{"href":"https:\/\/temucotelevision.cl\/web\/wp-json\/wp\/v2\/posts"}],"about":[{"href":"https:\/\/temucotelevision.cl\/web\/wp-json\/wp\/v2\/types\/post"}],"author":[{"embeddable":true,"href":"https:\/\/temucotelevision.cl\/web\/wp-json\/wp\/v2\/users\/1"}],"replies":[{"embeddable":true,"href":"https:\/\/temucotelevision.cl\/web\/wp-json\/wp\/v2\/comments?post=11769"}],"version-history":[{"count":1,"href":"https:\/\/temucotelevision.cl\/web\/wp-json\/wp\/v2\/posts\/11769\/revisions"}],"predecessor-version":[{"id":11772,"href":"https:\/\/temucotelevision.cl\/web\/wp-json\/wp\/v2\/posts\/11769\/revisions\/11772"}],"wp:featuredmedia":[{"embeddable":true,"href":"https:\/\/temucotelevision.cl\/web\/wp-json\/wp\/v2\/media\/11771"}],"wp:attachment":[{"href":"https:\/\/temucotelevision.cl\/web\/wp-json\/wp\/v2\/media?parent=11769"}],"wp:term":[{"taxonomy":"category","embeddable":true,"href":"https:\/\/temucotelevision.cl\/web\/wp-json\/wp\/v2\/categories?post=11769"},{"taxonomy":"post_tag","embeddable":true,"href":"https:\/\/temucotelevision.cl\/web\/wp-json\/wp\/v2\/tags?post=11769"}],"curies":[{"name":"wp","href":"https:\/\/api.w.org\/{rel}","templated":true}]}}