{"id":11766,"date":"2020-06-25T15:00:07","date_gmt":"2020-06-25T18:00:07","guid":{"rendered":"https:\/\/temucotelevision.cl\/web\/?p=11766"},"modified":"2020-06-25T15:00:09","modified_gmt":"2020-06-25T18:00:09","slug":"bancoestado-acoge-demandas-de-diputado-ricardo-celis-por-atencion-mas-humanitaria-de-clientes-en-contexto-de-pandemia","status":"publish","type":"post","link":"https:\/\/temucotelevision.cl\/web\/2020\/06\/25\/bancoestado-acoge-demandas-de-diputado-ricardo-celis-por-atencion-mas-humanitaria-de-clientes-en-contexto-de-pandemia\/","title":{"rendered":"BancoEstado acoge demandas de Diputado Ricardo Celis por atenci\u00f3n m\u00e1s humanitaria de clientes en contexto de pandemia"},"content":{"rendered":"<div class=\"pvc_clear\"><\/div><p id=\"pvc_stats_11766\" class=\"pvc_stats total_only  \" data-element-id=\"11766\" style=\"\"><i class=\"pvc-stats-icon large\" aria-hidden=\"true\"><svg aria-hidden=\"true\" focusable=\"false\" data-prefix=\"far\" data-icon=\"chart-bar\" role=\"img\" xmlns=\"http:\/\/www.w3.org\/2000\/svg\" viewBox=\"0 0 512 512\" class=\"svg-inline--fa fa-chart-bar fa-w-16 fa-2x\"><path fill=\"currentColor\" d=\"M396.8 352h22.4c6.4 0 12.8-6.4 12.8-12.8V108.8c0-6.4-6.4-12.8-12.8-12.8h-22.4c-6.4 0-12.8 6.4-12.8 12.8v230.4c0 6.4 6.4 12.8 12.8 12.8zm-192 0h22.4c6.4 0 12.8-6.4 12.8-12.8V140.8c0-6.4-6.4-12.8-12.8-12.8h-22.4c-6.4 0-12.8 6.4-12.8 12.8v198.4c0 6.4 6.4 12.8 12.8 12.8zm96 0h22.4c6.4 0 12.8-6.4 12.8-12.8V204.8c0-6.4-6.4-12.8-12.8-12.8h-22.4c-6.4 0-12.8 6.4-12.8 12.8v134.4c0 6.4 6.4 12.8 12.8 12.8zM496 400H48V80c0-8.84-7.16-16-16-16H16C7.16 64 0 71.16 0 80v336c0 17.67 14.33 32 32 32h464c8.84 0 16-7.16 16-16v-16c0-8.84-7.16-16-16-16zm-387.2-48h22.4c6.4 0 12.8-6.4 12.8-12.8v-70.4c0-6.4-6.4-12.8-12.8-12.8h-22.4c-6.4 0-12.8 6.4-12.8 12.8v70.4c0 6.4 6.4 12.8 12.8 12.8z\" class=\"\"><\/path><\/svg><\/i> <img loading=\"lazy\" decoding=\"async\" width=\"16\" height=\"16\" alt=\"Loading\" src=\"https:\/\/temucotelevision.cl\/web\/wp-content\/plugins\/page-views-count\/ajax-loader-2x.gif\" border=0 \/><\/p><div class=\"pvc_clear\"><\/div>\n<p>Como exitosa calific\u00f3 el diputado por La Araucan\u00eda Ricardo Celis la reuni\u00f3n sostenida con el subgerente regional de BancoEstado Nicol\u00e1s Vel\u00e1squez, donde le solicit\u00f3 la implementaci\u00f3n de medidas para una mejor atenci\u00f3n de personas que asisten a las sucursales de BancoEstado en el contexto de la pandemia en la regi\u00f3n de La Araucan\u00eda.<\/p>\n\n\n\n<p>La cita, en donde estuvo acompa\u00f1ado del Consejero Regional Alejandro Mondaca y el Concejal por Temuco Esteban Barriga, culmin\u00f3 con una respuesta positiva a las demandas realizadas por las autoridades. \u201cBancoestado que tiene a su cargo gran parte de los beneficios sociales asociados a la pandemia ha tenido la disposici\u00f3n de atender el llamado a tener una mejor atenci\u00f3n hacia las personas, y esta tiene que ver con aspectos sanitarios y de humanidad\u201d declar\u00f3 Celis una vez finalizada la reuni\u00f3n, se\u00f1alando que se instaurar\u00e1n diversos mecanismos tanto sanitarios como para hacer frente a las duras condiciones clim\u00e1ticas de la zona.&nbsp;<\/p>\n\n\n\n<p>\u201cHemos pedido que exista un rayado en el suelo o alg\u00fan mecanismo para que las personas sepan mantener el distanciamiento social. Adem\u00e1s, va a haber toldos para protegerse del frio y la lluvia, extensiones horarias en las sucursales, y ServiEstado tambi\u00e9n va a atender hasta las seis de la tarde\u201d agreg\u00f3 el parlamentario.&nbsp;<\/p>\n\n\n\n<p>Quien tambi\u00e9n destac\u00f3 la empat\u00eda de la autoridad bancaria fue el Consejero Regional Alejandro Mondaca \u201cFue muy amable el subgerente de BancoEstado, porque conoc\u00eda las necesidades que le fuimos a plantear. Le hicimos distintas propuestas tambi\u00e9n asociadas al cobro por uso de las tarjetas, y se recogieron los puntos y se anunci\u00f3 que se implementar\u00e1n estas medidas en los pr\u00f3ximos d\u00edas.&nbsp; Hay que mencionar que nos entregaron una copia de los cobros asociados al uso de esta tarjeta que vamos a publicar en nuestras redes sociales para que la gente pueda informar sobre ellos. Finaliz\u00f3 el presidente del Consejo Regional.<\/p>\n\n\n\n<p>Cabe se\u00f1alar que esta misma gesti\u00f3n se realizar\u00e1 con los encargados de las distintas sucursales del BancoEstado que se encuentran en comunas, ya que, a juicio del parlamentario, no deben existir diferencias de atenci\u00f3n para los ciudadanos de la capital regional y los de comunas.<\/p>\n","protected":false},"excerpt":{"rendered":"<div class=\"pvc_clear\"><\/div>\n<p id=\"pvc_stats_11766\" class=\"pvc_stats total_only  \" data-element-id=\"11766\" style=\"\"><i class=\"pvc-stats-icon large\" aria-hidden=\"true\"><svg aria-hidden=\"true\" focusable=\"false\" data-prefix=\"far\" data-icon=\"chart-bar\" role=\"img\" xmlns=\"http:\/\/www.w3.org\/2000\/svg\" viewBox=\"0 0 512 512\" class=\"svg-inline--fa fa-chart-bar fa-w-16 fa-2x\"><path fill=\"currentColor\" d=\"M396.8 352h22.4c6.4 0 12.8-6.4 12.8-12.8V108.8c0-6.4-6.4-12.8-12.8-12.8h-22.4c-6.4 0-12.8 6.4-12.8 12.8v230.4c0 6.4 6.4 12.8 12.8 12.8zm-192 0h22.4c6.4 0 12.8-6.4 12.8-12.8V140.8c0-6.4-6.4-12.8-12.8-12.8h-22.4c-6.4 0-12.8 6.4-12.8 12.8v198.4c0 6.4 6.4 12.8 12.8 12.8zm96 0h22.4c6.4 0 12.8-6.4 12.8-12.8V204.8c0-6.4-6.4-12.8-12.8-12.8h-22.4c-6.4 0-12.8 6.4-12.8 12.8v134.4c0 6.4 6.4 12.8 12.8 12.8zM496 400H48V80c0-8.84-7.16-16-16-16H16C7.16 64 0 71.16 0 80v336c0 17.67 14.33 32 32 32h464c8.84 0 16-7.16 16-16v-16c0-8.84-7.16-16-16-16zm-387.2-48h22.4c6.4 0 12.8-6.4 12.8-12.8v-70.4c0-6.4-6.4-12.8-12.8-12.8h-22.4c-6.4 0-12.8 6.4-12.8 12.8v70.4c0 6.4 6.4 12.8 12.8 12.8z\" class=\"\"><\/path><\/svg><\/i> <img loading=\"lazy\" decoding=\"async\" width=\"16\" height=\"16\" alt=\"Loading\" src=\"https:\/\/temucotelevision.cl\/web\/wp-content\/plugins\/page-views-count\/ajax-loader-2x.gif\" border=0 \/><\/p>\n<div class=\"pvc_clear\"><\/div>\n<p>Como exitosa calific\u00f3 el diputado por La Araucan\u00eda Ricardo Celis la reuni\u00f3n sostenida con el subgerente regional de BancoEstado Nicol\u00e1s<\/p>\n","protected":false},"author":1,"featured_media":11767,"comment_status":"open","ping_status":"open","sticky":false,"template":"","format":"standard","meta":{"colormag_page_container_layout":"default_layout","colormag_page_sidebar_layout":"default_layout","footnotes":""},"categories":[84],"tags":[516,154],"class_list":["post-11766","post","type-post","status-publish","format-standard","has-post-thumbnail","hentry","category-politica","tag-clientes","tag-diputado"],"a3_pvc":{"activated":true,"total_views":25,"today_views":0},"_links":{"self":[{"href":"https:\/\/temucotelevision.cl\/web\/wp-json\/wp\/v2\/posts\/11766","targetHints":{"allow":["GET"]}}],"collection":[{"href":"https:\/\/temucotelevision.cl\/web\/wp-json\/wp\/v2\/posts"}],"about":[{"href":"https:\/\/temucotelevision.cl\/web\/wp-json\/wp\/v2\/types\/post"}],"author":[{"embeddable":true,"href":"https:\/\/temucotelevision.cl\/web\/wp-json\/wp\/v2\/users\/1"}],"replies":[{"embeddable":true,"href":"https:\/\/temucotelevision.cl\/web\/wp-json\/wp\/v2\/comments?post=11766"}],"version-history":[{"count":1,"href":"https:\/\/temucotelevision.cl\/web\/wp-json\/wp\/v2\/posts\/11766\/revisions"}],"predecessor-version":[{"id":11768,"href":"https:\/\/temucotelevision.cl\/web\/wp-json\/wp\/v2\/posts\/11766\/revisions\/11768"}],"wp:featuredmedia":[{"embeddable":true,"href":"https:\/\/temucotelevision.cl\/web\/wp-json\/wp\/v2\/media\/11767"}],"wp:attachment":[{"href":"https:\/\/temucotelevision.cl\/web\/wp-json\/wp\/v2\/media?parent=11766"}],"wp:term":[{"taxonomy":"category","embeddable":true,"href":"https:\/\/temucotelevision.cl\/web\/wp-json\/wp\/v2\/categories?post=11766"},{"taxonomy":"post_tag","embeddable":true,"href":"https:\/\/temucotelevision.cl\/web\/wp-json\/wp\/v2\/tags?post=11766"}],"curies":[{"name":"wp","href":"https:\/\/api.w.org\/{rel}","templated":true}]}}