{"id":11758,"date":"2020-06-25T12:02:43","date_gmt":"2020-06-25T15:02:43","guid":{"rendered":"https:\/\/temucotelevision.cl\/web\/?p=11758"},"modified":"2020-06-25T12:02:44","modified_gmt":"2020-06-25T15:02:44","slug":"primer-paciente-que-ingreso-a-caplc-regreso-a-su-domicilio-luego-de-un-ano-hospitalizado%ef%bb%bf","status":"publish","type":"post","link":"https:\/\/temucotelevision.cl\/web\/2020\/06\/25\/primer-paciente-que-ingreso-a-caplc-regreso-a-su-domicilio-luego-de-un-ano-hospitalizado%ef%bb%bf\/","title":{"rendered":"Primer paciente que ingres\u00f3 a CAPLC regres\u00f3 a su domicilio luego de un a\u00f1o hospitalizado\ufeff"},"content":{"rendered":"<div class=\"pvc_clear\"><\/div><p id=\"pvc_stats_11758\" class=\"pvc_stats total_only  \" data-element-id=\"11758\" style=\"\"><i class=\"pvc-stats-icon large\" aria-hidden=\"true\"><svg aria-hidden=\"true\" focusable=\"false\" data-prefix=\"far\" data-icon=\"chart-bar\" role=\"img\" xmlns=\"http:\/\/www.w3.org\/2000\/svg\" viewBox=\"0 0 512 512\" class=\"svg-inline--fa fa-chart-bar fa-w-16 fa-2x\"><path fill=\"currentColor\" d=\"M396.8 352h22.4c6.4 0 12.8-6.4 12.8-12.8V108.8c0-6.4-6.4-12.8-12.8-12.8h-22.4c-6.4 0-12.8 6.4-12.8 12.8v230.4c0 6.4 6.4 12.8 12.8 12.8zm-192 0h22.4c6.4 0 12.8-6.4 12.8-12.8V140.8c0-6.4-6.4-12.8-12.8-12.8h-22.4c-6.4 0-12.8 6.4-12.8 12.8v198.4c0 6.4 6.4 12.8 12.8 12.8zm96 0h22.4c6.4 0 12.8-6.4 12.8-12.8V204.8c0-6.4-6.4-12.8-12.8-12.8h-22.4c-6.4 0-12.8 6.4-12.8 12.8v134.4c0 6.4 6.4 12.8 12.8 12.8zM496 400H48V80c0-8.84-7.16-16-16-16H16C7.16 64 0 71.16 0 80v336c0 17.67 14.33 32 32 32h464c8.84 0 16-7.16 16-16v-16c0-8.84-7.16-16-16-16zm-387.2-48h22.4c6.4 0 12.8-6.4 12.8-12.8v-70.4c0-6.4-6.4-12.8-12.8-12.8h-22.4c-6.4 0-12.8 6.4-12.8 12.8v70.4c0 6.4 6.4 12.8 12.8 12.8z\" class=\"\"><\/path><\/svg><\/i> <img loading=\"lazy\" decoding=\"async\" width=\"16\" height=\"16\" alt=\"Loading\" src=\"https:\/\/temucotelevision.cl\/web\/wp-content\/plugins\/page-views-count\/ajax-loader-2x.gif\" border=0 \/><\/p><div class=\"pvc_clear\"><\/div>\n<p><strong>El paciente de 68 a\u00f1os con ELA alcanz\u00f3 una notable mejor\u00eda que le permiti\u00f3 continuar su tratamiento en casa por medio de gestiones del centro asistencial que permitir\u00e1n el cuidado profesional y un ventilador mec\u00e1nico personal.<\/strong><\/p>\n\n\n\n<p>La apertura del Complejo Asistencial Padre Las Casas en el contexto de la emergencia sanitaria por COVID-19 permiti\u00f3 la cooperaci\u00f3n con los hospitales de la provincia de Caut\u00edn para trasladar pacientes continuando sus tratamientos, y descongestionar los servicios en funci\u00f3n a la demanda de camas. Fue as\u00ed como Pedro Medel, de 68 a\u00f1os, fue el primer paciente que lleg\u00f3 a la Unidad de Paciente Cr\u00edtico luego de m\u00e1s de 10 meses en la UTI del Hospital Regional.<\/p>\n\n\n\n<p>Con un diagn\u00f3stico de esclerosis lateral amiotr\u00f3fica (ELA<strong>)<\/strong>, el equipo de UPC detect\u00f3 adem\u00e1s el desarrollo de un s\u00edndrome de&nbsp;pseudo-obstrucci\u00f3n intestinal cr\u00f3nica&nbsp;(CIPO)&nbsp;y un s\u00edndrome de sobrecrecimiento bacteriano del intestino delgado (SIBO), producto del largo tiempo de postraci\u00f3n, problemas que conllevan a una desnutrici\u00f3n que acentuaron la p\u00e9rdida de masa muscular propias de la esclerosis.<\/p>\n\n\n\n<p>El deterioro del paciente puso a prueba la capacidad de trabajo complementario de la reciente unidad compuesta por m\u00e9dicos, profesionales y t\u00e9cnicos de enfermer\u00eda, kinesi\u00f3logos, nutricionistas, fonoaudi\u00f3logos, que contribuyeron para optimizar la calidad de un manejo integral del paciente.<\/p>\n\n\n\n<p>\u201cControlados el CIPO y SIBO, don Pedro alcanz\u00f3 una notable mejor\u00eda y con ello sus condiciones generales, considerando adem\u00e1s su depresi\u00f3n cr\u00f3nica y el \u00e1nimo y actitud negativa que ten\u00eda en un principio. Esta enfermedad debe ser manejada domiciliariamente, es una de las pocas enfermedades que a nivel mundial se establece que debe ser manejada con ventilaci\u00f3n mec\u00e1nica domiciliaria\u201d, destac\u00f3 el doctor Alb\u00e1n Cortez, internista con especialidad en enfermedades respiratorias del CAPLC.&nbsp;<\/p>\n\n\n\n<p><strong>UPC Humanizada<\/strong><\/p>\n\n\n\n<p>La Unidad de Paciente Cr\u00edtico del CAPLC busca ser una \u201cUCI con coraz\u00f3n\u201d, donde el paciente recibe los cuidados no solo en la parte m\u00e9dica, integrando su contexto social y familiar dentro de la recuperaci\u00f3n del paciente, una motivaci\u00f3n que activ\u00f3 la capacitaci\u00f3n de las personas que estar\u00e1n a cargo de sus cuidados en casa y la integraci\u00f3n a planes que el sistema p\u00fablico de salud dispone para el tratamiento de este tipo de casos.<\/p>\n\n\n\n<p>Gloria Llancavil, pareja de don pedro y la encargada de sus cuidados en domicilio fue capacitada por el equipo de UPC para encargarse de los cuidados domiciliarios, a lo que se sum\u00f3 un apoyo y seguimiento del caso, \u201cCuando me dijeron del alta, tem\u00eda que si no pod\u00eda trabajar por cuidarlo no pod\u00eda mantenernos, y me dieron esta ayuda por medio del sistema de Fonasa. Me estuvieron capacitando para saber c\u00f3mo cuidarlo durante las noches, ya que tendr\u00e1 una persona que lo acompa\u00f1e durante el d\u00eda\u201d.<\/p>\n\n\n\n<p>Respecto a la asistencia por parte del CAPLC, Gloria destaca el resultado de los cuidados y el apoyo complementario, \u201cPedro lo \u00fanico que quer\u00eda era volver, se nota que estar en casa le ayuda a descansar y le ayudar\u00e1 a estar mejor, la atenci\u00f3n fue un cambio grande tuvieron un cuidado \u00fanico. Y ahora por medio de la trabajadora social me est\u00e1n ayudando con las redes de apoyo\u201d.<\/p>\n\n\n\n<p><strong>Hospitalizaci\u00f3n domiciliaria<\/strong><\/p>\n\n\n\n<p>Desde la Unidad de Gesti\u00f3n, Hospitalizaci\u00f3n y Transporte, el encargado Felipe Pain\u00e9n precis\u00f3 que \u201ceste ha sido un trabajo de varias unidades, tenemos una trabajadora social que fue al domicilio del paciente y est\u00e1 acompa\u00f1ando a su pareja para contar con las condiciones que permitan la instalaci\u00f3n del ventilador mec\u00e1nico y la asistencia de profesionales de la salud que visitar\u00e1n al paciente para controlar su salud\u201d.<\/p>\n\n\n\n<p>Cabe precisar que el paciente est\u00e1 en v\u00edas de ingreso al programa AVIA del Ministerio de Salud, que permite brindar apoyo respiratorio para pacientes cr\u00f3nicos en domicilio, mientras que de forma paralela desde el CAPLC presentaron al paciente a una empresa de hospitalizaci\u00f3n externa para que pueda regresar a su domicilio, todo gestionado con recursos de la Unidad de Gesti\u00f3n Centralizada de Camas (UGCC) de la Divisi\u00f3n de Gesti\u00f3n de Redes Asistencial (DIGERA) del Ministerio de Salud.<\/p>\n\n\n\n<p><\/p>\n","protected":false},"excerpt":{"rendered":"<div class=\"pvc_clear\"><\/div>\n<p id=\"pvc_stats_11758\" class=\"pvc_stats total_only  \" data-element-id=\"11758\" style=\"\"><i class=\"pvc-stats-icon large\" aria-hidden=\"true\"><svg aria-hidden=\"true\" focusable=\"false\" data-prefix=\"far\" data-icon=\"chart-bar\" role=\"img\" xmlns=\"http:\/\/www.w3.org\/2000\/svg\" viewBox=\"0 0 512 512\" class=\"svg-inline--fa fa-chart-bar fa-w-16 fa-2x\"><path fill=\"currentColor\" d=\"M396.8 352h22.4c6.4 0 12.8-6.4 12.8-12.8V108.8c0-6.4-6.4-12.8-12.8-12.8h-22.4c-6.4 0-12.8 6.4-12.8 12.8v230.4c0 6.4 6.4 12.8 12.8 12.8zm-192 0h22.4c6.4 0 12.8-6.4 12.8-12.8V140.8c0-6.4-6.4-12.8-12.8-12.8h-22.4c-6.4 0-12.8 6.4-12.8 12.8v198.4c0 6.4 6.4 12.8 12.8 12.8zm96 0h22.4c6.4 0 12.8-6.4 12.8-12.8V204.8c0-6.4-6.4-12.8-12.8-12.8h-22.4c-6.4 0-12.8 6.4-12.8 12.8v134.4c0 6.4 6.4 12.8 12.8 12.8zM496 400H48V80c0-8.84-7.16-16-16-16H16C7.16 64 0 71.16 0 80v336c0 17.67 14.33 32 32 32h464c8.84 0 16-7.16 16-16v-16c0-8.84-7.16-16-16-16zm-387.2-48h22.4c6.4 0 12.8-6.4 12.8-12.8v-70.4c0-6.4-6.4-12.8-12.8-12.8h-22.4c-6.4 0-12.8 6.4-12.8 12.8v70.4c0 6.4 6.4 12.8 12.8 12.8z\" class=\"\"><\/path><\/svg><\/i> <img loading=\"lazy\" decoding=\"async\" width=\"16\" height=\"16\" alt=\"Loading\" src=\"https:\/\/temucotelevision.cl\/web\/wp-content\/plugins\/page-views-count\/ajax-loader-2x.gif\" border=0 \/><\/p>\n<div class=\"pvc_clear\"><\/div>\n<p>El paciente de 68 a\u00f1os con ELA alcanz\u00f3 una notable mejor\u00eda que le permiti\u00f3 continuar su tratamiento en casa por<\/p>\n","protected":false},"author":1,"featured_media":11759,"comment_status":"open","ping_status":"open","sticky":false,"template":"","format":"standard","meta":{"colormag_page_container_layout":"default_layout","colormag_page_sidebar_layout":"default_layout","footnotes":""},"categories":[15],"tags":[2192,2676,416],"class_list":["post-11758","post","type-post","status-publish","format-standard","has-post-thumbnail","hentry","category-la-araucania","tag-complejo","tag-hospitalizado","tag-paciente"],"a3_pvc":{"activated":true,"total_views":26,"today_views":0},"_links":{"self":[{"href":"https:\/\/temucotelevision.cl\/web\/wp-json\/wp\/v2\/posts\/11758","targetHints":{"allow":["GET"]}}],"collection":[{"href":"https:\/\/temucotelevision.cl\/web\/wp-json\/wp\/v2\/posts"}],"about":[{"href":"https:\/\/temucotelevision.cl\/web\/wp-json\/wp\/v2\/types\/post"}],"author":[{"embeddable":true,"href":"https:\/\/temucotelevision.cl\/web\/wp-json\/wp\/v2\/users\/1"}],"replies":[{"embeddable":true,"href":"https:\/\/temucotelevision.cl\/web\/wp-json\/wp\/v2\/comments?post=11758"}],"version-history":[{"count":1,"href":"https:\/\/temucotelevision.cl\/web\/wp-json\/wp\/v2\/posts\/11758\/revisions"}],"predecessor-version":[{"id":11760,"href":"https:\/\/temucotelevision.cl\/web\/wp-json\/wp\/v2\/posts\/11758\/revisions\/11760"}],"wp:featuredmedia":[{"embeddable":true,"href":"https:\/\/temucotelevision.cl\/web\/wp-json\/wp\/v2\/media\/11759"}],"wp:attachment":[{"href":"https:\/\/temucotelevision.cl\/web\/wp-json\/wp\/v2\/media?parent=11758"}],"wp:term":[{"taxonomy":"category","embeddable":true,"href":"https:\/\/temucotelevision.cl\/web\/wp-json\/wp\/v2\/categories?post=11758"},{"taxonomy":"post_tag","embeddable":true,"href":"https:\/\/temucotelevision.cl\/web\/wp-json\/wp\/v2\/tags?post=11758"}],"curies":[{"name":"wp","href":"https:\/\/api.w.org\/{rel}","templated":true}]}}