{"id":11752,"date":"2020-06-25T00:34:05","date_gmt":"2020-06-25T03:34:05","guid":{"rendered":"https:\/\/temucotelevision.cl\/web\/?p=11752"},"modified":"2020-06-25T00:34:06","modified_gmt":"2020-06-25T03:34:06","slug":"temuco-juzgado-de-garantia-decreta-la-prision-preventiva-de-imputado-por-homicidio-y-homicidio-frustrado","status":"publish","type":"post","link":"https:\/\/temucotelevision.cl\/web\/2020\/06\/25\/temuco-juzgado-de-garantia-decreta-la-prision-preventiva-de-imputado-por-homicidio-y-homicidio-frustrado\/","title":{"rendered":"Temuco: Juzgado de Garant\u00eda decreta la prisi\u00f3n preventiva de imputado por homicidio y homicidio frustrado"},"content":{"rendered":"<div class=\"pvc_clear\"><\/div><p id=\"pvc_stats_11752\" class=\"pvc_stats total_only  \" data-element-id=\"11752\" style=\"\"><i class=\"pvc-stats-icon large\" aria-hidden=\"true\"><svg aria-hidden=\"true\" focusable=\"false\" data-prefix=\"far\" data-icon=\"chart-bar\" role=\"img\" xmlns=\"http:\/\/www.w3.org\/2000\/svg\" viewBox=\"0 0 512 512\" class=\"svg-inline--fa fa-chart-bar fa-w-16 fa-2x\"><path fill=\"currentColor\" d=\"M396.8 352h22.4c6.4 0 12.8-6.4 12.8-12.8V108.8c0-6.4-6.4-12.8-12.8-12.8h-22.4c-6.4 0-12.8 6.4-12.8 12.8v230.4c0 6.4 6.4 12.8 12.8 12.8zm-192 0h22.4c6.4 0 12.8-6.4 12.8-12.8V140.8c0-6.4-6.4-12.8-12.8-12.8h-22.4c-6.4 0-12.8 6.4-12.8 12.8v198.4c0 6.4 6.4 12.8 12.8 12.8zm96 0h22.4c6.4 0 12.8-6.4 12.8-12.8V204.8c0-6.4-6.4-12.8-12.8-12.8h-22.4c-6.4 0-12.8 6.4-12.8 12.8v134.4c0 6.4 6.4 12.8 12.8 12.8zM496 400H48V80c0-8.84-7.16-16-16-16H16C7.16 64 0 71.16 0 80v336c0 17.67 14.33 32 32 32h464c8.84 0 16-7.16 16-16v-16c0-8.84-7.16-16-16-16zm-387.2-48h22.4c6.4 0 12.8-6.4 12.8-12.8v-70.4c0-6.4-6.4-12.8-12.8-12.8h-22.4c-6.4 0-12.8 6.4-12.8 12.8v70.4c0 6.4 6.4 12.8 12.8 12.8z\" class=\"\"><\/path><\/svg><\/i> <img loading=\"lazy\" decoding=\"async\" width=\"16\" height=\"16\" alt=\"Loading\" src=\"https:\/\/temucotelevision.cl\/web\/wp-content\/plugins\/page-views-count\/ajax-loader-2x.gif\" border=0 \/><\/p><div class=\"pvc_clear\"><\/div>\n<p>El Juzgado de Garant\u00eda de Temuco dej\u00f3 sujeto a la medida cautelar de prisi\u00f3n preventiva a\u00a0<strong>Estibd Alan Sandoval Rebolledo<\/strong>, imputado por el Ministerio P\u00fablico como autor de los delitos de homicidio consumado y homicidio frustrado. Il\u00edcitos perpetrados el s\u00e1bado 20 de junio reci\u00e9n pasado, en el macrosector Pedro de Valdivia la ciudad.<\/p>\n\n\n\n<p>En la audiencia de formalizaci\u00f3n de la investigaci\u00f3n, realizada por videoconferencia, la magistrada Leticia Rivera Reyes\u00a0orden\u00f3 el ingreso al Centro de Cumplimiento Penitenciario de Temuco de Sandoval Rebolledo, por considerar que la libertad del imputado constituye un peligro para la seguridad de la sociedad, de la v\u00edctima sobreviviente y para el \u00e9xito de la investigaci\u00f3n. Adem\u00e1s, el tribunal fij\u00f3 en cinco meses el plazo de investigaci\u00f3n.<\/p>\n\n\n\n<p>Seg\u00fan el ente persecutor, en horas de la madrugada del domingo 21 de junio de 2020, las v\u00edctimas Alan Cristi\u00e1n Castillo Ulloa y Nelson Alexis Basti\u00e1n Henr\u00edquez Arzola se encontraban en la calle Los Apachetas del macrosector Pedro de Valdivia de la comuna de Temuco, momento en que el imputado Estibd Sandoval Rebolledo, quien se encontraba acompa\u00f1ado de otros individuos, comenz\u00f3 una discusi\u00f3n violenta y luego pas\u00f3 a los golpes. La que se interrumpi\u00f3 cuando un tercero advirti\u00f3 que llamar\u00eda a Carabineros, por lo que el imputado abandon\u00f3 el lugar, para dirigirse a su domicilio, ubicado en calle Guayaquil de la Villa El Salar del mismo sector, siendo seguido por las v\u00edctimas.<\/p>\n\n\n\n<p>Estando las v\u00edctimas en la v\u00eda p\u00fablica, el imputado sali\u00f3 de su domicilio portando un cuchillo, arma que utiliz\u00f3 para atacar a Castillo Ulloa y Henr\u00edquez Arzola. Provoc\u00e1ndole al primero, seg\u00fan preinforme de autopsia, una herida penetrante tor\u00e1cica complicada con lesi\u00f3n cardiaca, lesi\u00f3n que caus\u00f3 su fallecimiento en el lugar; en tanto, Henr\u00edquez Arzola result\u00f3 con una fractura en la b\u00f3veda del cr\u00e1neo, por lo que fue derivado al Hospital Dr. Hern\u00e1n Henr\u00edquez Aravena de Temuco, donde permanece en riesgo vital.<\/p>\n","protected":false},"excerpt":{"rendered":"<div class=\"pvc_clear\"><\/div>\n<p id=\"pvc_stats_11752\" class=\"pvc_stats total_only  \" data-element-id=\"11752\" style=\"\"><i class=\"pvc-stats-icon large\" aria-hidden=\"true\"><svg aria-hidden=\"true\" focusable=\"false\" data-prefix=\"far\" data-icon=\"chart-bar\" role=\"img\" xmlns=\"http:\/\/www.w3.org\/2000\/svg\" viewBox=\"0 0 512 512\" class=\"svg-inline--fa fa-chart-bar fa-w-16 fa-2x\"><path fill=\"currentColor\" d=\"M396.8 352h22.4c6.4 0 12.8-6.4 12.8-12.8V108.8c0-6.4-6.4-12.8-12.8-12.8h-22.4c-6.4 0-12.8 6.4-12.8 12.8v230.4c0 6.4 6.4 12.8 12.8 12.8zm-192 0h22.4c6.4 0 12.8-6.4 12.8-12.8V140.8c0-6.4-6.4-12.8-12.8-12.8h-22.4c-6.4 0-12.8 6.4-12.8 12.8v198.4c0 6.4 6.4 12.8 12.8 12.8zm96 0h22.4c6.4 0 12.8-6.4 12.8-12.8V204.8c0-6.4-6.4-12.8-12.8-12.8h-22.4c-6.4 0-12.8 6.4-12.8 12.8v134.4c0 6.4 6.4 12.8 12.8 12.8zM496 400H48V80c0-8.84-7.16-16-16-16H16C7.16 64 0 71.16 0 80v336c0 17.67 14.33 32 32 32h464c8.84 0 16-7.16 16-16v-16c0-8.84-7.16-16-16-16zm-387.2-48h22.4c6.4 0 12.8-6.4 12.8-12.8v-70.4c0-6.4-6.4-12.8-12.8-12.8h-22.4c-6.4 0-12.8 6.4-12.8 12.8v70.4c0 6.4 6.4 12.8 12.8 12.8z\" class=\"\"><\/path><\/svg><\/i> <img loading=\"lazy\" decoding=\"async\" width=\"16\" height=\"16\" alt=\"Loading\" src=\"https:\/\/temucotelevision.cl\/web\/wp-content\/plugins\/page-views-count\/ajax-loader-2x.gif\" border=0 \/><\/p>\n<div class=\"pvc_clear\"><\/div>\n<p>El Juzgado de Garant\u00eda de Temuco dej\u00f3 sujeto a la medida cautelar de prisi\u00f3n preventiva a\u00a0Estibd Alan Sandoval Rebolledo, imputado<\/p>\n","protected":false},"author":1,"featured_media":6524,"comment_status":"open","ping_status":"open","sticky":false,"template":"","format":"standard","meta":{"colormag_page_container_layout":"default_layout","colormag_page_sidebar_layout":"default_layout","footnotes":""},"categories":[1],"tags":[363,792,979,541],"class_list":["post-11752","post","type-post","status-publish","format-standard","has-post-thumbnail","hentry","category-sin-categoria","tag-homicidio","tag-imputado","tag-juzgado","tag-prision"],"a3_pvc":{"activated":true,"total_views":46,"today_views":0},"_links":{"self":[{"href":"https:\/\/temucotelevision.cl\/web\/wp-json\/wp\/v2\/posts\/11752","targetHints":{"allow":["GET"]}}],"collection":[{"href":"https:\/\/temucotelevision.cl\/web\/wp-json\/wp\/v2\/posts"}],"about":[{"href":"https:\/\/temucotelevision.cl\/web\/wp-json\/wp\/v2\/types\/post"}],"author":[{"embeddable":true,"href":"https:\/\/temucotelevision.cl\/web\/wp-json\/wp\/v2\/users\/1"}],"replies":[{"embeddable":true,"href":"https:\/\/temucotelevision.cl\/web\/wp-json\/wp\/v2\/comments?post=11752"}],"version-history":[{"count":1,"href":"https:\/\/temucotelevision.cl\/web\/wp-json\/wp\/v2\/posts\/11752\/revisions"}],"predecessor-version":[{"id":11753,"href":"https:\/\/temucotelevision.cl\/web\/wp-json\/wp\/v2\/posts\/11752\/revisions\/11753"}],"wp:featuredmedia":[{"embeddable":true,"href":"https:\/\/temucotelevision.cl\/web\/wp-json\/wp\/v2\/media\/6524"}],"wp:attachment":[{"href":"https:\/\/temucotelevision.cl\/web\/wp-json\/wp\/v2\/media?parent=11752"}],"wp:term":[{"taxonomy":"category","embeddable":true,"href":"https:\/\/temucotelevision.cl\/web\/wp-json\/wp\/v2\/categories?post=11752"},{"taxonomy":"post_tag","embeddable":true,"href":"https:\/\/temucotelevision.cl\/web\/wp-json\/wp\/v2\/tags?post=11752"}],"curies":[{"name":"wp","href":"https:\/\/api.w.org\/{rel}","templated":true}]}}